{"id":4134,"date":"2026-09-04T07:55:59","date_gmt":"2026-09-04T07:55:59","guid":{"rendered":"https:\/\/filiawieruszow.bpsieradz.pl\/?p=4134"},"modified":"2026-09-04T07:58:54","modified_gmt":"2026-09-04T07:58:54","slug":"oferta-edukacyjna-na-rok-szkolny-2026-2027","status":"publish","type":"post","link":"https:\/\/filiawieruszow.bpsieradz.pl\/index.php\/2026\/09\/04\/oferta-edukacyjna-na-rok-szkolny-2026-2027\/","title":{"rendered":"Oferta edukacyjna na rok szkolny 2026\/2027"},"content":{"rendered":"\n<p class=\"wp-block-paragraph\"><strong>Edukacja przedszkolna<\/strong><\/p>\n\n\n\n<p class=\"wp-block-paragraph\"><strong><u>Akcje cykliczne i imprezy czytelnicze<\/u><\/strong><\/p>\n\n\n\n<ul class=\"wp-block-list\">\n<li>Narodowe Czytanie &#8211; wrzesie\u0144<\/li>\n\n\n\n<li>Og\u00f3lnopolski Tydzie\u0144 Kariery \u2013 pa\u017adziernik<\/li>\n\n\n\n<li>Happening czytelniczy z okazji Miesi\u0105ca Bibliotek Szkolnych \u2013 pa\u017adziernik<\/li>\n\n\n\n<li>Noc Bibliotek &#8211; pa\u017adziernik<\/li>\n\n\n\n<li>Mi\u0119dzynarodowy Dzie\u0144 Ksi\u0105\u017cki dla Dzieci &#8211; kwiecie\u0144<\/li>\n\n\n\n<li>Tydzie\u0144 Bibliotek \u2013 maj<\/li>\n\n\n\n<li>Czytanie na polanie &#8211; czerwiec<\/li>\n\n\n\n<li>Ca\u0142a Polska Czyta Dzieciom &#8211; czerwiec<\/li>\n\n\n\n<li>Bookcrossing \u2013 czerwiec<\/li>\n<\/ul>\n\n\n\n<p class=\"wp-block-paragraph\"><strong><u>Lekcje biblioteczne<\/u><\/strong><\/p>\n\n\n\n<ol class=\"wp-block-list\">\n<li>Magiczna kraina pe\u0142na ksi\u0105\u017cek\u2026 wystarczy otworzy\u0107 drzwi \u2013 biblioteka zaprasza &nbsp;(spontaniczne spotkania najm\u0142odszych z literatur\u0105). <\/li>\n\n\n\n<li>Jesienne dary.<\/li>\n\n\n\n<li>Dzie\u0144 Kawy.<\/li>\n\n\n\n<li>Opowie\u015bci \u017c\u00f3\u0142wia Franklina \u2013 potrafi\u0119 si\u0119 zachowa\u0107, wiem jak si\u0119 komunikowa\u0107, umiem pracowa\u0107 w grupie.<\/li>\n\n\n\n<li>Zacz\u0119\u0142o si\u0119 od kropki\u2026 rozwijam moje zdolno\u015bci \u2013 Mi\u0119dzynarodowy Dzie\u0144 Kropki.<\/li>\n\n\n\n<li>Emocje i warto\u015bci w naszym \u017cyciu \u2013 literatura dzieci\u0119ca z elementami biblioterapii.<\/li>\n\n\n\n<li>\u015awiat zawod\u00f3w \u2013 czym zajmuj\u0105 si\u0119 doro\u015bli ludzie<strong>.<\/strong><\/li>\n\n\n\n<li>Dzie\u0144 Drzewa.<\/li>\n\n\n\n<li>Dzie\u0144 Kredki \u2013 wierszyki i zabawy w kolorach t\u0119czy.<\/li>\n\n\n\n<li>Dzie\u0144 Postaci z Bajek.<\/li>\n\n\n\n<li>Lokalne podr\u00f3\u017ce misia \u2013 \u015awiatowy Dzie\u0144 Pluszowego Misia.<\/li>\n\n\n\n<li>Miko\u0142ajkowo \u2013 \u015bwi\u0105teczny czas.<\/li>\n\n\n\n<li>Teatrzyk Kamishibai \u2013 bajki do wyboru.<\/li>\n<\/ol>\n\n\n\n<p class=\"wp-block-paragraph\">Zapraszamy r\u00f3wnie\u017c na cykl spotka\u0144 pt. <em>\u201ePoranek z bajk\u0105\u201d<\/em> \u2013 dzieci w okre\u015blonym czasie odwiedzaj\u0105 bibliotek\u0119 lub bibliotekarka odwiedza dzieci.<\/p>\n\n\n\n<p class=\"wp-block-paragraph\">Propozycje wychowawcy: zach\u0119camy do proponowania temat\u00f3w, kt\u00f3re dla Was mo\u017cemy zrealizowa\u0107, prosimy tylko o wcze\u015bniejsze zg\u0142oszenie.<\/p>\n\n\n\n<p class=\"wp-block-paragraph\"><\/p>\n\n\n\n<p class=\"wp-block-paragraph\"><strong>&nbsp;Edukacja wczesnoszkolna<\/strong><\/p>\n\n\n\n<p class=\"wp-block-paragraph\"><strong><u>Akcje cykliczne i imprezy czytelnicze<\/u><\/strong><\/p>\n\n\n\n<ul class=\"wp-block-list\">\n<li>Narodowe Czytanie &#8211; wrzesie\u0144<\/li>\n\n\n\n<li>Og\u00f3lnopolski Tydzie\u0144 Kariery \u2013 pa\u017adziernik<\/li>\n\n\n\n<li>Happening czytelniczy z okazji Miesi\u0105ca Bibliotek Szkolnych \u2013 pa\u017adziernik<\/li>\n\n\n\n<li>Noc Bibliotek &#8211; pa\u017adziernik<\/li>\n\n\n\n<li>Mi\u0119dzynarodowy Dzie\u0144 Ksi\u0105\u017cki dla Dzieci &#8211; kwiecie\u0144<\/li>\n\n\n\n<li>Tydzie\u0144 Bibliotek \u2013 maj<\/li>\n\n\n\n<li>Czytanie na polanie &#8211; czerwiec<\/li>\n\n\n\n<li>Ca\u0142a Polska Czyta Dzieciom &#8211; czerwiec<\/li>\n\n\n\n<li>Bookcrossing \u2013 czerwiec<\/li>\n<\/ul>\n\n\n\n<p class=\"wp-block-paragraph\"><strong><u>Lekcje biblioteczne<\/u><\/strong><\/p>\n\n\n\n<ol class=\"wp-block-list\">\n<li>Jak powstaje ksi\u0105\u017cka? \u2013 pomys\u0142, dzia\u0142anie, gotowa lektura. <\/li>\n\n\n\n<li>Opowie\u015bci \u017c\u00f3\u0142wia Franklina \u2013 potrafi\u0119 si\u0119 zachowa\u0107, wiem jak si\u0119 komunikowa\u0107,  umiem pracowa\u0107 w grupie. <\/li>\n\n\n\n<li>Dzie\u0144 Znaczka Pocztowego.<\/li>\n\n\n\n<li>Zawody, kt\u00f3re znam \u2013 w przysz\u0142o\u015bci chcia\u0142abym \/ chcia\u0142bym zosta\u0107 <\/li>\n\n\n\n<li>Zasady dobrego zachowania w \u017cyciu i pu\u0142apki w Internecie.<\/li>\n\n\n\n<li>Dzie\u0144 Je\u017ca.<\/li>\n\n\n\n<li>Lokalne podr\u00f3\u017ce misia Zbysia \u2013 \u015awiatowy Dzie\u0144 Pluszowego Misia.<\/li>\n\n\n\n<li>\u015awi\u0119ta z literatur\u0105.<\/li>\n\n\n\n<li>Koci \u015bwiat Cukierka \u2013 lektura na weso\u0142o.<\/li>\n\n\n\n<li>Dzie\u0144 Ziemi \u2013 szanujemy, bo to nasz dom.<\/li>\n\n\n\n<li>Wiosenny rozruch \u2013 gimnastyka dla cia\u0142a i gimnastyka dla m\u00f3zgu \u2013 zaj\u0119cia ruchowe z ksi\u0105\u017ck\u0105. <\/li>\n\n\n\n<li>Teatrzyk Kamishibai \u2013 bajki do wyboru. <\/li>\n\n\n\n<li>W \u015bwiecie emocji \u2013 t\u0142umaczymy nasz \u015bwiat z literatur\u0105.<\/li>\n<\/ol>\n\n\n\n<p class=\"wp-block-paragraph\"><\/p>\n\n\n\n<p class=\"wp-block-paragraph\"><strong>Sie\u0107 wsp\u00f3\u0142pracy nauczycieli edukacji wczesnoszkolnej<\/strong><\/p>\n\n\n\n<p class=\"wp-block-paragraph\"><em>Od literki do zdania\u2026 zach\u0119camy do czytania \u2013 <\/em>spotkania informacyjno \u2013 szkoleniowe nauczycieli edukacji wczesnoszkolnej w ramach sieci dzia\u0142aj\u0105cej przy CREW\u0141 w Sieradzu BP Filia w Wieruszowie<\/p>\n\n\n\n<p class=\"wp-block-paragraph\">Propozycje wychowawcy: zach\u0119camy do proponowania temat\u00f3w, kt\u00f3re dla Was mo\u017cemy zrealizowa\u0107, prosimy tylko o wcze\u015bniejsze zg\u0142oszenie.<\/p>\n\n\n\n<p class=\"wp-block-paragraph\"><\/p>\n\n\n\n<p class=\"wp-block-paragraph\"><strong>&nbsp;Edukacja klas IV- VIII<\/strong><\/p>\n\n\n\n<p class=\"wp-block-paragraph\"><strong><u>Akcje cykliczne i imprezy czytelnicze<\/u><\/strong><\/p>\n\n\n\n<ul class=\"wp-block-list\">\n<li>Narodowe Czytanie &#8211; wrzesie\u0144<\/li>\n\n\n\n<li>Og\u00f3lnopolski Tydzie\u0144 Kariery \u2013 pa\u017adziernik<\/li>\n\n\n\n<li>Happening czytelniczy z okazji Miesi\u0105ca Bibliotek Szkolnych \u2013 pa\u017adziernik<\/li>\n\n\n\n<li>Noc Bibliotek &#8211; pa\u017adziernik<\/li>\n\n\n\n<li>Mi\u0119dzynarodowy Dzie\u0144 Ksi\u0105\u017cki dla Dzieci &#8211; kwiecie\u0144<\/li>\n\n\n\n<li>Tydzie\u0144 Bibliotek &#8211; maj<\/li>\n\n\n\n<li>Bookcrossing &#8211; czerwiec<\/li>\n<\/ul>\n\n\n\n<p class=\"wp-block-paragraph\"><strong>Lekcje biblioteczne<\/strong><\/p>\n\n\n\n<ol class=\"wp-block-list\">\n<li>Biblioteka \u2013 znam j\u0105 dobrze \u2013 quizy, zagadki, krzy\u017c\u00f3wki.<\/li>\n\n\n\n<li>Bajkoterapia \u2013 sposobem na trudne zachowania i emocje.<\/li>\n\n\n\n<li>Pasja czy przypadek? \u2013 jaki b\u0119dzie m\u00f3j przysz\u0142y zaw\u00f3d \u2013 kariera okiem ucznia &nbsp;i bibliotekarza.<\/li>\n\n\n\n<li>Savoir-vivre zabieram w domu, szkole i szerokim \u015bwiecie.<\/li>\n\n\n\n<li>Klikam bezpiecznie \u2013 jak dobrze wykorzysta\u0107 zasoby Internetu.<\/li>\n\n\n\n<li>Ruch to zdrowie \u2013 nawet w ma\u0142ej bibliotece \u2013 aktywne zabawy w\u015br\u00f3d ksi\u0105\u017cek.<\/li>\n\n\n\n<li>Poznaj moje motywacje czytelnicze \u2013 dyskusje m\u0142odych czytelnik\u00f3w.<\/li>\n\n\n\n<li>\u015awiatowy Dzie\u0144 Zwierz\u0105t.<\/li>\n\n\n\n<li>Biblioteczne Halloween.<\/li>\n\n\n\n<li>Andrzejkowe wr\u00f3\u017cby w bibliotece.<\/li>\n<\/ol>\n\n\n\n<p class=\"wp-block-paragraph\"><\/p>\n\n\n\n<p class=\"wp-block-paragraph\"><strong>Sie\u0107 wsp\u00f3\u0142pracy nauczycieli bibliotekarzy szkolnych<\/strong><\/p>\n\n\n\n<p class=\"wp-block-paragraph\"><em>Motywowanie ucznia do czytania z wykorzystaniem jego potencja\u0142u \u2013 <\/em>spotkania informacyjno \u2013 szkoleniowe nauczycieli bibliotekarzy w ramach sieci dzia\u0142aj\u0105cej przy CREW\u0141 w Sieradzu BP Filia w Wieruszowie<strong>.<\/strong><\/p>\n\n\n\n<p class=\"wp-block-paragraph\"><\/p>\n\n\n\n<p class=\"wp-block-paragraph\"><strong>Szko\u0142a ponadpodstawowa<\/strong><\/p>\n\n\n\n<p class=\"wp-block-paragraph\"><strong><u>Akcje cykliczne i imprezy czytelnicze<\/u><\/strong><\/p>\n\n\n\n<ul class=\"wp-block-list\">\n<li>Narodowe Czytanie &#8211; wrzesie\u0144<\/li>\n\n\n\n<li>Og\u00f3lnopolski Tydzie\u0144 Kariery \u2013 pa\u017adziernik<\/li>\n\n\n\n<li>Happening czytelniczy z okazji Miesi\u0105ca Bibliotek Szkolnych \u2013 pa\u017adziernik<\/li>\n\n\n\n<li>Noc Bibliotek &#8211; pa\u017adziernik<\/li>\n\n\n\n<li>Tydzie\u0144 Bibliotek &#8211; maj<\/li>\n\n\n\n<li>Bookcrossing \u2013 czerwiec<\/li>\n\n\n\n<li>Czytanie na Polanie<\/li>\n<\/ul>\n\n\n\n<p class=\"wp-block-paragraph\"><strong>Lekcje biblioteczne<\/strong><\/p>\n\n\n\n<ol class=\"wp-block-list\">\n<li>Jak szuka\u0107? \u2013 poznaj katalog on-line Biblioteki Pedagogicznej w Sieradzu wraz z filiami.<\/li>\n\n\n\n<li>Biblioteki w naszym mie\u015bcie: szkolna, pedagogiczna, powiatowa, miejsko-gminna \u2013 co je \u0142\u0105czy, co je r\u00f3\u017cni.<\/li>\n\n\n\n<li>Notatka&nbsp; &#8211; sposobem na skuteczn\u0105 nauk\u0119.<\/li>\n\n\n\n<li>Tydzie\u0144 Zakazanych Ksi\u0105\u017cek \u2013 wolno\u015b\u0107 s\u0142owa i my\u015bli.<\/li>\n\n\n\n<li>M\u00f3j przysz\u0142y zaw\u00f3d \u2013 pasja czy przypadek?<\/li>\n\n\n\n<li>Bezpiecznie w Internecie.<\/li>\n\n\n\n<li>Czytam, bo lubi\u0119, czytam, bo musz\u0119 \u2013 moje motywacje czytelnicze.<\/li>\n\n\n\n<li>Miejsce ksi\u0105\u017cki i Internetu w \u017cyciu ucznia szko\u0142y ponadpodstawowej.<\/li>\n\n\n\n<li>Nastoletnie emocje \u2013 literackie wsparcie zdrowia ucznia.<\/li>\n\n\n\n<li>Agresja r\u00f3wie\u015bnicza \u2013 wspieramy literatur\u0105.<\/li>\n<\/ol>\n\n\n\n<p class=\"wp-block-paragraph\"><\/p>\n\n\n\n<p class=\"wp-block-paragraph\"><strong>Sie\u0107 wsp\u00f3\u0142pracy nauczycieli bibliotekarzy szkolnych<\/strong><\/p>\n\n\n\n<p class=\"wp-block-paragraph\"><em>Motywowanie ucznia do czytania z wykorzystaniem jego potencja\u0142u \u2013 <\/em>spotkania informacyjno \u2013 szkoleniowe nauczycieli bibliotekarzy w ramach sieci dzia\u0142aj\u0105cej przy CREW\u0141 w Sieradzu BP Filia&nbsp; w Wieruszowie<strong>.<\/strong><\/p>\n\n\n\n<p class=\"has-text-align-right wp-block-paragraph\"><strong>Zapraszamy<\/strong><\/p>\n\n\n\n<p class=\"wp-block-paragraph\"><\/p>\n","protected":false},"excerpt":{"rendered":"<p>Edukacja przedszkolna Akcje cykliczne i imprezy czytelnicze Lekcje biblioteczne Zapraszamy r\u00f3wnie\u017c na cykl spotka\u0144 pt. \u201ePoranek z bajk\u0105\u201d \u2013 dzieci w okre\u015blonym czasie odwiedzaj\u0105 bibliotek\u0119 lub bibliotekarka odwiedza dzieci. Propozycje &#8230;<\/p>\n","protected":false},"author":1,"featured_media":4135,"comment_status":"closed","ping_status":"open","sticky":false,"template":"","format":"standard","meta":{"om_disable_all_campaigns":false,"ngg_post_thumbnail":0,"footnotes":""},"categories":[1],"tags":[],"class_list":["post-4134","post","type-post","status-publish","format-standard","has-post-thumbnail","hentry","category-uncategorized"],"aioseo_notices":[],"aioseo_head":"\n\t\t<!-- All in One SEO 4.9.10 - aioseo.com -->\n\t<meta name=\"description\" content=\"Edukacja przedszkolna Akcje cykliczne i imprezy czytelnicze Narodowe Czytanie - wrzesie\u0144 Og\u00f3lnopolski Tydzie\u0144 Kariery \u2013 pa\u017adziernik Happening czytelniczy z okazji Miesi\u0105ca Bibliotek Szkolnych \u2013 pa\u017adziernik Noc Bibliotek - pa\u017adziernik Mi\u0119dzynarodowy Dzie\u0144 Ksi\u0105\u017cki dla Dzieci - kwiecie\u0144 Tydzie\u0144 Bibliotek \u2013 maj Czytanie na polanie - czerwiec Ca\u0142a Polska Czyta Dzieciom - czerwiec Bookcrossing \u2013 czerwiec Lekcje\" \/>\n\t<meta name=\"robots\" content=\"max-image-preview:large\" \/>\n\t<meta name=\"author\" content=\"admin\"\/>\n\t<link rel=\"canonical\" href=\"https:\/\/filiawieruszow.bpsieradz.pl\/index.php\/2026\/09\/04\/oferta-edukacyjna-na-rok-szkolny-2026-2027\/\" \/>\n\t<meta name=\"generator\" content=\"All in One SEO (AIOSEO) 4.9.10\" \/>\n\t\t<meta property=\"og:locale\" content=\"pl_PL\" \/>\n\t\t<meta property=\"og:site_name\" content=\"Biblioteka Pedagogiczna w Sieradzu Filia w Wieruszowie -\" \/>\n\t\t<meta property=\"og:type\" content=\"article\" \/>\n\t\t<meta property=\"og:title\" content=\"Oferta edukacyjna na rok szkolny 2026\/2027\" \/>\n\t\t<meta property=\"og:description\" content=\"Edukacja przedszkolna Akcje cykliczne i imprezy czytelnicze Narodowe Czytanie - wrzesie\u0144 Og\u00f3lnopolski Tydzie\u0144 Kariery \u2013 pa\u017adziernik Happening czytelniczy z okazji Miesi\u0105ca Bibliotek Szkolnych \u2013 pa\u017adziernik Noc Bibliotek - pa\u017adziernik Mi\u0119dzynarodowy Dzie\u0144 Ksi\u0105\u017cki dla Dzieci - kwiecie\u0144 Tydzie\u0144 Bibliotek \u2013 maj Czytanie na polanie - czerwiec Ca\u0142a Polska Czyta Dzieciom - czerwiec Bookcrossing \u2013 czerwiec Lekcje\" \/>\n\t\t<meta property=\"og:url\" content=\"https:\/\/filiawieruszow.bpsieradz.pl\/index.php\/2026\/09\/04\/oferta-edukacyjna-na-rok-szkolny-2026-2027\/\" \/>\n\t\t<meta property=\"og:image\" content=\"https:\/\/filiawieruszow.bpsieradz.pl\/wp-content\/uploads\/2025\/02\/CRE_lodzkie.jpg\" \/>\n\t\t<meta property=\"og:image:secure_url\" content=\"https:\/\/filiawieruszow.bpsieradz.pl\/wp-content\/uploads\/2025\/02\/CRE_lodzkie.jpg\" \/>\n\t\t<meta property=\"article:published_time\" content=\"2026-09-04T07:55:59+00:00\" \/>\n\t\t<meta property=\"article:modified_time\" content=\"2026-09-04T07:58:54+00:00\" \/>\n\t\t<meta name=\"twitter:card\" content=\"summary_large_image\" \/>\n\t\t<meta name=\"twitter:title\" content=\"Oferta edukacyjna na rok szkolny 2026\/2027\" \/>\n\t\t<meta name=\"twitter:description\" content=\"Edukacja przedszkolna Akcje cykliczne i imprezy czytelnicze Narodowe Czytanie - wrzesie\u0144 Og\u00f3lnopolski Tydzie\u0144 Kariery \u2013 pa\u017adziernik Happening czytelniczy z okazji Miesi\u0105ca Bibliotek Szkolnych \u2013 pa\u017adziernik Noc Bibliotek - pa\u017adziernik Mi\u0119dzynarodowy Dzie\u0144 Ksi\u0105\u017cki dla Dzieci - kwiecie\u0144 Tydzie\u0144 Bibliotek \u2013 maj Czytanie na polanie - czerwiec Ca\u0142a Polska Czyta Dzieciom - czerwiec Bookcrossing \u2013 czerwiec Lekcje\" \/>\n\t\t<meta name=\"twitter:image\" content=\"https:\/\/filiawieruszow.bpsieradz.pl\/wp-content\/uploads\/2025\/02\/CRE_lodzkie.jpg\" \/>\n\t\t<script type=\"application\/ld+json\" class=\"aioseo-schema\">\n\t\t\t{\"@context\":\"https:\\\/\\\/schema.org\",\"@graph\":[{\"@type\":\"BlogPosting\",\"@id\":\"https:\\\/\\\/filiawieruszow.bpsieradz.pl\\\/index.php\\\/2026\\\/09\\\/04\\\/oferta-edukacyjna-na-rok-szkolny-2026-2027\\\/#blogposting\",\"name\":\"Oferta edukacyjna na rok szkolny 2026\\\/2027\",\"headline\":\"Oferta edukacyjna na rok szkolny 2026\\\/2027\",\"author\":{\"@id\":\"https:\\\/\\\/filiawieruszow.bpsieradz.pl\\\/index.php\\\/author\\\/admin\\\/#author\"},\"publisher\":{\"@id\":\"https:\\\/\\\/filiawieruszow.bpsieradz.pl\\\/#organization\"},\"image\":{\"@type\":\"ImageObject\",\"url\":\"https:\\\/\\\/filiawieruszow.bpsieradz.pl\\\/wp-content\\\/uploads\\\/2026\\\/09\\\/oferta-edukacyjna.jpg\",\"width\":1536,\"height\":965},\"datePublished\":\"2026-09-04T07:55:59+00:00\",\"dateModified\":\"2026-09-04T07:58:54+00:00\",\"inLanguage\":\"pl-PL\",\"mainEntityOfPage\":{\"@id\":\"https:\\\/\\\/filiawieruszow.bpsieradz.pl\\\/index.php\\\/2026\\\/09\\\/04\\\/oferta-edukacyjna-na-rok-szkolny-2026-2027\\\/#webpage\"},\"isPartOf\":{\"@id\":\"https:\\\/\\\/filiawieruszow.bpsieradz.pl\\\/index.php\\\/2026\\\/09\\\/04\\\/oferta-edukacyjna-na-rok-szkolny-2026-2027\\\/#webpage\"},\"articleSection\":\"Uncategorized\"},{\"@type\":\"BreadcrumbList\",\"@id\":\"https:\\\/\\\/filiawieruszow.bpsieradz.pl\\\/index.php\\\/2026\\\/09\\\/04\\\/oferta-edukacyjna-na-rok-szkolny-2026-2027\\\/#breadcrumblist\",\"itemListElement\":[{\"@type\":\"ListItem\",\"@id\":\"https:\\\/\\\/filiawieruszow.bpsieradz.pl#listItem\",\"position\":1,\"name\":\"Home\",\"item\":\"https:\\\/\\\/filiawieruszow.bpsieradz.pl\",\"nextItem\":{\"@type\":\"ListItem\",\"@id\":\"https:\\\/\\\/filiawieruszow.bpsieradz.pl\\\/index.php\\\/category\\\/uncategorized\\\/#listItem\",\"name\":\"Uncategorized\"}},{\"@type\":\"ListItem\",\"@id\":\"https:\\\/\\\/filiawieruszow.bpsieradz.pl\\\/index.php\\\/category\\\/uncategorized\\\/#listItem\",\"position\":2,\"name\":\"Uncategorized\",\"item\":\"https:\\\/\\\/filiawieruszow.bpsieradz.pl\\\/index.php\\\/category\\\/uncategorized\\\/\",\"nextItem\":{\"@type\":\"ListItem\",\"@id\":\"https:\\\/\\\/filiawieruszow.bpsieradz.pl\\\/index.php\\\/2026\\\/09\\\/04\\\/oferta-edukacyjna-na-rok-szkolny-2026-2027\\\/#listItem\",\"name\":\"Oferta edukacyjna na rok szkolny 2026\\\/2027\"},\"previousItem\":{\"@type\":\"ListItem\",\"@id\":\"https:\\\/\\\/filiawieruszow.bpsieradz.pl#listItem\",\"name\":\"Home\"}},{\"@type\":\"ListItem\",\"@id\":\"https:\\\/\\\/filiawieruszow.bpsieradz.pl\\\/index.php\\\/2026\\\/09\\\/04\\\/oferta-edukacyjna-na-rok-szkolny-2026-2027\\\/#listItem\",\"position\":3,\"name\":\"Oferta edukacyjna na rok szkolny 2026\\\/2027\",\"previousItem\":{\"@type\":\"ListItem\",\"@id\":\"https:\\\/\\\/filiawieruszow.bpsieradz.pl\\\/index.php\\\/category\\\/uncategorized\\\/#listItem\",\"name\":\"Uncategorized\"}}]},{\"@type\":\"Organization\",\"@id\":\"https:\\\/\\\/filiawieruszow.bpsieradz.pl\\\/#organization\",\"name\":\"Biblioteka Pedagogiczna w Sieradzu Filia w Wieruszowie\",\"url\":\"https:\\\/\\\/filiawieruszow.bpsieradz.pl\\\/\",\"logo\":{\"@type\":\"ImageObject\",\"url\":\"https:\\\/\\\/filiawieruszow.bpsieradz.pl\\\/wp-content\\\/uploads\\\/2025\\\/02\\\/CRE_lodzkie.jpg\",\"@id\":\"https:\\\/\\\/filiawieruszow.bpsieradz.pl\\\/index.php\\\/2026\\\/09\\\/04\\\/oferta-edukacyjna-na-rok-szkolny-2026-2027\\\/#organizationLogo\",\"width\":323,\"height\":50},\"image\":{\"@id\":\"https:\\\/\\\/filiawieruszow.bpsieradz.pl\\\/index.php\\\/2026\\\/09\\\/04\\\/oferta-edukacyjna-na-rok-szkolny-2026-2027\\\/#organizationLogo\"}},{\"@type\":\"Person\",\"@id\":\"https:\\\/\\\/filiawieruszow.bpsieradz.pl\\\/index.php\\\/author\\\/admin\\\/#author\",\"url\":\"https:\\\/\\\/filiawieruszow.bpsieradz.pl\\\/index.php\\\/author\\\/admin\\\/\",\"name\":\"admin\",\"image\":{\"@type\":\"ImageObject\",\"@id\":\"https:\\\/\\\/filiawieruszow.bpsieradz.pl\\\/index.php\\\/2026\\\/09\\\/04\\\/oferta-edukacyjna-na-rok-szkolny-2026-2027\\\/#authorImage\",\"url\":\"https:\\\/\\\/secure.gravatar.com\\\/avatar\\\/7c9baecea61c950fa0ace417ade1d91ec20251533a476dc4eb52114bf5576b3a?s=96&d=mm&r=g\",\"width\":96,\"height\":96,\"caption\":\"admin\"}},{\"@type\":\"WebPage\",\"@id\":\"https:\\\/\\\/filiawieruszow.bpsieradz.pl\\\/index.php\\\/2026\\\/09\\\/04\\\/oferta-edukacyjna-na-rok-szkolny-2026-2027\\\/#webpage\",\"url\":\"https:\\\/\\\/filiawieruszow.bpsieradz.pl\\\/index.php\\\/2026\\\/09\\\/04\\\/oferta-edukacyjna-na-rok-szkolny-2026-2027\\\/\",\"name\":\"Oferta edukacyjna na rok szkolny 2026\\\/2027\",\"description\":\"Edukacja przedszkolna Akcje cykliczne i imprezy czytelnicze Narodowe Czytanie - wrzesie\\u0144 Og\\u00f3lnopolski Tydzie\\u0144 Kariery \\u2013 pa\\u017adziernik Happening czytelniczy z okazji Miesi\\u0105ca Bibliotek Szkolnych \\u2013 pa\\u017adziernik Noc Bibliotek - pa\\u017adziernik Mi\\u0119dzynarodowy Dzie\\u0144 Ksi\\u0105\\u017cki dla Dzieci - kwiecie\\u0144 Tydzie\\u0144 Bibliotek \\u2013 maj Czytanie na polanie - czerwiec Ca\\u0142a Polska Czyta Dzieciom - czerwiec Bookcrossing \\u2013 czerwiec Lekcje\",\"inLanguage\":\"pl-PL\",\"isPartOf\":{\"@id\":\"https:\\\/\\\/filiawieruszow.bpsieradz.pl\\\/#website\"},\"breadcrumb\":{\"@id\":\"https:\\\/\\\/filiawieruszow.bpsieradz.pl\\\/index.php\\\/2026\\\/09\\\/04\\\/oferta-edukacyjna-na-rok-szkolny-2026-2027\\\/#breadcrumblist\"},\"author\":{\"@id\":\"https:\\\/\\\/filiawieruszow.bpsieradz.pl\\\/index.php\\\/author\\\/admin\\\/#author\"},\"creator\":{\"@id\":\"https:\\\/\\\/filiawieruszow.bpsieradz.pl\\\/index.php\\\/author\\\/admin\\\/#author\"},\"image\":{\"@type\":\"ImageObject\",\"url\":\"https:\\\/\\\/filiawieruszow.bpsieradz.pl\\\/wp-content\\\/uploads\\\/2026\\\/09\\\/oferta-edukacyjna.jpg\",\"@id\":\"https:\\\/\\\/filiawieruszow.bpsieradz.pl\\\/index.php\\\/2026\\\/09\\\/04\\\/oferta-edukacyjna-na-rok-szkolny-2026-2027\\\/#mainImage\",\"width\":1536,\"height\":965},\"primaryImageOfPage\":{\"@id\":\"https:\\\/\\\/filiawieruszow.bpsieradz.pl\\\/index.php\\\/2026\\\/09\\\/04\\\/oferta-edukacyjna-na-rok-szkolny-2026-2027\\\/#mainImage\"},\"datePublished\":\"2026-09-04T07:55:59+00:00\",\"dateModified\":\"2026-09-04T07:58:54+00:00\"},{\"@type\":\"WebSite\",\"@id\":\"https:\\\/\\\/filiawieruszow.bpsieradz.pl\\\/#website\",\"url\":\"https:\\\/\\\/filiawieruszow.bpsieradz.pl\\\/\",\"name\":\"Biblioteka Pedagogiczna w Sieradzu Filia w Wieruszowie\",\"inLanguage\":\"pl-PL\",\"publisher\":{\"@id\":\"https:\\\/\\\/filiawieruszow.bpsieradz.pl\\\/#organization\"}}]}\n\t\t<\/script>\n\t\t<!-- All in One SEO -->\n\n","aioseo_head_json":{"title":"Oferta edukacyjna na rok szkolny 2026\/2027","description":"Edukacja przedszkolna Akcje cykliczne i imprezy czytelnicze Narodowe Czytanie - wrzesie\u0144 Og\u00f3lnopolski Tydzie\u0144 Kariery \u2013 pa\u017adziernik Happening czytelniczy z okazji Miesi\u0105ca Bibliotek Szkolnych \u2013 pa\u017adziernik Noc Bibliotek - pa\u017adziernik Mi\u0119dzynarodowy Dzie\u0144 Ksi\u0105\u017cki dla Dzieci - kwiecie\u0144 Tydzie\u0144 Bibliotek \u2013 maj Czytanie na polanie - czerwiec Ca\u0142a Polska Czyta Dzieciom - czerwiec Bookcrossing \u2013 czerwiec Lekcje","canonical_url":"https:\/\/filiawieruszow.bpsieradz.pl\/index.php\/2026\/09\/04\/oferta-edukacyjna-na-rok-szkolny-2026-2027\/","robots":"max-image-preview:large","keywords":"","webmasterTools":{"miscellaneous":""},"schema":{"@context":"https:\/\/schema.org","@graph":[{"@type":"BlogPosting","@id":"https:\/\/filiawieruszow.bpsieradz.pl\/index.php\/2026\/09\/04\/oferta-edukacyjna-na-rok-szkolny-2026-2027\/#blogposting","name":"Oferta edukacyjna na rok szkolny 2026\/2027","headline":"Oferta edukacyjna na rok szkolny 2026\/2027","author":{"@id":"https:\/\/filiawieruszow.bpsieradz.pl\/index.php\/author\/admin\/#author"},"publisher":{"@id":"https:\/\/filiawieruszow.bpsieradz.pl\/#organization"},"image":{"@type":"ImageObject","url":"https:\/\/filiawieruszow.bpsieradz.pl\/wp-content\/uploads\/2026\/09\/oferta-edukacyjna.jpg","width":1536,"height":965},"datePublished":"2026-09-04T07:55:59+00:00","dateModified":"2026-09-04T07:58:54+00:00","inLanguage":"pl-PL","mainEntityOfPage":{"@id":"https:\/\/filiawieruszow.bpsieradz.pl\/index.php\/2026\/09\/04\/oferta-edukacyjna-na-rok-szkolny-2026-2027\/#webpage"},"isPartOf":{"@id":"https:\/\/filiawieruszow.bpsieradz.pl\/index.php\/2026\/09\/04\/oferta-edukacyjna-na-rok-szkolny-2026-2027\/#webpage"},"articleSection":"Uncategorized"},{"@type":"BreadcrumbList","@id":"https:\/\/filiawieruszow.bpsieradz.pl\/index.php\/2026\/09\/04\/oferta-edukacyjna-na-rok-szkolny-2026-2027\/#breadcrumblist","itemListElement":[{"@type":"ListItem","@id":"https:\/\/filiawieruszow.bpsieradz.pl#listItem","position":1,"name":"Home","item":"https:\/\/filiawieruszow.bpsieradz.pl","nextItem":{"@type":"ListItem","@id":"https:\/\/filiawieruszow.bpsieradz.pl\/index.php\/category\/uncategorized\/#listItem","name":"Uncategorized"}},{"@type":"ListItem","@id":"https:\/\/filiawieruszow.bpsieradz.pl\/index.php\/category\/uncategorized\/#listItem","position":2,"name":"Uncategorized","item":"https:\/\/filiawieruszow.bpsieradz.pl\/index.php\/category\/uncategorized\/","nextItem":{"@type":"ListItem","@id":"https:\/\/filiawieruszow.bpsieradz.pl\/index.php\/2026\/09\/04\/oferta-edukacyjna-na-rok-szkolny-2026-2027\/#listItem","name":"Oferta edukacyjna na rok szkolny 2026\/2027"},"previousItem":{"@type":"ListItem","@id":"https:\/\/filiawieruszow.bpsieradz.pl#listItem","name":"Home"}},{"@type":"ListItem","@id":"https:\/\/filiawieruszow.bpsieradz.pl\/index.php\/2026\/09\/04\/oferta-edukacyjna-na-rok-szkolny-2026-2027\/#listItem","position":3,"name":"Oferta edukacyjna na rok szkolny 2026\/2027","previousItem":{"@type":"ListItem","@id":"https:\/\/filiawieruszow.bpsieradz.pl\/index.php\/category\/uncategorized\/#listItem","name":"Uncategorized"}}]},{"@type":"Organization","@id":"https:\/\/filiawieruszow.bpsieradz.pl\/#organization","name":"Biblioteka Pedagogiczna w Sieradzu Filia w Wieruszowie","url":"https:\/\/filiawieruszow.bpsieradz.pl\/","logo":{"@type":"ImageObject","url":"https:\/\/filiawieruszow.bpsieradz.pl\/wp-content\/uploads\/2025\/02\/CRE_lodzkie.jpg","@id":"https:\/\/filiawieruszow.bpsieradz.pl\/index.php\/2026\/09\/04\/oferta-edukacyjna-na-rok-szkolny-2026-2027\/#organizationLogo","width":323,"height":50},"image":{"@id":"https:\/\/filiawieruszow.bpsieradz.pl\/index.php\/2026\/09\/04\/oferta-edukacyjna-na-rok-szkolny-2026-2027\/#organizationLogo"}},{"@type":"Person","@id":"https:\/\/filiawieruszow.bpsieradz.pl\/index.php\/author\/admin\/#author","url":"https:\/\/filiawieruszow.bpsieradz.pl\/index.php\/author\/admin\/","name":"admin","image":{"@type":"ImageObject","@id":"https:\/\/filiawieruszow.bpsieradz.pl\/index.php\/2026\/09\/04\/oferta-edukacyjna-na-rok-szkolny-2026-2027\/#authorImage","url":"https:\/\/secure.gravatar.com\/avatar\/7c9baecea61c950fa0ace417ade1d91ec20251533a476dc4eb52114bf5576b3a?s=96&d=mm&r=g","width":96,"height":96,"caption":"admin"}},{"@type":"WebPage","@id":"https:\/\/filiawieruszow.bpsieradz.pl\/index.php\/2026\/09\/04\/oferta-edukacyjna-na-rok-szkolny-2026-2027\/#webpage","url":"https:\/\/filiawieruszow.bpsieradz.pl\/index.php\/2026\/09\/04\/oferta-edukacyjna-na-rok-szkolny-2026-2027\/","name":"Oferta edukacyjna na rok szkolny 2026\/2027","description":"Edukacja przedszkolna Akcje cykliczne i imprezy czytelnicze Narodowe Czytanie - wrzesie\u0144 Og\u00f3lnopolski Tydzie\u0144 Kariery \u2013 pa\u017adziernik Happening czytelniczy z okazji Miesi\u0105ca Bibliotek Szkolnych \u2013 pa\u017adziernik Noc Bibliotek - pa\u017adziernik Mi\u0119dzynarodowy Dzie\u0144 Ksi\u0105\u017cki dla Dzieci - kwiecie\u0144 Tydzie\u0144 Bibliotek \u2013 maj Czytanie na polanie - czerwiec Ca\u0142a Polska Czyta Dzieciom - czerwiec Bookcrossing \u2013 czerwiec Lekcje","inLanguage":"pl-PL","isPartOf":{"@id":"https:\/\/filiawieruszow.bpsieradz.pl\/#website"},"breadcrumb":{"@id":"https:\/\/filiawieruszow.bpsieradz.pl\/index.php\/2026\/09\/04\/oferta-edukacyjna-na-rok-szkolny-2026-2027\/#breadcrumblist"},"author":{"@id":"https:\/\/filiawieruszow.bpsieradz.pl\/index.php\/author\/admin\/#author"},"creator":{"@id":"https:\/\/filiawieruszow.bpsieradz.pl\/index.php\/author\/admin\/#author"},"image":{"@type":"ImageObject","url":"https:\/\/filiawieruszow.bpsieradz.pl\/wp-content\/uploads\/2026\/09\/oferta-edukacyjna.jpg","@id":"https:\/\/filiawieruszow.bpsieradz.pl\/index.php\/2026\/09\/04\/oferta-edukacyjna-na-rok-szkolny-2026-2027\/#mainImage","width":1536,"height":965},"primaryImageOfPage":{"@id":"https:\/\/filiawieruszow.bpsieradz.pl\/index.php\/2026\/09\/04\/oferta-edukacyjna-na-rok-szkolny-2026-2027\/#mainImage"},"datePublished":"2026-09-04T07:55:59+00:00","dateModified":"2026-09-04T07:58:54+00:00"},{"@type":"WebSite","@id":"https:\/\/filiawieruszow.bpsieradz.pl\/#website","url":"https:\/\/filiawieruszow.bpsieradz.pl\/","name":"Biblioteka Pedagogiczna w Sieradzu Filia w Wieruszowie","inLanguage":"pl-PL","publisher":{"@id":"https:\/\/filiawieruszow.bpsieradz.pl\/#organization"}}]},"og:locale":"pl_PL","og:site_name":"Biblioteka Pedagogiczna w Sieradzu Filia w Wieruszowie -","og:type":"article","og:title":"Oferta edukacyjna na rok szkolny 2026\/2027","og:description":"Edukacja przedszkolna Akcje cykliczne i imprezy czytelnicze Narodowe Czytanie - wrzesie\u0144 Og\u00f3lnopolski Tydzie\u0144 Kariery \u2013 pa\u017adziernik Happening czytelniczy z okazji Miesi\u0105ca Bibliotek Szkolnych \u2013 pa\u017adziernik Noc Bibliotek - pa\u017adziernik Mi\u0119dzynarodowy Dzie\u0144 Ksi\u0105\u017cki dla Dzieci - kwiecie\u0144 Tydzie\u0144 Bibliotek \u2013 maj Czytanie na polanie - czerwiec Ca\u0142a Polska Czyta Dzieciom - czerwiec Bookcrossing \u2013 czerwiec Lekcje","og:url":"https:\/\/filiawieruszow.bpsieradz.pl\/index.php\/2026\/09\/04\/oferta-edukacyjna-na-rok-szkolny-2026-2027\/","og:image":"https:\/\/filiawieruszow.bpsieradz.pl\/wp-content\/uploads\/2025\/02\/CRE_lodzkie.jpg","og:image:secure_url":"https:\/\/filiawieruszow.bpsieradz.pl\/wp-content\/uploads\/2025\/02\/CRE_lodzkie.jpg","article:published_time":"2026-09-04T07:55:59+00:00","article:modified_time":"2026-09-04T07:58:54+00:00","twitter:card":"summary_large_image","twitter:title":"Oferta edukacyjna na rok szkolny 2026\/2027","twitter:description":"Edukacja przedszkolna Akcje cykliczne i imprezy czytelnicze Narodowe Czytanie - wrzesie\u0144 Og\u00f3lnopolski Tydzie\u0144 Kariery \u2013 pa\u017adziernik Happening czytelniczy z okazji Miesi\u0105ca Bibliotek Szkolnych \u2013 pa\u017adziernik Noc Bibliotek - pa\u017adziernik Mi\u0119dzynarodowy Dzie\u0144 Ksi\u0105\u017cki dla Dzieci - kwiecie\u0144 Tydzie\u0144 Bibliotek \u2013 maj Czytanie na polanie - czerwiec Ca\u0142a Polska Czyta Dzieciom - czerwiec Bookcrossing \u2013 czerwiec Lekcje","twitter:image":"https:\/\/filiawieruszow.bpsieradz.pl\/wp-content\/uploads\/2025\/02\/CRE_lodzkie.jpg"},"aioseo_meta_data":{"post_id":"4134","title":"#post_title","description":null,"keywords":null,"keyphrases":{"focus":{"keyphrase":"","score":0,"analysis":{"keyphraseInTitle":{"score":0,"maxScore":9,"error":1}}},"additional":[]},"primary_term":null,"canonical_url":null,"og_title":null,"og_description":null,"og_object_type":"default","og_image_type":"default","og_image_url":null,"og_image_width":null,"og_image_height":null,"og_image_custom_url":null,"og_image_custom_fields":null,"og_video":"","og_custom_url":null,"og_article_section":null,"og_article_tags":null,"twitter_use_og":false,"twitter_card":"default","twitter_image_type":"default","twitter_image_url":null,"twitter_image_custom_url":null,"twitter_image_custom_fields":null,"twitter_title":null,"twitter_description":null,"schema":{"blockGraphs":[],"customGraphs":[],"default":{"data":{"Article":[],"Course":[],"Dataset":[],"FAQPage":[],"Movie":[],"Person":[],"Product":[],"ProductReview":[],"Car":[],"Recipe":[],"Service":[],"SoftwareApplication":[],"WebPage":[]},"graphName":"BlogPosting","isEnabled":true},"graphs":[]},"schema_type":"default","schema_type_options":null,"pillar_content":false,"robots_default":true,"robots_noindex":false,"robots_noarchive":false,"robots_nosnippet":false,"robots_nofollow":false,"robots_noimageindex":false,"robots_noodp":false,"robots_notranslate":false,"robots_max_snippet":"-1","robots_max_videopreview":"-1","robots_max_imagepreview":"large","priority":null,"frequency":"default","local_seo":null,"breadcrumb_settings":null,"limit_modified_date":false,"ai":{"faqs":[],"keyPoints":[],"schemas":[],"titles":[],"descriptions":[],"socialPosts":{"email":{"subject":"","preview":"","content":""},"linkedin":[],"twitter":[],"facebook":[],"instagram":[]}},"created":"2026-09-04 07:56:00","updated":"2026-09-04 07:58:54","seo_analyzer_scan_date":null},"aioseo_breadcrumb":"<div class=\"aioseo-breadcrumbs\"><span class=\"aioseo-breadcrumb\">\n\t\t\t<a href=\"https:\/\/filiawieruszow.bpsieradz.pl\" title=\"Home\">Home<\/a>\n\t\t<\/span><span class=\"aioseo-breadcrumb-separator\">&raquo;<\/span><span class=\"aioseo-breadcrumb\">\n\t\t\t<a href=\"https:\/\/filiawieruszow.bpsieradz.pl\/index.php\/category\/uncategorized\/\" title=\"Uncategorized\">Uncategorized<\/a>\n\t\t<\/span><span class=\"aioseo-breadcrumb-separator\">&raquo;<\/span><span class=\"aioseo-breadcrumb\">\n\t\t\tOferta edukacyjna na rok szkolny 2026\/2027\n\t\t<\/span><\/div>","aioseo_breadcrumb_json":[{"label":"Home","link":"https:\/\/filiawieruszow.bpsieradz.pl"},{"label":"Uncategorized","link":"https:\/\/filiawieruszow.bpsieradz.pl\/index.php\/category\/uncategorized\/"},{"label":"Oferta edukacyjna na rok szkolny 2026\/2027","link":"https:\/\/filiawieruszow.bpsieradz.pl\/index.php\/2026\/09\/04\/oferta-edukacyjna-na-rok-szkolny-2026-2027\/"}],"rttpg_featured_image_url":{"full":["https:\/\/filiawieruszow.bpsieradz.pl\/wp-content\/uploads\/2026\/09\/oferta-edukacyjna.jpg",1536,965,false],"landscape":["https:\/\/filiawieruszow.bpsieradz.pl\/wp-content\/uploads\/2026\/09\/oferta-edukacyjna.jpg",1536,965,false],"portraits":["https:\/\/filiawieruszow.bpsieradz.pl\/wp-content\/uploads\/2026\/09\/oferta-edukacyjna.jpg",1536,965,false],"thumbnail":["https:\/\/filiawieruszow.bpsieradz.pl\/wp-content\/uploads\/2026\/09\/oferta-edukacyjna-150x150.jpg",150,150,true],"medium":["https:\/\/filiawieruszow.bpsieradz.pl\/wp-content\/uploads\/2026\/09\/oferta-edukacyjna-300x188.jpg",300,188,true],"large":["https:\/\/filiawieruszow.bpsieradz.pl\/wp-content\/uploads\/2026\/09\/oferta-edukacyjna-1024x643.jpg",800,502,true],"1536x1536":["https:\/\/filiawieruszow.bpsieradz.pl\/wp-content\/uploads\/2026\/09\/oferta-edukacyjna.jpg",1536,965,false],"2048x2048":["https:\/\/filiawieruszow.bpsieradz.pl\/wp-content\/uploads\/2026\/09\/oferta-edukacyjna.jpg",1536,965,false],"onepress-blog-small":["https:\/\/filiawieruszow.bpsieradz.pl\/wp-content\/uploads\/2026\/09\/oferta-edukacyjna-300x150.jpg",300,150,true],"onepress-small":["https:\/\/filiawieruszow.bpsieradz.pl\/wp-content\/uploads\/2026\/09\/oferta-edukacyjna-480x300.jpg",480,300,true],"onepress-medium":["https:\/\/filiawieruszow.bpsieradz.pl\/wp-content\/uploads\/2026\/09\/oferta-edukacyjna-640x400.jpg",640,400,true]},"rttpg_author":{"display_name":"admin","author_link":"https:\/\/filiawieruszow.bpsieradz.pl\/index.php\/author\/admin\/"},"rttpg_comment":0,"rttpg_category":"<a href=\"https:\/\/filiawieruszow.bpsieradz.pl\/index.php\/category\/uncategorized\/\" rel=\"category tag\">Uncategorized<\/a>","rttpg_excerpt":"Edukacja przedszkolna Akcje cykliczne i imprezy czytelnicze Lekcje biblioteczne Zapraszamy r\u00f3wnie\u017c na cykl spotka\u0144 pt. \u201ePoranek z bajk\u0105\u201d \u2013 dzieci w okre\u015blonym czasie odwiedzaj\u0105 bibliotek\u0119 lub bibliotekarka odwiedza dzieci. Propozycje ...","_links":{"self":[{"href":"https:\/\/filiawieruszow.bpsieradz.pl\/index.php\/wp-json\/wp\/v2\/posts\/4134","targetHints":{"allow":["GET"]}}],"collection":[{"href":"https:\/\/filiawieruszow.bpsieradz.pl\/index.php\/wp-json\/wp\/v2\/posts"}],"about":[{"href":"https:\/\/filiawieruszow.bpsieradz.pl\/index.php\/wp-json\/wp\/v2\/types\/post"}],"author":[{"embeddable":true,"href":"https:\/\/filiawieruszow.bpsieradz.pl\/index.php\/wp-json\/wp\/v2\/users\/1"}],"replies":[{"embeddable":true,"href":"https:\/\/filiawieruszow.bpsieradz.pl\/index.php\/wp-json\/wp\/v2\/comments?post=4134"}],"version-history":[{"count":2,"href":"https:\/\/filiawieruszow.bpsieradz.pl\/index.php\/wp-json\/wp\/v2\/posts\/4134\/revisions"}],"predecessor-version":[{"id":4139,"href":"https:\/\/filiawieruszow.bpsieradz.pl\/index.php\/wp-json\/wp\/v2\/posts\/4134\/revisions\/4139"}],"wp:featuredmedia":[{"embeddable":true,"href":"https:\/\/filiawieruszow.bpsieradz.pl\/index.php\/wp-json\/wp\/v2\/media\/4135"}],"wp:attachment":[{"href":"https:\/\/filiawieruszow.bpsieradz.pl\/index.php\/wp-json\/wp\/v2\/media?parent=4134"}],"wp:term":[{"taxonomy":"category","embeddable":true,"href":"https:\/\/filiawieruszow.bpsieradz.pl\/index.php\/wp-json\/wp\/v2\/categories?post=4134"},{"taxonomy":"post_tag","embeddable":true,"href":"https:\/\/filiawieruszow.bpsieradz.pl\/index.php\/wp-json\/wp\/v2\/tags?post=4134"}],"curies":[{"name":"wp","href":"https:\/\/api.w.org\/{rel}","templated":true}]}}