{"id":4114,"date":"2026-06-22T06:54:55","date_gmt":"2026-06-22T06:54:55","guid":{"rendered":"https:\/\/filiawieruszow.bpsieradz.pl\/?p=4114"},"modified":"2026-06-22T06:54:57","modified_gmt":"2026-06-22T06:54:57","slug":"czytanie-na-polanie-2","status":"publish","type":"post","link":"https:\/\/filiawieruszow.bpsieradz.pl\/index.php\/2026\/06\/22\/czytanie-na-polanie-2\/","title":{"rendered":"Czytanie na Polanie"},"content":{"rendered":"\n<p class=\"wp-block-paragraph\">Mi\u0119dzynarodowa akcja Czytanie na Polanie, kt\u00f3ra by\u0142a efektem spotka\u0144&nbsp; Sieci wsp\u00f3\u0142pracy i samokszta\u0142cenia nauczycieli edukacji wczesnoszkolnej i Sieci wsp\u00f3\u0142pracy i samokszta\u0142cenia nauczycieli bibliotekarzy dzia\u0142aj\u0105cych przy Centrum Rozwoju Edukacji Wojew\u00f3dztwa \u0141\u00f3dzkiego w Sieradzu Biblioteki Pedagogicznej w Sieradzu Filii w Wieruszowie, odby\u0142a si\u0119 19 czerwca 2026 roku.<\/p>\n\n\n\n<p class=\"wp-block-paragraph\">W akcji czytelniczej wzi\u0119\u0142o udzia\u0142 299 os\u00f3b z 7 szk\u00f3\u0142 (5 podstawowych i 2 ponadpodstawowych). Uczestnik\u00f3w akcji powita\u0142a Dyrektor Szko\u0142y Podstawowej nr 1 im. Janusza Korczaka w Wieruszowie \u2013 Agata Bara\u0144ska, kt\u00f3ra podkre\u015bli\u0142a znaczenie czytania w \u017cyciu cz\u0142owieka, zw\u0142aszcza dziecka i podzi\u0119kowa\u0142a wszystkim za zaanga\u017cowanie. Mikrofon pow\u0119drowa\u0142 do ch\u0119tnych czytaj\u0105cych uczni\u00f3w i nauczycieli szk\u00f3\u0142 ponadpodstawowych oraz uczni\u00f3w szk\u00f3\u0142 podstawowych. Forma czytania na \u015bwie\u017cym powietrzu, przy pi\u0119knej s\u0142onecznej pogodzie pozwoli\u0142a uczestnikom cieszy\u0107 si\u0119 tekstami literackimi i jednocze\u015bnie odpoczywa\u0107 na kocykach.<\/p>\n\n\n\n<p class=\"wp-block-paragraph\">Dzi\u0119kujemy serdecznie pracownikom Szko\u0142y Podstawowej nr 1&nbsp; im. Janusza Korczaka w Wieruszowie za go\u015bcin\u0119, mi\u0142e przyj\u0119cie, organizacj\u0119 nag\u0142o\u015bnienia oraz popcorn i lemoniad\u0119 dla uczestnik\u00f3w \u2013 cieszymy si\u0119, \u017ce biblioteka pedagogiczna mog\u0142a by\u0107 koordynatorem tak wa\u017cnej akcji promuj\u0105cej czytanie. Z nauczycielami Sieci wsp\u00f3\u0142pracy i samokszta\u0142cenia spotykamy si\u0119 ponownie w nowym roku szkolnym i zach\u0119camy innych do do\u0142\u0105czenia.<\/p>\n\n\n\n<p class=\"wp-block-paragraph\">W akcji udzia\u0142 wzi\u0119li:<\/p>\n\n\n\n<ul class=\"wp-block-list\">\n<li>Szko\u0142a Podstawowa nr 1 im. Janusza Korczaka w Wieruszowie<\/li>\n\n\n\n<li>Szko\u0142a Podstawowa nr 2 im. Marsza\u0142ka J\u00f3zefa Pi\u0142sudskiego w Wieruszowie<\/li>\n\n\n\n<li>Szko\u0142a Podstawowa nr 3 im. Jana Paw\u0142a II w Wieruszowie<\/li>\n\n\n\n<li>Szko\u0142a Podstawowa im. Kr\u00f3lowej Jadwigi w Pieczyskach<\/li>\n\n\n\n<li>Szko\u0142a Podstawowa im. Jana Brzechwy w \u015awibie<\/li>\n\n\n\n<li>Zesp\u00f3\u0142 Szk\u00f3\u0142 Ponadpodstawowych im. Stanis\u0142awa Staszica w Wieruszowie<\/li>\n\n\n\n<li>Liceum Og\u00f3lnokszta\u0142c\u0105ce im. Miko\u0142aja Kopernika w Wieruszowie<\/li>\n<\/ul>\n\n\n\nngg_shortcode_0_placeholder\n","protected":false},"excerpt":{"rendered":"<p>Mi\u0119dzynarodowa akcja Czytanie na Polanie, kt\u00f3ra by\u0142a efektem spotka\u0144&nbsp; Sieci wsp\u00f3\u0142pracy i samokszta\u0142cenia nauczycieli edukacji wczesnoszkolnej i Sieci wsp\u00f3\u0142pracy i samokszta\u0142cenia nauczycieli bibliotekarzy dzia\u0142aj\u0105cych przy Centrum Rozwoju Edukacji Wojew\u00f3dztwa \u0141\u00f3dzkiego &#8230;<\/p>\n","protected":false},"author":1,"featured_media":4131,"comment_status":"closed","ping_status":"open","sticky":false,"template":"","format":"standard","meta":{"om_disable_all_campaigns":false,"ngg_post_thumbnail":660,"footnotes":""},"categories":[3],"tags":[],"class_list":["post-4114","post","type-post","status-publish","format-standard","has-post-thumbnail","hentry","category-aktualnosci"],"aioseo_notices":[],"aioseo_head":"\n\t\t<!-- All in One SEO 4.9.10 - aioseo.com -->\n\t<meta name=\"description\" content=\"Mi\u0119dzynarodowa akcja Czytanie na Polanie, kt\u00f3ra by\u0142a efektem spotka\u0144 Sieci wsp\u00f3\u0142pracy i samokszta\u0142cenia nauczycieli edukacji wczesnoszkolnej i Sieci wsp\u00f3\u0142pracy i samokszta\u0142cenia nauczycieli bibliotekarzy dzia\u0142aj\u0105cych przy Centrum Rozwoju Edukacji Wojew\u00f3dztwa \u0141\u00f3dzkiego w Sieradzu Biblioteki Pedagogicznej w Sieradzu Filii w Wieruszowie, odby\u0142a si\u0119 19 czerwca 2026 roku. W akcji czytelniczej wzi\u0119\u0142o udzia\u0142 299 os\u00f3b z 7 szk\u00f3\u0142\" \/>\n\t<meta name=\"robots\" content=\"max-image-preview:large\" \/>\n\t<meta name=\"author\" content=\"admin\"\/>\n\t<link rel=\"canonical\" href=\"https:\/\/filiawieruszow.bpsieradz.pl\/index.php\/2026\/06\/22\/czytanie-na-polanie-2\/\" \/>\n\t<meta name=\"generator\" content=\"All in One SEO (AIOSEO) 4.9.10\" \/>\n\t\t<meta property=\"og:locale\" content=\"pl_PL\" \/>\n\t\t<meta property=\"og:site_name\" content=\"Biblioteka Pedagogiczna w Sieradzu Filia w Wieruszowie -\" \/>\n\t\t<meta property=\"og:type\" content=\"article\" \/>\n\t\t<meta property=\"og:title\" content=\"Czytanie na Polanie\" \/>\n\t\t<meta property=\"og:description\" content=\"Mi\u0119dzynarodowa akcja Czytanie na Polanie, kt\u00f3ra by\u0142a efektem spotka\u0144 Sieci wsp\u00f3\u0142pracy i samokszta\u0142cenia nauczycieli edukacji wczesnoszkolnej i Sieci wsp\u00f3\u0142pracy i samokszta\u0142cenia nauczycieli bibliotekarzy dzia\u0142aj\u0105cych przy Centrum Rozwoju Edukacji Wojew\u00f3dztwa \u0141\u00f3dzkiego w Sieradzu Biblioteki Pedagogicznej w Sieradzu Filii w Wieruszowie, odby\u0142a si\u0119 19 czerwca 2026 roku. W akcji czytelniczej wzi\u0119\u0142o udzia\u0142 299 os\u00f3b z 7 szk\u00f3\u0142\" \/>\n\t\t<meta property=\"og:url\" content=\"https:\/\/filiawieruszow.bpsieradz.pl\/index.php\/2026\/06\/22\/czytanie-na-polanie-2\/\" \/>\n\t\t<meta property=\"og:image\" content=\"https:\/\/filiawieruszow.bpsieradz.pl\/wp-content\/uploads\/2025\/02\/CRE_lodzkie.jpg\" \/>\n\t\t<meta property=\"og:image:secure_url\" content=\"https:\/\/filiawieruszow.bpsieradz.pl\/wp-content\/uploads\/2025\/02\/CRE_lodzkie.jpg\" \/>\n\t\t<meta property=\"article:published_time\" content=\"2026-06-22T06:54:55+00:00\" \/>\n\t\t<meta property=\"article:modified_time\" content=\"2026-06-22T06:54:57+00:00\" \/>\n\t\t<meta name=\"twitter:card\" content=\"summary_large_image\" \/>\n\t\t<meta name=\"twitter:title\" content=\"Czytanie na Polanie\" \/>\n\t\t<meta name=\"twitter:description\" content=\"Mi\u0119dzynarodowa akcja Czytanie na Polanie, kt\u00f3ra by\u0142a efektem spotka\u0144 Sieci wsp\u00f3\u0142pracy i samokszta\u0142cenia nauczycieli edukacji wczesnoszkolnej i Sieci wsp\u00f3\u0142pracy i samokszta\u0142cenia nauczycieli bibliotekarzy dzia\u0142aj\u0105cych przy Centrum Rozwoju Edukacji Wojew\u00f3dztwa \u0141\u00f3dzkiego w Sieradzu Biblioteki Pedagogicznej w Sieradzu Filii w Wieruszowie, odby\u0142a si\u0119 19 czerwca 2026 roku. W akcji czytelniczej wzi\u0119\u0142o udzia\u0142 299 os\u00f3b z 7 szk\u00f3\u0142\" \/>\n\t\t<meta name=\"twitter:image\" content=\"https:\/\/filiawieruszow.bpsieradz.pl\/wp-content\/uploads\/2025\/02\/CRE_lodzkie.jpg\" \/>\n\t\t<script type=\"application\/ld+json\" class=\"aioseo-schema\">\n\t\t\t{\"@context\":\"https:\\\/\\\/schema.org\",\"@graph\":[{\"@type\":\"BlogPosting\",\"@id\":\"https:\\\/\\\/filiawieruszow.bpsieradz.pl\\\/index.php\\\/2026\\\/06\\\/22\\\/czytanie-na-polanie-2\\\/#blogposting\",\"name\":\"Czytanie na Polanie\",\"headline\":\"Czytanie na Polanie\",\"author\":{\"@id\":\"https:\\\/\\\/filiawieruszow.bpsieradz.pl\\\/index.php\\\/author\\\/admin\\\/#author\"},\"publisher\":{\"@id\":\"https:\\\/\\\/filiawieruszow.bpsieradz.pl\\\/#organization\"},\"image\":{\"@type\":\"ImageObject\",\"url\":\"https:\\\/\\\/filiawieruszow.bpsieradz.pl\\\/wp-content\\\/uploads\\\/2026\\\/06\\\/nggallery_import\\\/Czytanie-na-Polanie-2026-plakat.jpg\",\"width\":1600,\"height\":1200},\"datePublished\":\"2026-06-22T06:54:55+00:00\",\"dateModified\":\"2026-06-22T06:54:57+00:00\",\"inLanguage\":\"pl-PL\",\"mainEntityOfPage\":{\"@id\":\"https:\\\/\\\/filiawieruszow.bpsieradz.pl\\\/index.php\\\/2026\\\/06\\\/22\\\/czytanie-na-polanie-2\\\/#webpage\"},\"isPartOf\":{\"@id\":\"https:\\\/\\\/filiawieruszow.bpsieradz.pl\\\/index.php\\\/2026\\\/06\\\/22\\\/czytanie-na-polanie-2\\\/#webpage\"},\"articleSection\":\"Aktualno\\u015bci\"},{\"@type\":\"BreadcrumbList\",\"@id\":\"https:\\\/\\\/filiawieruszow.bpsieradz.pl\\\/index.php\\\/2026\\\/06\\\/22\\\/czytanie-na-polanie-2\\\/#breadcrumblist\",\"itemListElement\":[{\"@type\":\"ListItem\",\"@id\":\"https:\\\/\\\/filiawieruszow.bpsieradz.pl#listItem\",\"position\":1,\"name\":\"Home\",\"item\":\"https:\\\/\\\/filiawieruszow.bpsieradz.pl\",\"nextItem\":{\"@type\":\"ListItem\",\"@id\":\"https:\\\/\\\/filiawieruszow.bpsieradz.pl\\\/index.php\\\/category\\\/aktualnosci\\\/#listItem\",\"name\":\"Aktualno\\u015bci\"}},{\"@type\":\"ListItem\",\"@id\":\"https:\\\/\\\/filiawieruszow.bpsieradz.pl\\\/index.php\\\/category\\\/aktualnosci\\\/#listItem\",\"position\":2,\"name\":\"Aktualno\\u015bci\",\"item\":\"https:\\\/\\\/filiawieruszow.bpsieradz.pl\\\/index.php\\\/category\\\/aktualnosci\\\/\",\"nextItem\":{\"@type\":\"ListItem\",\"@id\":\"https:\\\/\\\/filiawieruszow.bpsieradz.pl\\\/index.php\\\/2026\\\/06\\\/22\\\/czytanie-na-polanie-2\\\/#listItem\",\"name\":\"Czytanie na Polanie\"},\"previousItem\":{\"@type\":\"ListItem\",\"@id\":\"https:\\\/\\\/filiawieruszow.bpsieradz.pl#listItem\",\"name\":\"Home\"}},{\"@type\":\"ListItem\",\"@id\":\"https:\\\/\\\/filiawieruszow.bpsieradz.pl\\\/index.php\\\/2026\\\/06\\\/22\\\/czytanie-na-polanie-2\\\/#listItem\",\"position\":3,\"name\":\"Czytanie na Polanie\",\"previousItem\":{\"@type\":\"ListItem\",\"@id\":\"https:\\\/\\\/filiawieruszow.bpsieradz.pl\\\/index.php\\\/category\\\/aktualnosci\\\/#listItem\",\"name\":\"Aktualno\\u015bci\"}}]},{\"@type\":\"Organization\",\"@id\":\"https:\\\/\\\/filiawieruszow.bpsieradz.pl\\\/#organization\",\"name\":\"Biblioteka Pedagogiczna w Sieradzu Filia w Wieruszowie\",\"url\":\"https:\\\/\\\/filiawieruszow.bpsieradz.pl\\\/\",\"logo\":{\"@type\":\"ImageObject\",\"url\":\"https:\\\/\\\/filiawieruszow.bpsieradz.pl\\\/wp-content\\\/uploads\\\/2025\\\/02\\\/CRE_lodzkie.jpg\",\"@id\":\"https:\\\/\\\/filiawieruszow.bpsieradz.pl\\\/index.php\\\/2026\\\/06\\\/22\\\/czytanie-na-polanie-2\\\/#organizationLogo\",\"width\":323,\"height\":50},\"image\":{\"@id\":\"https:\\\/\\\/filiawieruszow.bpsieradz.pl\\\/index.php\\\/2026\\\/06\\\/22\\\/czytanie-na-polanie-2\\\/#organizationLogo\"}},{\"@type\":\"Person\",\"@id\":\"https:\\\/\\\/filiawieruszow.bpsieradz.pl\\\/index.php\\\/author\\\/admin\\\/#author\",\"url\":\"https:\\\/\\\/filiawieruszow.bpsieradz.pl\\\/index.php\\\/author\\\/admin\\\/\",\"name\":\"admin\",\"image\":{\"@type\":\"ImageObject\",\"@id\":\"https:\\\/\\\/filiawieruszow.bpsieradz.pl\\\/index.php\\\/2026\\\/06\\\/22\\\/czytanie-na-polanie-2\\\/#authorImage\",\"url\":\"https:\\\/\\\/secure.gravatar.com\\\/avatar\\\/7c9baecea61c950fa0ace417ade1d91ec20251533a476dc4eb52114bf5576b3a?s=96&d=mm&r=g\",\"width\":96,\"height\":96,\"caption\":\"admin\"}},{\"@type\":\"WebPage\",\"@id\":\"https:\\\/\\\/filiawieruszow.bpsieradz.pl\\\/index.php\\\/2026\\\/06\\\/22\\\/czytanie-na-polanie-2\\\/#webpage\",\"url\":\"https:\\\/\\\/filiawieruszow.bpsieradz.pl\\\/index.php\\\/2026\\\/06\\\/22\\\/czytanie-na-polanie-2\\\/\",\"name\":\"Czytanie na Polanie\",\"description\":\"Mi\\u0119dzynarodowa akcja Czytanie na Polanie, kt\\u00f3ra by\\u0142a efektem spotka\\u0144 Sieci wsp\\u00f3\\u0142pracy i samokszta\\u0142cenia nauczycieli edukacji wczesnoszkolnej i Sieci wsp\\u00f3\\u0142pracy i samokszta\\u0142cenia nauczycieli bibliotekarzy dzia\\u0142aj\\u0105cych przy Centrum Rozwoju Edukacji Wojew\\u00f3dztwa \\u0141\\u00f3dzkiego w Sieradzu Biblioteki Pedagogicznej w Sieradzu Filii w Wieruszowie, odby\\u0142a si\\u0119 19 czerwca 2026 roku. W akcji czytelniczej wzi\\u0119\\u0142o udzia\\u0142 299 os\\u00f3b z 7 szk\\u00f3\\u0142\",\"inLanguage\":\"pl-PL\",\"isPartOf\":{\"@id\":\"https:\\\/\\\/filiawieruszow.bpsieradz.pl\\\/#website\"},\"breadcrumb\":{\"@id\":\"https:\\\/\\\/filiawieruszow.bpsieradz.pl\\\/index.php\\\/2026\\\/06\\\/22\\\/czytanie-na-polanie-2\\\/#breadcrumblist\"},\"author\":{\"@id\":\"https:\\\/\\\/filiawieruszow.bpsieradz.pl\\\/index.php\\\/author\\\/admin\\\/#author\"},\"creator\":{\"@id\":\"https:\\\/\\\/filiawieruszow.bpsieradz.pl\\\/index.php\\\/author\\\/admin\\\/#author\"},\"image\":{\"@type\":\"ImageObject\",\"url\":\"https:\\\/\\\/filiawieruszow.bpsieradz.pl\\\/wp-content\\\/uploads\\\/2026\\\/06\\\/nggallery_import\\\/Czytanie-na-Polanie-2026-plakat.jpg\",\"@id\":\"https:\\\/\\\/filiawieruszow.bpsieradz.pl\\\/index.php\\\/2026\\\/06\\\/22\\\/czytanie-na-polanie-2\\\/#mainImage\",\"width\":1600,\"height\":1200},\"primaryImageOfPage\":{\"@id\":\"https:\\\/\\\/filiawieruszow.bpsieradz.pl\\\/index.php\\\/2026\\\/06\\\/22\\\/czytanie-na-polanie-2\\\/#mainImage\"},\"datePublished\":\"2026-06-22T06:54:55+00:00\",\"dateModified\":\"2026-06-22T06:54:57+00:00\"},{\"@type\":\"WebSite\",\"@id\":\"https:\\\/\\\/filiawieruszow.bpsieradz.pl\\\/#website\",\"url\":\"https:\\\/\\\/filiawieruszow.bpsieradz.pl\\\/\",\"name\":\"Biblioteka Pedagogiczna w Sieradzu Filia w Wieruszowie\",\"inLanguage\":\"pl-PL\",\"publisher\":{\"@id\":\"https:\\\/\\\/filiawieruszow.bpsieradz.pl\\\/#organization\"}}]}\n\t\t<\/script>\n\t\t<!-- All in One SEO -->\n\n","aioseo_head_json":{"title":"Czytanie na Polanie","description":"Mi\u0119dzynarodowa akcja Czytanie na Polanie, kt\u00f3ra by\u0142a efektem spotka\u0144 Sieci wsp\u00f3\u0142pracy i samokszta\u0142cenia nauczycieli edukacji wczesnoszkolnej i Sieci wsp\u00f3\u0142pracy i samokszta\u0142cenia nauczycieli bibliotekarzy dzia\u0142aj\u0105cych przy Centrum Rozwoju Edukacji Wojew\u00f3dztwa \u0141\u00f3dzkiego w Sieradzu Biblioteki Pedagogicznej w Sieradzu Filii w Wieruszowie, odby\u0142a si\u0119 19 czerwca 2026 roku. W akcji czytelniczej wzi\u0119\u0142o udzia\u0142 299 os\u00f3b z 7 szk\u00f3\u0142","canonical_url":"https:\/\/filiawieruszow.bpsieradz.pl\/index.php\/2026\/06\/22\/czytanie-na-polanie-2\/","robots":"max-image-preview:large","keywords":"","webmasterTools":{"miscellaneous":""},"schema":{"@context":"https:\/\/schema.org","@graph":[{"@type":"BlogPosting","@id":"https:\/\/filiawieruszow.bpsieradz.pl\/index.php\/2026\/06\/22\/czytanie-na-polanie-2\/#blogposting","name":"Czytanie na Polanie","headline":"Czytanie na Polanie","author":{"@id":"https:\/\/filiawieruszow.bpsieradz.pl\/index.php\/author\/admin\/#author"},"publisher":{"@id":"https:\/\/filiawieruszow.bpsieradz.pl\/#organization"},"image":{"@type":"ImageObject","url":"https:\/\/filiawieruszow.bpsieradz.pl\/wp-content\/uploads\/2026\/06\/nggallery_import\/Czytanie-na-Polanie-2026-plakat.jpg","width":1600,"height":1200},"datePublished":"2026-06-22T06:54:55+00:00","dateModified":"2026-06-22T06:54:57+00:00","inLanguage":"pl-PL","mainEntityOfPage":{"@id":"https:\/\/filiawieruszow.bpsieradz.pl\/index.php\/2026\/06\/22\/czytanie-na-polanie-2\/#webpage"},"isPartOf":{"@id":"https:\/\/filiawieruszow.bpsieradz.pl\/index.php\/2026\/06\/22\/czytanie-na-polanie-2\/#webpage"},"articleSection":"Aktualno\u015bci"},{"@type":"BreadcrumbList","@id":"https:\/\/filiawieruszow.bpsieradz.pl\/index.php\/2026\/06\/22\/czytanie-na-polanie-2\/#breadcrumblist","itemListElement":[{"@type":"ListItem","@id":"https:\/\/filiawieruszow.bpsieradz.pl#listItem","position":1,"name":"Home","item":"https:\/\/filiawieruszow.bpsieradz.pl","nextItem":{"@type":"ListItem","@id":"https:\/\/filiawieruszow.bpsieradz.pl\/index.php\/category\/aktualnosci\/#listItem","name":"Aktualno\u015bci"}},{"@type":"ListItem","@id":"https:\/\/filiawieruszow.bpsieradz.pl\/index.php\/category\/aktualnosci\/#listItem","position":2,"name":"Aktualno\u015bci","item":"https:\/\/filiawieruszow.bpsieradz.pl\/index.php\/category\/aktualnosci\/","nextItem":{"@type":"ListItem","@id":"https:\/\/filiawieruszow.bpsieradz.pl\/index.php\/2026\/06\/22\/czytanie-na-polanie-2\/#listItem","name":"Czytanie na Polanie"},"previousItem":{"@type":"ListItem","@id":"https:\/\/filiawieruszow.bpsieradz.pl#listItem","name":"Home"}},{"@type":"ListItem","@id":"https:\/\/filiawieruszow.bpsieradz.pl\/index.php\/2026\/06\/22\/czytanie-na-polanie-2\/#listItem","position":3,"name":"Czytanie na Polanie","previousItem":{"@type":"ListItem","@id":"https:\/\/filiawieruszow.bpsieradz.pl\/index.php\/category\/aktualnosci\/#listItem","name":"Aktualno\u015bci"}}]},{"@type":"Organization","@id":"https:\/\/filiawieruszow.bpsieradz.pl\/#organization","name":"Biblioteka Pedagogiczna w Sieradzu Filia w Wieruszowie","url":"https:\/\/filiawieruszow.bpsieradz.pl\/","logo":{"@type":"ImageObject","url":"https:\/\/filiawieruszow.bpsieradz.pl\/wp-content\/uploads\/2025\/02\/CRE_lodzkie.jpg","@id":"https:\/\/filiawieruszow.bpsieradz.pl\/index.php\/2026\/06\/22\/czytanie-na-polanie-2\/#organizationLogo","width":323,"height":50},"image":{"@id":"https:\/\/filiawieruszow.bpsieradz.pl\/index.php\/2026\/06\/22\/czytanie-na-polanie-2\/#organizationLogo"}},{"@type":"Person","@id":"https:\/\/filiawieruszow.bpsieradz.pl\/index.php\/author\/admin\/#author","url":"https:\/\/filiawieruszow.bpsieradz.pl\/index.php\/author\/admin\/","name":"admin","image":{"@type":"ImageObject","@id":"https:\/\/filiawieruszow.bpsieradz.pl\/index.php\/2026\/06\/22\/czytanie-na-polanie-2\/#authorImage","url":"https:\/\/secure.gravatar.com\/avatar\/7c9baecea61c950fa0ace417ade1d91ec20251533a476dc4eb52114bf5576b3a?s=96&d=mm&r=g","width":96,"height":96,"caption":"admin"}},{"@type":"WebPage","@id":"https:\/\/filiawieruszow.bpsieradz.pl\/index.php\/2026\/06\/22\/czytanie-na-polanie-2\/#webpage","url":"https:\/\/filiawieruszow.bpsieradz.pl\/index.php\/2026\/06\/22\/czytanie-na-polanie-2\/","name":"Czytanie na Polanie","description":"Mi\u0119dzynarodowa akcja Czytanie na Polanie, kt\u00f3ra by\u0142a efektem spotka\u0144 Sieci wsp\u00f3\u0142pracy i samokszta\u0142cenia nauczycieli edukacji wczesnoszkolnej i Sieci wsp\u00f3\u0142pracy i samokszta\u0142cenia nauczycieli bibliotekarzy dzia\u0142aj\u0105cych przy Centrum Rozwoju Edukacji Wojew\u00f3dztwa \u0141\u00f3dzkiego w Sieradzu Biblioteki Pedagogicznej w Sieradzu Filii w Wieruszowie, odby\u0142a si\u0119 19 czerwca 2026 roku. W akcji czytelniczej wzi\u0119\u0142o udzia\u0142 299 os\u00f3b z 7 szk\u00f3\u0142","inLanguage":"pl-PL","isPartOf":{"@id":"https:\/\/filiawieruszow.bpsieradz.pl\/#website"},"breadcrumb":{"@id":"https:\/\/filiawieruszow.bpsieradz.pl\/index.php\/2026\/06\/22\/czytanie-na-polanie-2\/#breadcrumblist"},"author":{"@id":"https:\/\/filiawieruszow.bpsieradz.pl\/index.php\/author\/admin\/#author"},"creator":{"@id":"https:\/\/filiawieruszow.bpsieradz.pl\/index.php\/author\/admin\/#author"},"image":{"@type":"ImageObject","url":"https:\/\/filiawieruszow.bpsieradz.pl\/wp-content\/uploads\/2026\/06\/nggallery_import\/Czytanie-na-Polanie-2026-plakat.jpg","@id":"https:\/\/filiawieruszow.bpsieradz.pl\/index.php\/2026\/06\/22\/czytanie-na-polanie-2\/#mainImage","width":1600,"height":1200},"primaryImageOfPage":{"@id":"https:\/\/filiawieruszow.bpsieradz.pl\/index.php\/2026\/06\/22\/czytanie-na-polanie-2\/#mainImage"},"datePublished":"2026-06-22T06:54:55+00:00","dateModified":"2026-06-22T06:54:57+00:00"},{"@type":"WebSite","@id":"https:\/\/filiawieruszow.bpsieradz.pl\/#website","url":"https:\/\/filiawieruszow.bpsieradz.pl\/","name":"Biblioteka Pedagogiczna w Sieradzu Filia w Wieruszowie","inLanguage":"pl-PL","publisher":{"@id":"https:\/\/filiawieruszow.bpsieradz.pl\/#organization"}}]},"og:locale":"pl_PL","og:site_name":"Biblioteka Pedagogiczna w Sieradzu Filia w Wieruszowie -","og:type":"article","og:title":"Czytanie na Polanie","og:description":"Mi\u0119dzynarodowa akcja Czytanie na Polanie, kt\u00f3ra by\u0142a efektem spotka\u0144 Sieci wsp\u00f3\u0142pracy i samokszta\u0142cenia nauczycieli edukacji wczesnoszkolnej i Sieci wsp\u00f3\u0142pracy i samokszta\u0142cenia nauczycieli bibliotekarzy dzia\u0142aj\u0105cych przy Centrum Rozwoju Edukacji Wojew\u00f3dztwa \u0141\u00f3dzkiego w Sieradzu Biblioteki Pedagogicznej w Sieradzu Filii w Wieruszowie, odby\u0142a si\u0119 19 czerwca 2026 roku. W akcji czytelniczej wzi\u0119\u0142o udzia\u0142 299 os\u00f3b z 7 szk\u00f3\u0142","og:url":"https:\/\/filiawieruszow.bpsieradz.pl\/index.php\/2026\/06\/22\/czytanie-na-polanie-2\/","og:image":"https:\/\/filiawieruszow.bpsieradz.pl\/wp-content\/uploads\/2025\/02\/CRE_lodzkie.jpg","og:image:secure_url":"https:\/\/filiawieruszow.bpsieradz.pl\/wp-content\/uploads\/2025\/02\/CRE_lodzkie.jpg","article:published_time":"2026-06-22T06:54:55+00:00","article:modified_time":"2026-06-22T06:54:57+00:00","twitter:card":"summary_large_image","twitter:title":"Czytanie na Polanie","twitter:description":"Mi\u0119dzynarodowa akcja Czytanie na Polanie, kt\u00f3ra by\u0142a efektem spotka\u0144 Sieci wsp\u00f3\u0142pracy i samokszta\u0142cenia nauczycieli edukacji wczesnoszkolnej i Sieci wsp\u00f3\u0142pracy i samokszta\u0142cenia nauczycieli bibliotekarzy dzia\u0142aj\u0105cych przy Centrum Rozwoju Edukacji Wojew\u00f3dztwa \u0141\u00f3dzkiego w Sieradzu Biblioteki Pedagogicznej w Sieradzu Filii w Wieruszowie, odby\u0142a si\u0119 19 czerwca 2026 roku. W akcji czytelniczej wzi\u0119\u0142o udzia\u0142 299 os\u00f3b z 7 szk\u00f3\u0142","twitter:image":"https:\/\/filiawieruszow.bpsieradz.pl\/wp-content\/uploads\/2025\/02\/CRE_lodzkie.jpg"},"aioseo_meta_data":{"post_id":"4114","title":"#post_title","description":null,"keywords":null,"keyphrases":{"focus":{"keyphrase":"","score":0,"analysis":{"keyphraseInTitle":{"score":0,"maxScore":9,"error":1}}},"additional":[]},"primary_term":null,"canonical_url":null,"og_title":null,"og_description":null,"og_object_type":"default","og_image_type":"default","og_image_url":null,"og_image_width":null,"og_image_height":null,"og_image_custom_url":null,"og_image_custom_fields":null,"og_video":"","og_custom_url":null,"og_article_section":null,"og_article_tags":null,"twitter_use_og":false,"twitter_card":"default","twitter_image_type":"default","twitter_image_url":null,"twitter_image_custom_url":null,"twitter_image_custom_fields":null,"twitter_title":null,"twitter_description":null,"schema":{"blockGraphs":[],"customGraphs":[],"default":{"data":{"Article":[],"Course":[],"Dataset":[],"FAQPage":[],"Movie":[],"Person":[],"Product":[],"ProductReview":[],"Car":[],"Recipe":[],"Service":[],"SoftwareApplication":[],"WebPage":[]},"graphName":"BlogPosting","isEnabled":true},"graphs":[]},"schema_type":"default","schema_type_options":null,"pillar_content":false,"robots_default":true,"robots_noindex":false,"robots_noarchive":false,"robots_nosnippet":false,"robots_nofollow":false,"robots_noimageindex":false,"robots_noodp":false,"robots_notranslate":false,"robots_max_snippet":"-1","robots_max_videopreview":"-1","robots_max_imagepreview":"large","priority":null,"frequency":"default","local_seo":null,"breadcrumb_settings":null,"limit_modified_date":false,"ai":{"faqs":[],"keyPoints":[],"schemas":[],"titles":[],"descriptions":[],"socialPosts":{"email":[],"linkedin":[],"twitter":[],"facebook":[],"instagram":[]}},"created":"2026-06-22 06:54:57","updated":"2026-06-22 09:33:07","seo_analyzer_scan_date":null},"aioseo_breadcrumb":"<div class=\"aioseo-breadcrumbs\"><span class=\"aioseo-breadcrumb\">\n\t\t\t<a href=\"https:\/\/filiawieruszow.bpsieradz.pl\" title=\"Home\">Home<\/a>\n\t\t<\/span><span class=\"aioseo-breadcrumb-separator\">&raquo;<\/span><span class=\"aioseo-breadcrumb\">\n\t\t\t<a href=\"https:\/\/filiawieruszow.bpsieradz.pl\/index.php\/category\/aktualnosci\/\" title=\"Aktualno\u015bci\">Aktualno\u015bci<\/a>\n\t\t<\/span><span class=\"aioseo-breadcrumb-separator\">&raquo;<\/span><span class=\"aioseo-breadcrumb\">\n\t\t\tCzytanie na Polanie\n\t\t<\/span><\/div>","aioseo_breadcrumb_json":[{"label":"Home","link":"https:\/\/filiawieruszow.bpsieradz.pl"},{"label":"Aktualno\u015bci","link":"https:\/\/filiawieruszow.bpsieradz.pl\/index.php\/category\/aktualnosci\/"},{"label":"Czytanie na Polanie","link":"https:\/\/filiawieruszow.bpsieradz.pl\/index.php\/2026\/06\/22\/czytanie-na-polanie-2\/"}],"rttpg_featured_image_url":{"full":["https:\/\/filiawieruszow.bpsieradz.pl\/wp-content\/uploads\/2026\/06\/nggallery_import\/Czytanie-na-Polanie-2026-plakat.jpg",1600,1200,false],"landscape":["https:\/\/filiawieruszow.bpsieradz.pl\/wp-content\/uploads\/2026\/06\/nggallery_import\/Czytanie-na-Polanie-2026-plakat.jpg",1600,1200,false],"portraits":["https:\/\/filiawieruszow.bpsieradz.pl\/wp-content\/uploads\/2026\/06\/nggallery_import\/Czytanie-na-Polanie-2026-plakat.jpg",1600,1200,false],"thumbnail":["https:\/\/filiawieruszow.bpsieradz.pl\/wp-content\/uploads\/2026\/06\/nggallery_import\/Czytanie-na-Polanie-2026-plakat-150x150.jpg",150,150,true],"medium":["https:\/\/filiawieruszow.bpsieradz.pl\/wp-content\/uploads\/2026\/06\/nggallery_import\/Czytanie-na-Polanie-2026-plakat-300x225.jpg",300,225,true],"large":["https:\/\/filiawieruszow.bpsieradz.pl\/wp-content\/uploads\/2026\/06\/nggallery_import\/Czytanie-na-Polanie-2026-plakat-1024x768.jpg",800,600,true],"1536x1536":["https:\/\/filiawieruszow.bpsieradz.pl\/wp-content\/uploads\/2026\/06\/nggallery_import\/Czytanie-na-Polanie-2026-plakat-1536x1152.jpg",1536,1152,true],"2048x2048":["https:\/\/filiawieruszow.bpsieradz.pl\/wp-content\/uploads\/2026\/06\/nggallery_import\/Czytanie-na-Polanie-2026-plakat.jpg",1600,1200,false],"onepress-blog-small":["https:\/\/filiawieruszow.bpsieradz.pl\/wp-content\/uploads\/2026\/06\/nggallery_import\/Czytanie-na-Polanie-2026-plakat-300x150.jpg",300,150,true],"onepress-small":["https:\/\/filiawieruszow.bpsieradz.pl\/wp-content\/uploads\/2026\/06\/nggallery_import\/Czytanie-na-Polanie-2026-plakat-480x300.jpg",480,300,true],"onepress-medium":["https:\/\/filiawieruszow.bpsieradz.pl\/wp-content\/uploads\/2026\/06\/nggallery_import\/Czytanie-na-Polanie-2026-plakat-640x400.jpg",640,400,true]},"rttpg_author":{"display_name":"admin","author_link":"https:\/\/filiawieruszow.bpsieradz.pl\/index.php\/author\/admin\/"},"rttpg_comment":0,"rttpg_category":"<a href=\"https:\/\/filiawieruszow.bpsieradz.pl\/index.php\/category\/aktualnosci\/\" rel=\"category tag\">Aktualno\u015bci<\/a>","rttpg_excerpt":"Mi\u0119dzynarodowa akcja Czytanie na Polanie, kt\u00f3ra by\u0142a efektem spotka\u0144&nbsp; Sieci wsp\u00f3\u0142pracy i samokszta\u0142cenia nauczycieli edukacji wczesnoszkolnej i Sieci wsp\u00f3\u0142pracy i samokszta\u0142cenia nauczycieli bibliotekarzy dzia\u0142aj\u0105cych przy Centrum Rozwoju Edukacji Wojew\u00f3dztwa \u0141\u00f3dzkiego ...","_links":{"self":[{"href":"https:\/\/filiawieruszow.bpsieradz.pl\/index.php\/wp-json\/wp\/v2\/posts\/4114","targetHints":{"allow":["GET"]}}],"collection":[{"href":"https:\/\/filiawieruszow.bpsieradz.pl\/index.php\/wp-json\/wp\/v2\/posts"}],"about":[{"href":"https:\/\/filiawieruszow.bpsieradz.pl\/index.php\/wp-json\/wp\/v2\/types\/post"}],"author":[{"embeddable":true,"href":"https:\/\/filiawieruszow.bpsieradz.pl\/index.php\/wp-json\/wp\/v2\/users\/1"}],"replies":[{"embeddable":true,"href":"https:\/\/filiawieruszow.bpsieradz.pl\/index.php\/wp-json\/wp\/v2\/comments?post=4114"}],"version-history":[{"count":1,"href":"https:\/\/filiawieruszow.bpsieradz.pl\/index.php\/wp-json\/wp\/v2\/posts\/4114\/revisions"}],"predecessor-version":[{"id":4132,"href":"https:\/\/filiawieruszow.bpsieradz.pl\/index.php\/wp-json\/wp\/v2\/posts\/4114\/revisions\/4132"}],"wp:featuredmedia":[{"embeddable":true,"href":"https:\/\/filiawieruszow.bpsieradz.pl\/index.php\/wp-json\/wp\/v2\/media\/4131"}],"wp:attachment":[{"href":"https:\/\/filiawieruszow.bpsieradz.pl\/index.php\/wp-json\/wp\/v2\/media?parent=4114"}],"wp:term":[{"taxonomy":"category","embeddable":true,"href":"https:\/\/filiawieruszow.bpsieradz.pl\/index.php\/wp-json\/wp\/v2\/categories?post=4114"},{"taxonomy":"post_tag","embeddable":true,"href":"https:\/\/filiawieruszow.bpsieradz.pl\/index.php\/wp-json\/wp\/v2\/tags?post=4114"}],"curies":[{"name":"wp","href":"https:\/\/api.w.org\/{rel}","templated":true}]}}