{"id":4103,"date":"2026-03-05T07:58:38","date_gmt":"2026-03-05T07:58:38","guid":{"rendered":"http:\/\/filiawieruszow.bpsieradz.pl\/?p=4103"},"modified":"2026-03-05T07:59:18","modified_gmt":"2026-03-05T07:59:18","slug":"powiatowym-konkurs-plastyczno-literacki-pt-z-ksiazki-na-ekran-ale-najpierw-na-plakat","status":"publish","type":"post","link":"https:\/\/filiawieruszow.bpsieradz.pl\/index.php\/2026\/03\/05\/powiatowym-konkurs-plastyczno-literacki-pt-z-ksiazki-na-ekran-ale-najpierw-na-plakat\/","title":{"rendered":"Powiatowym konkurs plastyczno-literacki pt. \u201eZ ksi\u0105\u017cki na ekran\u2026 Ale najpierw na plakat\u201d"},"content":{"rendered":"\n<p class=\"wp-block-paragraph\">Centrum Rozwoju Edukacji Wojew\u00f3dztwa \u0141\u00f3dzkiego w Sieradzu Biblioteka Pedagogiczna w Sieradzu Filia w Wieruszowie serdecznie zaprasza uczni\u00f3w klas 7 i 8 szk\u00f3\u0142 podstawowych oraz uczni\u00f3w szk\u00f3\u0142 ponadpodstawowych do udzia\u0142u w powiatowym konkursie plastyczno-literackim pt. \u201eZ ksi\u0105\u017cki na ekran\u2026 Ale najpierw na plakat\u201d, organizowanym pod patronatem Starostwa Powiatowego w Wieruszowie.<\/p>\n\n\n<div class=\"wp-block-image\">\n<figure class=\"aligncenter size-full\"><img fetchpriority=\"high\" decoding=\"async\" width=\"500\" height=\"750\" src=\"http:\/\/filiawieruszow.bpsieradz.pl\/wp-content\/uploads\/2026\/03\/Z-ksiazki-na-ekran-ale.jpg\" alt=\"\" class=\"wp-image-4106\" srcset=\"https:\/\/filiawieruszow.bpsieradz.pl\/wp-content\/uploads\/2026\/03\/Z-ksiazki-na-ekran-ale.jpg 500w, https:\/\/filiawieruszow.bpsieradz.pl\/wp-content\/uploads\/2026\/03\/Z-ksiazki-na-ekran-ale-200x300.jpg 200w\" sizes=\"(max-width: 500px) 100vw, 500px\" \/><\/figure>\n<\/div>\n\n\n<p class=\"has-text-align-center wp-block-paragraph\"><a href=\"http:\/\/filiawieruszow.bpsieradz.pl\/wp-content\/uploads\/2026\/03\/Regulamin-konkursu-Z-ksiazki-na-plakat.pdf\" title=\"\">Regulamin konkursu<\/a><\/p>\n\n\n\n<p class=\"has-text-align-center wp-block-paragraph\"><a href=\"http:\/\/filiawieruszow.bpsieradz.pl\/wp-content\/uploads\/2026\/03\/Karta-zgloszenia-placowki-do-konkursu.pdf\" title=\"\">Karta zg\u0142oszenia plac\u00f3wki do konkursu<\/a><\/p>\n","protected":false},"excerpt":{"rendered":"<p>Centrum Rozwoju Edukacji Wojew\u00f3dztwa \u0141\u00f3dzkiego w Sieradzu Biblioteka Pedagogiczna w Sieradzu Filia w Wieruszowie serdecznie zaprasza uczni\u00f3w klas 7 i 8 szk\u00f3\u0142 podstawowych oraz uczni\u00f3w szk\u00f3\u0142 ponadpodstawowych do udzia\u0142u w &#8230;<\/p>\n","protected":false},"author":1,"featured_media":4106,"comment_status":"closed","ping_status":"open","sticky":false,"template":"","format":"standard","meta":{"om_disable_all_campaigns":false,"ngg_post_thumbnail":0,"footnotes":""},"categories":[3],"tags":[],"class_list":["post-4103","post","type-post","status-publish","format-standard","has-post-thumbnail","hentry","category-aktualnosci"],"aioseo_notices":[],"aioseo_head":"\n\t\t<!-- All in One SEO 4.9.10 - aioseo.com -->\n\t<meta name=\"description\" content=\"Centrum Rozwoju Edukacji Wojew\u00f3dztwa \u0141\u00f3dzkiego w Sieradzu Biblioteka Pedagogiczna w Sieradzu Filia w Wieruszowie serdecznie zaprasza uczni\u00f3w klas 7 i 8 szk\u00f3\u0142 podstawowych oraz uczni\u00f3w szk\u00f3\u0142 ponadpodstawowych do udzia\u0142u w powiatowym konkursie plastyczno-literackim pt. \u201eZ ksi\u0105\u017cki na ekran\u2026 Ale najpierw na plakat\u201d, organizowanym pod patronatem Starostwa Powiatowego w Wieruszowie. Regulamin konkursu Karta zg\u0142oszenia plac\u00f3wki do\" \/>\n\t<meta name=\"robots\" content=\"max-image-preview:large\" \/>\n\t<meta name=\"author\" content=\"admin\"\/>\n\t<link rel=\"canonical\" href=\"https:\/\/filiawieruszow.bpsieradz.pl\/index.php\/2026\/03\/05\/powiatowym-konkurs-plastyczno-literacki-pt-z-ksiazki-na-ekran-ale-najpierw-na-plakat\/\" \/>\n\t<meta name=\"generator\" content=\"All in One SEO (AIOSEO) 4.9.10\" \/>\n\t\t<meta property=\"og:locale\" content=\"pl_PL\" \/>\n\t\t<meta property=\"og:site_name\" content=\"Biblioteka Pedagogiczna w Sieradzu Filia w Wieruszowie -\" \/>\n\t\t<meta property=\"og:type\" content=\"article\" \/>\n\t\t<meta property=\"og:title\" content=\"Powiatowym konkurs plastyczno-literacki pt. \u201eZ ksi\u0105\u017cki na ekran\u2026 Ale najpierw na plakat\u201d - Biblioteka Pedagogiczna w Sieradzu Filia w Wieruszowie\" \/>\n\t\t<meta property=\"og:description\" content=\"Centrum Rozwoju Edukacji Wojew\u00f3dztwa \u0141\u00f3dzkiego w Sieradzu Biblioteka Pedagogiczna w Sieradzu Filia w Wieruszowie serdecznie zaprasza uczni\u00f3w klas 7 i 8 szk\u00f3\u0142 podstawowych oraz uczni\u00f3w szk\u00f3\u0142 ponadpodstawowych do udzia\u0142u w powiatowym konkursie plastyczno-literackim pt. \u201eZ ksi\u0105\u017cki na ekran\u2026 Ale najpierw na plakat\u201d, organizowanym pod patronatem Starostwa Powiatowego w Wieruszowie. Regulamin konkursu Karta zg\u0142oszenia plac\u00f3wki do\" \/>\n\t\t<meta property=\"og:url\" content=\"https:\/\/filiawieruszow.bpsieradz.pl\/index.php\/2026\/03\/05\/powiatowym-konkurs-plastyczno-literacki-pt-z-ksiazki-na-ekran-ale-najpierw-na-plakat\/\" \/>\n\t\t<meta property=\"og:image\" content=\"https:\/\/filiawieruszow.bpsieradz.pl\/wp-content\/uploads\/2025\/02\/CRE_lodzkie.jpg\" \/>\n\t\t<meta property=\"og:image:secure_url\" content=\"https:\/\/filiawieruszow.bpsieradz.pl\/wp-content\/uploads\/2025\/02\/CRE_lodzkie.jpg\" \/>\n\t\t<meta property=\"article:published_time\" content=\"2026-03-05T07:58:38+00:00\" \/>\n\t\t<meta property=\"article:modified_time\" content=\"2026-03-05T07:59:18+00:00\" \/>\n\t\t<meta name=\"twitter:card\" content=\"summary_large_image\" \/>\n\t\t<meta name=\"twitter:title\" content=\"Powiatowym konkurs plastyczno-literacki pt. \u201eZ ksi\u0105\u017cki na ekran\u2026 Ale najpierw na plakat\u201d - Biblioteka Pedagogiczna w Sieradzu Filia w Wieruszowie\" \/>\n\t\t<meta name=\"twitter:description\" content=\"Centrum Rozwoju Edukacji Wojew\u00f3dztwa \u0141\u00f3dzkiego w Sieradzu Biblioteka Pedagogiczna w Sieradzu Filia w Wieruszowie serdecznie zaprasza uczni\u00f3w klas 7 i 8 szk\u00f3\u0142 podstawowych oraz uczni\u00f3w szk\u00f3\u0142 ponadpodstawowych do udzia\u0142u w powiatowym konkursie plastyczno-literackim pt. \u201eZ ksi\u0105\u017cki na ekran\u2026 Ale najpierw na plakat\u201d, organizowanym pod patronatem Starostwa Powiatowego w Wieruszowie. Regulamin konkursu Karta zg\u0142oszenia plac\u00f3wki do\" \/>\n\t\t<meta name=\"twitter:image\" content=\"https:\/\/filiawieruszow.bpsieradz.pl\/wp-content\/uploads\/2025\/02\/CRE_lodzkie.jpg\" \/>\n\t\t<script type=\"application\/ld+json\" class=\"aioseo-schema\">\n\t\t\t{\"@context\":\"https:\\\/\\\/schema.org\",\"@graph\":[{\"@type\":\"BlogPosting\",\"@id\":\"https:\\\/\\\/filiawieruszow.bpsieradz.pl\\\/index.php\\\/2026\\\/03\\\/05\\\/powiatowym-konkurs-plastyczno-literacki-pt-z-ksiazki-na-ekran-ale-najpierw-na-plakat\\\/#blogposting\",\"name\":\"Powiatowym konkurs plastyczno-literacki pt. \\u201eZ ksi\\u0105\\u017cki na ekran\\u2026 Ale najpierw na plakat\\u201d - Biblioteka Pedagogiczna w Sieradzu Filia w Wieruszowie\",\"headline\":\"Powiatowym konkurs plastyczno-literacki pt. \\u201eZ ksi\\u0105\\u017cki na ekran\\u2026 Ale najpierw na plakat\\u201d\",\"author\":{\"@id\":\"https:\\\/\\\/filiawieruszow.bpsieradz.pl\\\/index.php\\\/author\\\/admin\\\/#author\"},\"publisher\":{\"@id\":\"https:\\\/\\\/filiawieruszow.bpsieradz.pl\\\/#organization\"},\"image\":{\"@type\":\"ImageObject\",\"url\":\"https:\\\/\\\/filiawieruszow.bpsieradz.pl\\\/wp-content\\\/uploads\\\/2026\\\/03\\\/Z-ksiazki-na-ekran-ale.jpg\",\"width\":500,\"height\":750},\"datePublished\":\"2026-03-05T07:58:38+00:00\",\"dateModified\":\"2026-03-05T07:59:18+00:00\",\"inLanguage\":\"pl-PL\",\"mainEntityOfPage\":{\"@id\":\"https:\\\/\\\/filiawieruszow.bpsieradz.pl\\\/index.php\\\/2026\\\/03\\\/05\\\/powiatowym-konkurs-plastyczno-literacki-pt-z-ksiazki-na-ekran-ale-najpierw-na-plakat\\\/#webpage\"},\"isPartOf\":{\"@id\":\"https:\\\/\\\/filiawieruszow.bpsieradz.pl\\\/index.php\\\/2026\\\/03\\\/05\\\/powiatowym-konkurs-plastyczno-literacki-pt-z-ksiazki-na-ekran-ale-najpierw-na-plakat\\\/#webpage\"},\"articleSection\":\"Aktualno\\u015bci\"},{\"@type\":\"BreadcrumbList\",\"@id\":\"https:\\\/\\\/filiawieruszow.bpsieradz.pl\\\/index.php\\\/2026\\\/03\\\/05\\\/powiatowym-konkurs-plastyczno-literacki-pt-z-ksiazki-na-ekran-ale-najpierw-na-plakat\\\/#breadcrumblist\",\"itemListElement\":[{\"@type\":\"ListItem\",\"@id\":\"https:\\\/\\\/filiawieruszow.bpsieradz.pl#listItem\",\"position\":1,\"name\":\"Home\",\"item\":\"https:\\\/\\\/filiawieruszow.bpsieradz.pl\",\"nextItem\":{\"@type\":\"ListItem\",\"@id\":\"https:\\\/\\\/filiawieruszow.bpsieradz.pl\\\/index.php\\\/category\\\/aktualnosci\\\/#listItem\",\"name\":\"Aktualno\\u015bci\"}},{\"@type\":\"ListItem\",\"@id\":\"https:\\\/\\\/filiawieruszow.bpsieradz.pl\\\/index.php\\\/category\\\/aktualnosci\\\/#listItem\",\"position\":2,\"name\":\"Aktualno\\u015bci\",\"item\":\"https:\\\/\\\/filiawieruszow.bpsieradz.pl\\\/index.php\\\/category\\\/aktualnosci\\\/\",\"nextItem\":{\"@type\":\"ListItem\",\"@id\":\"https:\\\/\\\/filiawieruszow.bpsieradz.pl\\\/index.php\\\/2026\\\/03\\\/05\\\/powiatowym-konkurs-plastyczno-literacki-pt-z-ksiazki-na-ekran-ale-najpierw-na-plakat\\\/#listItem\",\"name\":\"Powiatowym konkurs plastyczno-literacki pt. \\u201eZ ksi\\u0105\\u017cki na ekran\\u2026 Ale najpierw na plakat\\u201d\"},\"previousItem\":{\"@type\":\"ListItem\",\"@id\":\"https:\\\/\\\/filiawieruszow.bpsieradz.pl#listItem\",\"name\":\"Home\"}},{\"@type\":\"ListItem\",\"@id\":\"https:\\\/\\\/filiawieruszow.bpsieradz.pl\\\/index.php\\\/2026\\\/03\\\/05\\\/powiatowym-konkurs-plastyczno-literacki-pt-z-ksiazki-na-ekran-ale-najpierw-na-plakat\\\/#listItem\",\"position\":3,\"name\":\"Powiatowym konkurs plastyczno-literacki pt. \\u201eZ ksi\\u0105\\u017cki na ekran\\u2026 Ale najpierw na plakat\\u201d\",\"previousItem\":{\"@type\":\"ListItem\",\"@id\":\"https:\\\/\\\/filiawieruszow.bpsieradz.pl\\\/index.php\\\/category\\\/aktualnosci\\\/#listItem\",\"name\":\"Aktualno\\u015bci\"}}]},{\"@type\":\"Organization\",\"@id\":\"https:\\\/\\\/filiawieruszow.bpsieradz.pl\\\/#organization\",\"name\":\"Biblioteka Pedagogiczna w Sieradzu Filia w Wieruszowie\",\"url\":\"https:\\\/\\\/filiawieruszow.bpsieradz.pl\\\/\",\"logo\":{\"@type\":\"ImageObject\",\"url\":\"https:\\\/\\\/filiawieruszow.bpsieradz.pl\\\/wp-content\\\/uploads\\\/2025\\\/02\\\/CRE_lodzkie.jpg\",\"@id\":\"https:\\\/\\\/filiawieruszow.bpsieradz.pl\\\/index.php\\\/2026\\\/03\\\/05\\\/powiatowym-konkurs-plastyczno-literacki-pt-z-ksiazki-na-ekran-ale-najpierw-na-plakat\\\/#organizationLogo\",\"width\":323,\"height\":50},\"image\":{\"@id\":\"https:\\\/\\\/filiawieruszow.bpsieradz.pl\\\/index.php\\\/2026\\\/03\\\/05\\\/powiatowym-konkurs-plastyczno-literacki-pt-z-ksiazki-na-ekran-ale-najpierw-na-plakat\\\/#organizationLogo\"}},{\"@type\":\"Person\",\"@id\":\"https:\\\/\\\/filiawieruszow.bpsieradz.pl\\\/index.php\\\/author\\\/admin\\\/#author\",\"url\":\"https:\\\/\\\/filiawieruszow.bpsieradz.pl\\\/index.php\\\/author\\\/admin\\\/\",\"name\":\"admin\",\"image\":{\"@type\":\"ImageObject\",\"@id\":\"https:\\\/\\\/filiawieruszow.bpsieradz.pl\\\/index.php\\\/2026\\\/03\\\/05\\\/powiatowym-konkurs-plastyczno-literacki-pt-z-ksiazki-na-ekran-ale-najpierw-na-plakat\\\/#authorImage\",\"url\":\"https:\\\/\\\/secure.gravatar.com\\\/avatar\\\/7c9baecea61c950fa0ace417ade1d91ec20251533a476dc4eb52114bf5576b3a?s=96&d=mm&r=g\",\"width\":96,\"height\":96,\"caption\":\"admin\"}},{\"@type\":\"WebPage\",\"@id\":\"https:\\\/\\\/filiawieruszow.bpsieradz.pl\\\/index.php\\\/2026\\\/03\\\/05\\\/powiatowym-konkurs-plastyczno-literacki-pt-z-ksiazki-na-ekran-ale-najpierw-na-plakat\\\/#webpage\",\"url\":\"https:\\\/\\\/filiawieruszow.bpsieradz.pl\\\/index.php\\\/2026\\\/03\\\/05\\\/powiatowym-konkurs-plastyczno-literacki-pt-z-ksiazki-na-ekran-ale-najpierw-na-plakat\\\/\",\"name\":\"Powiatowym konkurs plastyczno-literacki pt. \\u201eZ ksi\\u0105\\u017cki na ekran\\u2026 Ale najpierw na plakat\\u201d - Biblioteka Pedagogiczna w Sieradzu Filia w Wieruszowie\",\"description\":\"Centrum Rozwoju Edukacji Wojew\\u00f3dztwa \\u0141\\u00f3dzkiego w Sieradzu Biblioteka Pedagogiczna w Sieradzu Filia w Wieruszowie serdecznie zaprasza uczni\\u00f3w klas 7 i 8 szk\\u00f3\\u0142 podstawowych oraz uczni\\u00f3w szk\\u00f3\\u0142 ponadpodstawowych do udzia\\u0142u w powiatowym konkursie plastyczno-literackim pt. \\u201eZ ksi\\u0105\\u017cki na ekran\\u2026 Ale najpierw na plakat\\u201d, organizowanym pod patronatem Starostwa Powiatowego w Wieruszowie. Regulamin konkursu Karta zg\\u0142oszenia plac\\u00f3wki do\",\"inLanguage\":\"pl-PL\",\"isPartOf\":{\"@id\":\"https:\\\/\\\/filiawieruszow.bpsieradz.pl\\\/#website\"},\"breadcrumb\":{\"@id\":\"https:\\\/\\\/filiawieruszow.bpsieradz.pl\\\/index.php\\\/2026\\\/03\\\/05\\\/powiatowym-konkurs-plastyczno-literacki-pt-z-ksiazki-na-ekran-ale-najpierw-na-plakat\\\/#breadcrumblist\"},\"author\":{\"@id\":\"https:\\\/\\\/filiawieruszow.bpsieradz.pl\\\/index.php\\\/author\\\/admin\\\/#author\"},\"creator\":{\"@id\":\"https:\\\/\\\/filiawieruszow.bpsieradz.pl\\\/index.php\\\/author\\\/admin\\\/#author\"},\"image\":{\"@type\":\"ImageObject\",\"url\":\"https:\\\/\\\/filiawieruszow.bpsieradz.pl\\\/wp-content\\\/uploads\\\/2026\\\/03\\\/Z-ksiazki-na-ekran-ale.jpg\",\"@id\":\"https:\\\/\\\/filiawieruszow.bpsieradz.pl\\\/index.php\\\/2026\\\/03\\\/05\\\/powiatowym-konkurs-plastyczno-literacki-pt-z-ksiazki-na-ekran-ale-najpierw-na-plakat\\\/#mainImage\",\"width\":500,\"height\":750},\"primaryImageOfPage\":{\"@id\":\"https:\\\/\\\/filiawieruszow.bpsieradz.pl\\\/index.php\\\/2026\\\/03\\\/05\\\/powiatowym-konkurs-plastyczno-literacki-pt-z-ksiazki-na-ekran-ale-najpierw-na-plakat\\\/#mainImage\"},\"datePublished\":\"2026-03-05T07:58:38+00:00\",\"dateModified\":\"2026-03-05T07:59:18+00:00\"},{\"@type\":\"WebSite\",\"@id\":\"https:\\\/\\\/filiawieruszow.bpsieradz.pl\\\/#website\",\"url\":\"https:\\\/\\\/filiawieruszow.bpsieradz.pl\\\/\",\"name\":\"Biblioteka Pedagogiczna w Sieradzu Filia w Wieruszowie\",\"inLanguage\":\"pl-PL\",\"publisher\":{\"@id\":\"https:\\\/\\\/filiawieruszow.bpsieradz.pl\\\/#organization\"}}]}\n\t\t<\/script>\n\t\t<!-- All in One SEO -->\n\n","aioseo_head_json":{"title":"Powiatowym konkurs plastyczno-literacki pt. \u201eZ ksi\u0105\u017cki na ekran\u2026 Ale najpierw na plakat\u201d - Biblioteka Pedagogiczna w Sieradzu Filia w Wieruszowie","description":"Centrum Rozwoju Edukacji Wojew\u00f3dztwa \u0141\u00f3dzkiego w Sieradzu Biblioteka Pedagogiczna w Sieradzu Filia w Wieruszowie serdecznie zaprasza uczni\u00f3w klas 7 i 8 szk\u00f3\u0142 podstawowych oraz uczni\u00f3w szk\u00f3\u0142 ponadpodstawowych do udzia\u0142u w powiatowym konkursie plastyczno-literackim pt. \u201eZ ksi\u0105\u017cki na ekran\u2026 Ale najpierw na plakat\u201d, organizowanym pod patronatem Starostwa Powiatowego w Wieruszowie. Regulamin konkursu Karta zg\u0142oszenia plac\u00f3wki do","canonical_url":"https:\/\/filiawieruszow.bpsieradz.pl\/index.php\/2026\/03\/05\/powiatowym-konkurs-plastyczno-literacki-pt-z-ksiazki-na-ekran-ale-najpierw-na-plakat\/","robots":"max-image-preview:large","keywords":"","webmasterTools":{"miscellaneous":""},"schema":{"@context":"https:\/\/schema.org","@graph":[{"@type":"BlogPosting","@id":"https:\/\/filiawieruszow.bpsieradz.pl\/index.php\/2026\/03\/05\/powiatowym-konkurs-plastyczno-literacki-pt-z-ksiazki-na-ekran-ale-najpierw-na-plakat\/#blogposting","name":"Powiatowym konkurs plastyczno-literacki pt. \u201eZ ksi\u0105\u017cki na ekran\u2026 Ale najpierw na plakat\u201d - Biblioteka Pedagogiczna w Sieradzu Filia w Wieruszowie","headline":"Powiatowym konkurs plastyczno-literacki pt. \u201eZ ksi\u0105\u017cki na ekran\u2026 Ale najpierw na plakat\u201d","author":{"@id":"https:\/\/filiawieruszow.bpsieradz.pl\/index.php\/author\/admin\/#author"},"publisher":{"@id":"https:\/\/filiawieruszow.bpsieradz.pl\/#organization"},"image":{"@type":"ImageObject","url":"https:\/\/filiawieruszow.bpsieradz.pl\/wp-content\/uploads\/2026\/03\/Z-ksiazki-na-ekran-ale.jpg","width":500,"height":750},"datePublished":"2026-03-05T07:58:38+00:00","dateModified":"2026-03-05T07:59:18+00:00","inLanguage":"pl-PL","mainEntityOfPage":{"@id":"https:\/\/filiawieruszow.bpsieradz.pl\/index.php\/2026\/03\/05\/powiatowym-konkurs-plastyczno-literacki-pt-z-ksiazki-na-ekran-ale-najpierw-na-plakat\/#webpage"},"isPartOf":{"@id":"https:\/\/filiawieruszow.bpsieradz.pl\/index.php\/2026\/03\/05\/powiatowym-konkurs-plastyczno-literacki-pt-z-ksiazki-na-ekran-ale-najpierw-na-plakat\/#webpage"},"articleSection":"Aktualno\u015bci"},{"@type":"BreadcrumbList","@id":"https:\/\/filiawieruszow.bpsieradz.pl\/index.php\/2026\/03\/05\/powiatowym-konkurs-plastyczno-literacki-pt-z-ksiazki-na-ekran-ale-najpierw-na-plakat\/#breadcrumblist","itemListElement":[{"@type":"ListItem","@id":"https:\/\/filiawieruszow.bpsieradz.pl#listItem","position":1,"name":"Home","item":"https:\/\/filiawieruszow.bpsieradz.pl","nextItem":{"@type":"ListItem","@id":"https:\/\/filiawieruszow.bpsieradz.pl\/index.php\/category\/aktualnosci\/#listItem","name":"Aktualno\u015bci"}},{"@type":"ListItem","@id":"https:\/\/filiawieruszow.bpsieradz.pl\/index.php\/category\/aktualnosci\/#listItem","position":2,"name":"Aktualno\u015bci","item":"https:\/\/filiawieruszow.bpsieradz.pl\/index.php\/category\/aktualnosci\/","nextItem":{"@type":"ListItem","@id":"https:\/\/filiawieruszow.bpsieradz.pl\/index.php\/2026\/03\/05\/powiatowym-konkurs-plastyczno-literacki-pt-z-ksiazki-na-ekran-ale-najpierw-na-plakat\/#listItem","name":"Powiatowym konkurs plastyczno-literacki pt. \u201eZ ksi\u0105\u017cki na ekran\u2026 Ale najpierw na plakat\u201d"},"previousItem":{"@type":"ListItem","@id":"https:\/\/filiawieruszow.bpsieradz.pl#listItem","name":"Home"}},{"@type":"ListItem","@id":"https:\/\/filiawieruszow.bpsieradz.pl\/index.php\/2026\/03\/05\/powiatowym-konkurs-plastyczno-literacki-pt-z-ksiazki-na-ekran-ale-najpierw-na-plakat\/#listItem","position":3,"name":"Powiatowym konkurs plastyczno-literacki pt. \u201eZ ksi\u0105\u017cki na ekran\u2026 Ale najpierw na plakat\u201d","previousItem":{"@type":"ListItem","@id":"https:\/\/filiawieruszow.bpsieradz.pl\/index.php\/category\/aktualnosci\/#listItem","name":"Aktualno\u015bci"}}]},{"@type":"Organization","@id":"https:\/\/filiawieruszow.bpsieradz.pl\/#organization","name":"Biblioteka Pedagogiczna w Sieradzu Filia w Wieruszowie","url":"https:\/\/filiawieruszow.bpsieradz.pl\/","logo":{"@type":"ImageObject","url":"https:\/\/filiawieruszow.bpsieradz.pl\/wp-content\/uploads\/2025\/02\/CRE_lodzkie.jpg","@id":"https:\/\/filiawieruszow.bpsieradz.pl\/index.php\/2026\/03\/05\/powiatowym-konkurs-plastyczno-literacki-pt-z-ksiazki-na-ekran-ale-najpierw-na-plakat\/#organizationLogo","width":323,"height":50},"image":{"@id":"https:\/\/filiawieruszow.bpsieradz.pl\/index.php\/2026\/03\/05\/powiatowym-konkurs-plastyczno-literacki-pt-z-ksiazki-na-ekran-ale-najpierw-na-plakat\/#organizationLogo"}},{"@type":"Person","@id":"https:\/\/filiawieruszow.bpsieradz.pl\/index.php\/author\/admin\/#author","url":"https:\/\/filiawieruszow.bpsieradz.pl\/index.php\/author\/admin\/","name":"admin","image":{"@type":"ImageObject","@id":"https:\/\/filiawieruszow.bpsieradz.pl\/index.php\/2026\/03\/05\/powiatowym-konkurs-plastyczno-literacki-pt-z-ksiazki-na-ekran-ale-najpierw-na-plakat\/#authorImage","url":"https:\/\/secure.gravatar.com\/avatar\/7c9baecea61c950fa0ace417ade1d91ec20251533a476dc4eb52114bf5576b3a?s=96&d=mm&r=g","width":96,"height":96,"caption":"admin"}},{"@type":"WebPage","@id":"https:\/\/filiawieruszow.bpsieradz.pl\/index.php\/2026\/03\/05\/powiatowym-konkurs-plastyczno-literacki-pt-z-ksiazki-na-ekran-ale-najpierw-na-plakat\/#webpage","url":"https:\/\/filiawieruszow.bpsieradz.pl\/index.php\/2026\/03\/05\/powiatowym-konkurs-plastyczno-literacki-pt-z-ksiazki-na-ekran-ale-najpierw-na-plakat\/","name":"Powiatowym konkurs plastyczno-literacki pt. \u201eZ ksi\u0105\u017cki na ekran\u2026 Ale najpierw na plakat\u201d - Biblioteka Pedagogiczna w Sieradzu Filia w Wieruszowie","description":"Centrum Rozwoju Edukacji Wojew\u00f3dztwa \u0141\u00f3dzkiego w Sieradzu Biblioteka Pedagogiczna w Sieradzu Filia w Wieruszowie serdecznie zaprasza uczni\u00f3w klas 7 i 8 szk\u00f3\u0142 podstawowych oraz uczni\u00f3w szk\u00f3\u0142 ponadpodstawowych do udzia\u0142u w powiatowym konkursie plastyczno-literackim pt. \u201eZ ksi\u0105\u017cki na ekran\u2026 Ale najpierw na plakat\u201d, organizowanym pod patronatem Starostwa Powiatowego w Wieruszowie. Regulamin konkursu Karta zg\u0142oszenia plac\u00f3wki do","inLanguage":"pl-PL","isPartOf":{"@id":"https:\/\/filiawieruszow.bpsieradz.pl\/#website"},"breadcrumb":{"@id":"https:\/\/filiawieruszow.bpsieradz.pl\/index.php\/2026\/03\/05\/powiatowym-konkurs-plastyczno-literacki-pt-z-ksiazki-na-ekran-ale-najpierw-na-plakat\/#breadcrumblist"},"author":{"@id":"https:\/\/filiawieruszow.bpsieradz.pl\/index.php\/author\/admin\/#author"},"creator":{"@id":"https:\/\/filiawieruszow.bpsieradz.pl\/index.php\/author\/admin\/#author"},"image":{"@type":"ImageObject","url":"https:\/\/filiawieruszow.bpsieradz.pl\/wp-content\/uploads\/2026\/03\/Z-ksiazki-na-ekran-ale.jpg","@id":"https:\/\/filiawieruszow.bpsieradz.pl\/index.php\/2026\/03\/05\/powiatowym-konkurs-plastyczno-literacki-pt-z-ksiazki-na-ekran-ale-najpierw-na-plakat\/#mainImage","width":500,"height":750},"primaryImageOfPage":{"@id":"https:\/\/filiawieruszow.bpsieradz.pl\/index.php\/2026\/03\/05\/powiatowym-konkurs-plastyczno-literacki-pt-z-ksiazki-na-ekran-ale-najpierw-na-plakat\/#mainImage"},"datePublished":"2026-03-05T07:58:38+00:00","dateModified":"2026-03-05T07:59:18+00:00"},{"@type":"WebSite","@id":"https:\/\/filiawieruszow.bpsieradz.pl\/#website","url":"https:\/\/filiawieruszow.bpsieradz.pl\/","name":"Biblioteka Pedagogiczna w Sieradzu Filia w Wieruszowie","inLanguage":"pl-PL","publisher":{"@id":"https:\/\/filiawieruszow.bpsieradz.pl\/#organization"}}]},"og:locale":"pl_PL","og:site_name":"Biblioteka Pedagogiczna w Sieradzu Filia w Wieruszowie -","og:type":"article","og:title":"Powiatowym konkurs plastyczno-literacki pt. \u201eZ ksi\u0105\u017cki na ekran\u2026 Ale najpierw na plakat\u201d - Biblioteka Pedagogiczna w Sieradzu Filia w Wieruszowie","og:description":"Centrum Rozwoju Edukacji Wojew\u00f3dztwa \u0141\u00f3dzkiego w Sieradzu Biblioteka Pedagogiczna w Sieradzu Filia w Wieruszowie serdecznie zaprasza uczni\u00f3w klas 7 i 8 szk\u00f3\u0142 podstawowych oraz uczni\u00f3w szk\u00f3\u0142 ponadpodstawowych do udzia\u0142u w powiatowym konkursie plastyczno-literackim pt. \u201eZ ksi\u0105\u017cki na ekran\u2026 Ale najpierw na plakat\u201d, organizowanym pod patronatem Starostwa Powiatowego w Wieruszowie. Regulamin konkursu Karta zg\u0142oszenia plac\u00f3wki do","og:url":"https:\/\/filiawieruszow.bpsieradz.pl\/index.php\/2026\/03\/05\/powiatowym-konkurs-plastyczno-literacki-pt-z-ksiazki-na-ekran-ale-najpierw-na-plakat\/","og:image":"https:\/\/filiawieruszow.bpsieradz.pl\/wp-content\/uploads\/2025\/02\/CRE_lodzkie.jpg","og:image:secure_url":"https:\/\/filiawieruszow.bpsieradz.pl\/wp-content\/uploads\/2025\/02\/CRE_lodzkie.jpg","article:published_time":"2026-03-05T07:58:38+00:00","article:modified_time":"2026-03-05T07:59:18+00:00","twitter:card":"summary_large_image","twitter:title":"Powiatowym konkurs plastyczno-literacki pt. \u201eZ ksi\u0105\u017cki na ekran\u2026 Ale najpierw na plakat\u201d - Biblioteka Pedagogiczna w Sieradzu Filia w Wieruszowie","twitter:description":"Centrum Rozwoju Edukacji Wojew\u00f3dztwa \u0141\u00f3dzkiego w Sieradzu Biblioteka Pedagogiczna w Sieradzu Filia w Wieruszowie serdecznie zaprasza uczni\u00f3w klas 7 i 8 szk\u00f3\u0142 podstawowych oraz uczni\u00f3w szk\u00f3\u0142 ponadpodstawowych do udzia\u0142u w powiatowym konkursie plastyczno-literackim pt. \u201eZ ksi\u0105\u017cki na ekran\u2026 Ale najpierw na plakat\u201d, organizowanym pod patronatem Starostwa Powiatowego w Wieruszowie. Regulamin konkursu Karta zg\u0142oszenia plac\u00f3wki do","twitter:image":"https:\/\/filiawieruszow.bpsieradz.pl\/wp-content\/uploads\/2025\/02\/CRE_lodzkie.jpg"},"aioseo_meta_data":{"post_id":"4103","title":null,"description":null,"keywords":null,"keyphrases":{"focus":{"keyphrase":"","score":0,"analysis":{"keyphraseInTitle":{"score":0,"maxScore":9,"error":1}}},"additional":[]},"primary_term":null,"canonical_url":null,"og_title":null,"og_description":null,"og_object_type":"default","og_image_type":"default","og_image_url":null,"og_image_width":null,"og_image_height":null,"og_image_custom_url":null,"og_image_custom_fields":null,"og_video":"","og_custom_url":null,"og_article_section":null,"og_article_tags":null,"twitter_use_og":false,"twitter_card":"default","twitter_image_type":"default","twitter_image_url":null,"twitter_image_custom_url":null,"twitter_image_custom_fields":null,"twitter_title":null,"twitter_description":null,"schema":{"blockGraphs":[],"customGraphs":[],"default":{"data":{"Article":[],"Course":[],"Dataset":[],"FAQPage":[],"Movie":[],"Person":[],"Product":[],"ProductReview":[],"Car":[],"Recipe":[],"Service":[],"SoftwareApplication":[],"WebPage":[]},"graphName":"BlogPosting","isEnabled":true},"graphs":[]},"schema_type":"default","schema_type_options":null,"pillar_content":false,"robots_default":true,"robots_noindex":false,"robots_noarchive":false,"robots_nosnippet":false,"robots_nofollow":false,"robots_noimageindex":false,"robots_noodp":false,"robots_notranslate":false,"robots_max_snippet":"-1","robots_max_videopreview":"-1","robots_max_imagepreview":"large","priority":null,"frequency":"default","local_seo":null,"breadcrumb_settings":null,"limit_modified_date":false,"ai":{"faqs":[],"keyPoints":[],"titles":[],"descriptions":[],"socialPosts":{"email":[],"linkedin":[],"twitter":[],"facebook":[],"instagram":[]}},"created":"2026-03-05 07:58:39","updated":"2026-03-05 08:30:44","seo_analyzer_scan_date":null},"aioseo_breadcrumb":"<div class=\"aioseo-breadcrumbs\"><span class=\"aioseo-breadcrumb\">\n\t\t\t<a href=\"https:\/\/filiawieruszow.bpsieradz.pl\" title=\"Home\">Home<\/a>\n\t\t<\/span><span class=\"aioseo-breadcrumb-separator\">&raquo;<\/span><span class=\"aioseo-breadcrumb\">\n\t\t\t<a href=\"https:\/\/filiawieruszow.bpsieradz.pl\/index.php\/category\/aktualnosci\/\" title=\"Aktualno\u015bci\">Aktualno\u015bci<\/a>\n\t\t<\/span><span class=\"aioseo-breadcrumb-separator\">&raquo;<\/span><span class=\"aioseo-breadcrumb\">\n\t\t\tPowiatowym konkurs plastyczno-literacki pt. \u201eZ ksi\u0105\u017cki na ekran\u2026 Ale najpierw na plakat\u201d\n\t\t<\/span><\/div>","aioseo_breadcrumb_json":[{"label":"Home","link":"https:\/\/filiawieruszow.bpsieradz.pl"},{"label":"Aktualno\u015bci","link":"https:\/\/filiawieruszow.bpsieradz.pl\/index.php\/category\/aktualnosci\/"},{"label":"Powiatowym konkurs plastyczno-literacki pt. \u201eZ ksi\u0105\u017cki na ekran\u2026 Ale najpierw na plakat\u201d","link":"https:\/\/filiawieruszow.bpsieradz.pl\/index.php\/2026\/03\/05\/powiatowym-konkurs-plastyczno-literacki-pt-z-ksiazki-na-ekran-ale-najpierw-na-plakat\/"}],"rttpg_featured_image_url":{"full":["https:\/\/filiawieruszow.bpsieradz.pl\/wp-content\/uploads\/2026\/03\/Z-ksiazki-na-ekran-ale.jpg",500,750,false],"landscape":["https:\/\/filiawieruszow.bpsieradz.pl\/wp-content\/uploads\/2026\/03\/Z-ksiazki-na-ekran-ale.jpg",500,750,false],"portraits":["https:\/\/filiawieruszow.bpsieradz.pl\/wp-content\/uploads\/2026\/03\/Z-ksiazki-na-ekran-ale.jpg",500,750,false],"thumbnail":["https:\/\/filiawieruszow.bpsieradz.pl\/wp-content\/uploads\/2026\/03\/Z-ksiazki-na-ekran-ale-150x150.jpg",150,150,true],"medium":["https:\/\/filiawieruszow.bpsieradz.pl\/wp-content\/uploads\/2026\/03\/Z-ksiazki-na-ekran-ale-200x300.jpg",200,300,true],"large":["https:\/\/filiawieruszow.bpsieradz.pl\/wp-content\/uploads\/2026\/03\/Z-ksiazki-na-ekran-ale.jpg",500,750,false],"1536x1536":["https:\/\/filiawieruszow.bpsieradz.pl\/wp-content\/uploads\/2026\/03\/Z-ksiazki-na-ekran-ale.jpg",500,750,false],"2048x2048":["https:\/\/filiawieruszow.bpsieradz.pl\/wp-content\/uploads\/2026\/03\/Z-ksiazki-na-ekran-ale.jpg",500,750,false],"onepress-blog-small":["https:\/\/filiawieruszow.bpsieradz.pl\/wp-content\/uploads\/2026\/03\/Z-ksiazki-na-ekran-ale-300x150.jpg",300,150,true],"onepress-small":["https:\/\/filiawieruszow.bpsieradz.pl\/wp-content\/uploads\/2026\/03\/Z-ksiazki-na-ekran-ale-480x300.jpg",480,300,true],"onepress-medium":["https:\/\/filiawieruszow.bpsieradz.pl\/wp-content\/uploads\/2026\/03\/Z-ksiazki-na-ekran-ale-500x400.jpg",500,400,true]},"rttpg_author":{"display_name":"admin","author_link":"https:\/\/filiawieruszow.bpsieradz.pl\/index.php\/author\/admin\/"},"rttpg_comment":0,"rttpg_category":"<a href=\"https:\/\/filiawieruszow.bpsieradz.pl\/index.php\/category\/aktualnosci\/\" rel=\"category tag\">Aktualno\u015bci<\/a>","rttpg_excerpt":"Centrum Rozwoju Edukacji Wojew\u00f3dztwa \u0141\u00f3dzkiego w Sieradzu Biblioteka Pedagogiczna w Sieradzu Filia w Wieruszowie serdecznie zaprasza uczni\u00f3w klas 7 i 8 szk\u00f3\u0142 podstawowych oraz uczni\u00f3w szk\u00f3\u0142 ponadpodstawowych do udzia\u0142u w ...","_links":{"self":[{"href":"https:\/\/filiawieruszow.bpsieradz.pl\/index.php\/wp-json\/wp\/v2\/posts\/4103","targetHints":{"allow":["GET"]}}],"collection":[{"href":"https:\/\/filiawieruszow.bpsieradz.pl\/index.php\/wp-json\/wp\/v2\/posts"}],"about":[{"href":"https:\/\/filiawieruszow.bpsieradz.pl\/index.php\/wp-json\/wp\/v2\/types\/post"}],"author":[{"embeddable":true,"href":"https:\/\/filiawieruszow.bpsieradz.pl\/index.php\/wp-json\/wp\/v2\/users\/1"}],"replies":[{"embeddable":true,"href":"https:\/\/filiawieruszow.bpsieradz.pl\/index.php\/wp-json\/wp\/v2\/comments?post=4103"}],"version-history":[{"count":2,"href":"https:\/\/filiawieruszow.bpsieradz.pl\/index.php\/wp-json\/wp\/v2\/posts\/4103\/revisions"}],"predecessor-version":[{"id":4108,"href":"https:\/\/filiawieruszow.bpsieradz.pl\/index.php\/wp-json\/wp\/v2\/posts\/4103\/revisions\/4108"}],"wp:featuredmedia":[{"embeddable":true,"href":"https:\/\/filiawieruszow.bpsieradz.pl\/index.php\/wp-json\/wp\/v2\/media\/4106"}],"wp:attachment":[{"href":"https:\/\/filiawieruszow.bpsieradz.pl\/index.php\/wp-json\/wp\/v2\/media?parent=4103"}],"wp:term":[{"taxonomy":"category","embeddable":true,"href":"https:\/\/filiawieruszow.bpsieradz.pl\/index.php\/wp-json\/wp\/v2\/categories?post=4103"},{"taxonomy":"post_tag","embeddable":true,"href":"https:\/\/filiawieruszow.bpsieradz.pl\/index.php\/wp-json\/wp\/v2\/tags?post=4103"}],"curies":[{"name":"wp","href":"https:\/\/api.w.org\/{rel}","templated":true}]}}