{"id":4072,"date":"2025-12-10T07:24:27","date_gmt":"2025-12-10T07:24:27","guid":{"rendered":"https:\/\/wieruszowfilia.bpsieradz.pl\/?p=4072"},"modified":"2025-12-10T07:24:28","modified_gmt":"2025-12-10T07:24:28","slug":"powiatowy-konkurs-plastyczny-dla-klas-i-iii","status":"publish","type":"post","link":"https:\/\/filiawieruszow.bpsieradz.pl\/index.php\/2025\/12\/10\/powiatowy-konkurs-plastyczny-dla-klas-i-iii\/","title":{"rendered":"Powiatowy konkurs plastyczny dla klas I &#8211; III"},"content":{"rendered":"\n<p class=\"wp-block-paragraph\">5 grudnia 2025 r. w Centrum Rozwoju Edukacji Wojew\u00f3dztwa \u0141\u00f3dzkiego w Sieradzu Biblioteka Pedagogiczna w Sieradzu Filia w Wieruszowie odby\u0142o si\u0119 uroczyste wr\u0119czenie nagr\u00f3d w konkursie <strong>pn.: Narysuj\u0119 Ci emocje\u2026 w oparciu o wybrane teksty literackie.<\/strong> W podsumowaniu konkursu, ods\u0142oni\u0119ciu prac laureat\u00f3w, oficjalnym otwarciu wystawy wzi\u0119\u0142a udzia\u0142 Dyrektor Centrum Rozwoju Edukacji Wojew\u00f3dztwa \u0141\u00f3dzkiego w Sieradzu Daniela Danielewska-Matusiak, kt\u00f3ra wr\u0119cza\u0142a nagrody wszystkim uczestnikom.<\/p>\n\n\n\n<p class=\"wp-block-paragraph\">Konkurs plastyczny by\u0142 przedsi\u0119wzi\u0119ciem zaplanowanym w ramach realizacji projektu zadania z Bud\u017cetu Obywatelskiego \u201e\u0142\u00f3dzkie na plus\u201d na rok 2025 pt. <em>Ksi\u0105\u017ck\u0105 wspieramy \u2013 biblioterapia dla zdrowia psychicznego i fizycznego dzieci. <\/em>Celem by\u0142o rozbudzanie zainteresowa\u0144 i potrzeb czytelniczych uczni\u00f3w przez dzia\u0142ania promuj\u0105ce literatur\u0119. W pracach uczniowie pokazali swoj\u0105 kreatywno\u015b\u0107, pomys\u0142owo\u015b\u0107, umiej\u0119tno\u015b\u0107 doboru materia\u0142\u00f3w i technik plastycznych w przekazaniu emocji poznanych dzi\u0119ki wybranym tekstom literackim \u2013 bajkach o emocjach.<\/p>\n\n\n\n<p class=\"wp-block-paragraph\">W konkursie udzia\u0142 bra\u0142y prace indywidualne z 10 szk\u00f3\u0142 powiatu:<\/p>\n\n\n\n<p class=\"wp-block-paragraph\"><strong><u>Plac\u00f3wki uczestnicz\u0105ce w konkursie<\/u><\/strong>:<\/p>\n\n\n\n<ul class=\"wp-block-list\">\n<li>Szko\u0142a Podstawowa nr 1 im. Janusza Korczaka w Wieruszowie (38 prac)<\/li>\n\n\n\n<li>Szko\u0142a Podstawowa nr 2 im. Marsza\u0142ka J\u00f3zefa Pi\u0142sudskiego w Wieruszowie (9 prac)<\/li>\n\n\n\n<li>Szko\u0142a Podstawowa nr 3 im. Jana Paw\u0142a II w Wieruszowie (21 prac)<\/li>\n\n\n\n<li>Szko\u0142a Podstawowa w Niwiskach (11 prac)<\/li>\n\n\n\n<li>Szko\u0142a Podstawowa im. Korpusu Ochrony Pogranicza w Boles\u0142awcu (7 prac)<\/li>\n\n\n\n<li>Szko\u0142a Podstawowa w Parciciach (4 prace)<\/li>\n\n\n\n<li>Szko\u0142a Podstawowa w Wyszanowie (8 prac)<\/li>\n\n\n\n<li>Szko\u0142a Podstawowa w W\u00f3jcinie (7 prac)<\/li>\n\n\n\n<li>Zesp\u00f3\u0142 Szk\u00f3\u0142 im. Jana Paw\u0142a II w Sokolnikach (15 prac)<\/li>\n\n\n\n<li>Zesp\u00f3\u0142 Szk\u00f3\u0142 w Starym Och\u0119dzynie (1 praca)<\/li>\n<\/ul>\n\n\n\n<p class=\"wp-block-paragraph\">Opiekunowie uczestnik\u00f3w konkursu z\u0142o\u017cyli 121 prac konkursowych. Jury w sk\u0142adzie: Arletta Sip \u2013 przewodnicz\u0105ca (CREW\u0141 w Sieradzu Biblioteka Pedagogiczna\u00a0 w Sieradzu Filia w Wieruszowie,\u00a0 Agnieszka Dybul i Bernadeta Oko\u0144 (Miejsko-Gminna Biblioteka Publiczna w Wieruszowie) wybra\u0142o laureat\u00f3w:<\/p>\n\n\n\n<p class=\"wp-block-paragraph\"><strong><u>I miejsce<\/u><\/strong>:<\/p>\n\n\n\n<p class=\"wp-block-paragraph\"><strong>Dominika Werbicka<\/strong> &#8211; Szko\u0142a Podstawowa<a> <\/a>w Niwiskach<\/p>\n\n\n\n<p class=\"wp-block-paragraph\"><strong><u>II miejsce<\/u><\/strong>:<\/p>\n\n\n\n<p class=\"wp-block-paragraph\"><strong>Zuzanna Dobro\u015b <\/strong>\u2013 Szko\u0142a Podstawowa nr 1 im. Janusza Korczaka w Wieruszowie<\/p>\n\n\n\n<p class=\"wp-block-paragraph\"><strong>Jan Pacyna <\/strong>\u2013 Szko\u0142a Podstawowa w Parcicach<\/p>\n\n\n\n<p class=\"wp-block-paragraph\"><strong><u>III miejsce<\/u><\/strong>:<\/p>\n\n\n\n<p class=\"wp-block-paragraph\"><strong>Eliza Szwaracka<\/strong> \u2013 Szko\u0142a Podstawowa w W\u00f3jcinie<\/p>\n\n\n\n<p class=\"wp-block-paragraph\"><strong>Hanna K\u0119dzia <\/strong>\u2013 Szko\u0142a Podstawowa nr 3 im. Jana Paw\u0142a II w Wieruszowie<\/p>\n\n\n\n<p class=\"wp-block-paragraph\"><strong>Maria Galasi\u0144ska <\/strong>\u2013 Szko\u0142a Podstawowa nr 2 w Wieruszowie<\/p>\n\n\n\n<p class=\"wp-block-paragraph\"><strong><u>Wyr\u00f3\u017cnienia<\/u><\/strong>:<\/p>\n\n\n\n<p class=\"wp-block-paragraph\"><strong>Nikodem Perdek <\/strong>\u2013 Zesp\u00f3\u0142 Szk\u00f3\u0142 im. Jana Paw\u0142a II w Sokolnikach<\/p>\n\n\n\n<p class=\"wp-block-paragraph\"><strong>Filip Janaszczyk <\/strong>\u2013 <strong>&nbsp;<\/strong>Szko\u0142a Podstawowa w Wyszanowie<\/p>\n\n\n\n<p class=\"wp-block-paragraph\"><strong>Patrycja Biskupska <\/strong>\u2013 Zesp\u00f3\u0142 Szk\u00f3\u0142 w Starym Och\u0119dzynie<\/p>\n\n\n\n<p class=\"wp-block-paragraph\"><strong>Antonina Choczaj <\/strong>\u2013 Szko\u0142a Podstawowa im. Korpusu Ochrony Pogranicza w Boles\u0142awcu<\/p>\n\n\n\n<p class=\"wp-block-paragraph\"><strong>Liwia Osewska<\/strong> \u2013 Szko\u0142a Podstawowa nr 3&nbsp; im. Jana Paw\u0142a II w Wieruszowie<\/p>\n\n\n\n<p class=\"wp-block-paragraph\"><strong>Blanka Oko\u0144 <\/strong>\u2013 Szko\u0142a Podstawowa nr 3&nbsp; im. Jana Paw\u0142a II w Wieruszowie<\/p>\n\n\n\n<p class=\"wp-block-paragraph\"><strong>Laura Nawrocka<\/strong> \u2013 Szko\u0142a Podstawowa nr 3&nbsp; im. Jana Paw\u0142a II w Wieruszowie<\/p>\n\n\n\n<p class=\"wp-block-paragraph\">Wszyscy uczniowie bior\u0105cy udzia\u0142 w konkursie otrzymali dyplomy i nagrody ksi\u0105\u017ckowe, a laureaci dodatkowo s\u0142odki upominek.<\/p>\n\n\n\n<p class=\"wp-block-paragraph\">Gratulujemy wszystkim uczestnikom ch\u0119ci, serca, kreatywno\u015bci, kt\u00f3re w\u0142o\u017cyli w wykonanie pi\u0119knych prac konkursowych zdobi\u0105cych nasz\u0105 bibliotek\u0119. Zapraszamy do obejrzenia wystawy na \u017cywo, bo naprawd\u0119 warto.<\/p>\n\n\n\nngg_shortcode_0_placeholder\n","protected":false},"excerpt":{"rendered":"<p>5 grudnia 2025 r. w Centrum Rozwoju Edukacji Wojew\u00f3dztwa \u0141\u00f3dzkiego w Sieradzu Biblioteka Pedagogiczna w Sieradzu Filia w Wieruszowie odby\u0142o si\u0119 uroczyste wr\u0119czenie nagr\u00f3d w konkursie pn.: Narysuj\u0119 Ci emocje\u2026 &#8230;<\/p>\n","protected":false},"author":1,"featured_media":4093,"comment_status":"closed","ping_status":"open","sticky":false,"template":"","format":"standard","meta":{"om_disable_all_campaigns":false,"ngg_post_thumbnail":0,"footnotes":""},"categories":[3],"tags":[],"class_list":["post-4072","post","type-post","status-publish","format-standard","has-post-thumbnail","hentry","category-aktualnosci"],"aioseo_notices":[],"aioseo_head":"\n\t\t<!-- All in One SEO 4.9.10 - aioseo.com -->\n\t<meta name=\"description\" content=\"5 grudnia 2025 r. w Centrum Rozwoju Edukacji Wojew\u00f3dztwa \u0141\u00f3dzkiego w Sieradzu Biblioteka Pedagogiczna w Sieradzu Filia w Wieruszowie odby\u0142o si\u0119 uroczyste wr\u0119czenie nagr\u00f3d w konkursie pn.: Narysuj\u0119 Ci emocje\u2026 w oparciu o wybrane teksty literackie. W podsumowaniu konkursu, ods\u0142oni\u0119ciu prac laureat\u00f3w, oficjalnym otwarciu wystawy wzi\u0119\u0142a udzia\u0142 Dyrektor Centrum Rozwoju Edukacji Wojew\u00f3dztwa \u0141\u00f3dzkiego w Sieradzu\" \/>\n\t<meta name=\"robots\" content=\"max-image-preview:large\" \/>\n\t<meta name=\"author\" content=\"admin\"\/>\n\t<link rel=\"canonical\" href=\"https:\/\/filiawieruszow.bpsieradz.pl\/index.php\/2025\/12\/10\/powiatowy-konkurs-plastyczny-dla-klas-i-iii\/\" \/>\n\t<meta name=\"generator\" content=\"All in One SEO (AIOSEO) 4.9.10\" \/>\n\t\t<meta property=\"og:locale\" content=\"pl_PL\" \/>\n\t\t<meta property=\"og:site_name\" content=\"Biblioteka Pedagogiczna w Sieradzu Filia w Wieruszowie -\" \/>\n\t\t<meta property=\"og:type\" content=\"article\" \/>\n\t\t<meta property=\"og:title\" content=\"Powiatowy konkurs plastyczny dla klas I \u2013 III\" \/>\n\t\t<meta property=\"og:description\" content=\"5 grudnia 2025 r. w Centrum Rozwoju Edukacji Wojew\u00f3dztwa \u0141\u00f3dzkiego w Sieradzu Biblioteka Pedagogiczna w Sieradzu Filia w Wieruszowie odby\u0142o si\u0119 uroczyste wr\u0119czenie nagr\u00f3d w konkursie pn.: Narysuj\u0119 Ci emocje\u2026 w oparciu o wybrane teksty literackie. W podsumowaniu konkursu, ods\u0142oni\u0119ciu prac laureat\u00f3w, oficjalnym otwarciu wystawy wzi\u0119\u0142a udzia\u0142 Dyrektor Centrum Rozwoju Edukacji Wojew\u00f3dztwa \u0141\u00f3dzkiego w Sieradzu\" \/>\n\t\t<meta property=\"og:url\" content=\"https:\/\/filiawieruszow.bpsieradz.pl\/index.php\/2025\/12\/10\/powiatowy-konkurs-plastyczny-dla-klas-i-iii\/\" \/>\n\t\t<meta property=\"og:image\" content=\"https:\/\/filiawieruszow.bpsieradz.pl\/wp-content\/uploads\/2025\/02\/CRE_lodzkie.jpg\" \/>\n\t\t<meta property=\"og:image:secure_url\" content=\"https:\/\/filiawieruszow.bpsieradz.pl\/wp-content\/uploads\/2025\/02\/CRE_lodzkie.jpg\" \/>\n\t\t<meta property=\"article:published_time\" content=\"2025-12-10T07:24:27+00:00\" \/>\n\t\t<meta property=\"article:modified_time\" content=\"2025-12-10T07:24:28+00:00\" \/>\n\t\t<meta name=\"twitter:card\" content=\"summary_large_image\" \/>\n\t\t<meta name=\"twitter:title\" content=\"Powiatowy konkurs plastyczny dla klas I \u2013 III\" \/>\n\t\t<meta name=\"twitter:description\" content=\"5 grudnia 2025 r. w Centrum Rozwoju Edukacji Wojew\u00f3dztwa \u0141\u00f3dzkiego w Sieradzu Biblioteka Pedagogiczna w Sieradzu Filia w Wieruszowie odby\u0142o si\u0119 uroczyste wr\u0119czenie nagr\u00f3d w konkursie pn.: Narysuj\u0119 Ci emocje\u2026 w oparciu o wybrane teksty literackie. W podsumowaniu konkursu, ods\u0142oni\u0119ciu prac laureat\u00f3w, oficjalnym otwarciu wystawy wzi\u0119\u0142a udzia\u0142 Dyrektor Centrum Rozwoju Edukacji Wojew\u00f3dztwa \u0141\u00f3dzkiego w Sieradzu\" \/>\n\t\t<meta name=\"twitter:image\" content=\"https:\/\/filiawieruszow.bpsieradz.pl\/wp-content\/uploads\/2025\/02\/CRE_lodzkie.jpg\" \/>\n\t\t<script type=\"application\/ld+json\" class=\"aioseo-schema\">\n\t\t\t{\"@context\":\"https:\\\/\\\/schema.org\",\"@graph\":[{\"@type\":\"BlogPosting\",\"@id\":\"https:\\\/\\\/filiawieruszow.bpsieradz.pl\\\/index.php\\\/2025\\\/12\\\/10\\\/powiatowy-konkurs-plastyczny-dla-klas-i-iii\\\/#blogposting\",\"name\":\"Powiatowy konkurs plastyczny dla klas I \\u2013 III\",\"headline\":\"Powiatowy konkurs plastyczny dla klas I &#8211; III\",\"author\":{\"@id\":\"https:\\\/\\\/filiawieruszow.bpsieradz.pl\\\/index.php\\\/author\\\/admin\\\/#author\"},\"publisher\":{\"@id\":\"https:\\\/\\\/filiawieruszow.bpsieradz.pl\\\/#organization\"},\"image\":{\"@type\":\"ImageObject\",\"url\":\"https:\\\/\\\/filiawieruszow.bpsieradz.pl\\\/wp-content\\\/uploads\\\/2025\\\/12\\\/Laureaci-1.jpg\",\"width\":1536,\"height\":2048},\"datePublished\":\"2025-12-10T07:24:27+00:00\",\"dateModified\":\"2025-12-10T07:24:28+00:00\",\"inLanguage\":\"pl-PL\",\"mainEntityOfPage\":{\"@id\":\"https:\\\/\\\/filiawieruszow.bpsieradz.pl\\\/index.php\\\/2025\\\/12\\\/10\\\/powiatowy-konkurs-plastyczny-dla-klas-i-iii\\\/#webpage\"},\"isPartOf\":{\"@id\":\"https:\\\/\\\/filiawieruszow.bpsieradz.pl\\\/index.php\\\/2025\\\/12\\\/10\\\/powiatowy-konkurs-plastyczny-dla-klas-i-iii\\\/#webpage\"},\"articleSection\":\"Aktualno\\u015bci\"},{\"@type\":\"BreadcrumbList\",\"@id\":\"https:\\\/\\\/filiawieruszow.bpsieradz.pl\\\/index.php\\\/2025\\\/12\\\/10\\\/powiatowy-konkurs-plastyczny-dla-klas-i-iii\\\/#breadcrumblist\",\"itemListElement\":[{\"@type\":\"ListItem\",\"@id\":\"https:\\\/\\\/filiawieruszow.bpsieradz.pl#listItem\",\"position\":1,\"name\":\"Home\",\"item\":\"https:\\\/\\\/filiawieruszow.bpsieradz.pl\",\"nextItem\":{\"@type\":\"ListItem\",\"@id\":\"https:\\\/\\\/filiawieruszow.bpsieradz.pl\\\/index.php\\\/category\\\/aktualnosci\\\/#listItem\",\"name\":\"Aktualno\\u015bci\"}},{\"@type\":\"ListItem\",\"@id\":\"https:\\\/\\\/filiawieruszow.bpsieradz.pl\\\/index.php\\\/category\\\/aktualnosci\\\/#listItem\",\"position\":2,\"name\":\"Aktualno\\u015bci\",\"item\":\"https:\\\/\\\/filiawieruszow.bpsieradz.pl\\\/index.php\\\/category\\\/aktualnosci\\\/\",\"nextItem\":{\"@type\":\"ListItem\",\"@id\":\"https:\\\/\\\/filiawieruszow.bpsieradz.pl\\\/index.php\\\/2025\\\/12\\\/10\\\/powiatowy-konkurs-plastyczny-dla-klas-i-iii\\\/#listItem\",\"name\":\"Powiatowy konkurs plastyczny dla klas I &#8211; III\"},\"previousItem\":{\"@type\":\"ListItem\",\"@id\":\"https:\\\/\\\/filiawieruszow.bpsieradz.pl#listItem\",\"name\":\"Home\"}},{\"@type\":\"ListItem\",\"@id\":\"https:\\\/\\\/filiawieruszow.bpsieradz.pl\\\/index.php\\\/2025\\\/12\\\/10\\\/powiatowy-konkurs-plastyczny-dla-klas-i-iii\\\/#listItem\",\"position\":3,\"name\":\"Powiatowy konkurs plastyczny dla klas I &#8211; III\",\"previousItem\":{\"@type\":\"ListItem\",\"@id\":\"https:\\\/\\\/filiawieruszow.bpsieradz.pl\\\/index.php\\\/category\\\/aktualnosci\\\/#listItem\",\"name\":\"Aktualno\\u015bci\"}}]},{\"@type\":\"Organization\",\"@id\":\"https:\\\/\\\/filiawieruszow.bpsieradz.pl\\\/#organization\",\"name\":\"Biblioteka Pedagogiczna w Sieradzu Filia w Wieruszowie\",\"url\":\"https:\\\/\\\/filiawieruszow.bpsieradz.pl\\\/\",\"logo\":{\"@type\":\"ImageObject\",\"url\":\"https:\\\/\\\/filiawieruszow.bpsieradz.pl\\\/wp-content\\\/uploads\\\/2025\\\/02\\\/CRE_lodzkie.jpg\",\"@id\":\"https:\\\/\\\/filiawieruszow.bpsieradz.pl\\\/index.php\\\/2025\\\/12\\\/10\\\/powiatowy-konkurs-plastyczny-dla-klas-i-iii\\\/#organizationLogo\",\"width\":323,\"height\":50},\"image\":{\"@id\":\"https:\\\/\\\/filiawieruszow.bpsieradz.pl\\\/index.php\\\/2025\\\/12\\\/10\\\/powiatowy-konkurs-plastyczny-dla-klas-i-iii\\\/#organizationLogo\"}},{\"@type\":\"Person\",\"@id\":\"https:\\\/\\\/filiawieruszow.bpsieradz.pl\\\/index.php\\\/author\\\/admin\\\/#author\",\"url\":\"https:\\\/\\\/filiawieruszow.bpsieradz.pl\\\/index.php\\\/author\\\/admin\\\/\",\"name\":\"admin\",\"image\":{\"@type\":\"ImageObject\",\"@id\":\"https:\\\/\\\/filiawieruszow.bpsieradz.pl\\\/index.php\\\/2025\\\/12\\\/10\\\/powiatowy-konkurs-plastyczny-dla-klas-i-iii\\\/#authorImage\",\"url\":\"https:\\\/\\\/secure.gravatar.com\\\/avatar\\\/7c9baecea61c950fa0ace417ade1d91ec20251533a476dc4eb52114bf5576b3a?s=96&d=mm&r=g\",\"width\":96,\"height\":96,\"caption\":\"admin\"}},{\"@type\":\"WebPage\",\"@id\":\"https:\\\/\\\/filiawieruszow.bpsieradz.pl\\\/index.php\\\/2025\\\/12\\\/10\\\/powiatowy-konkurs-plastyczny-dla-klas-i-iii\\\/#webpage\",\"url\":\"https:\\\/\\\/filiawieruszow.bpsieradz.pl\\\/index.php\\\/2025\\\/12\\\/10\\\/powiatowy-konkurs-plastyczny-dla-klas-i-iii\\\/\",\"name\":\"Powiatowy konkurs plastyczny dla klas I \\u2013 III\",\"description\":\"5 grudnia 2025 r. w Centrum Rozwoju Edukacji Wojew\\u00f3dztwa \\u0141\\u00f3dzkiego w Sieradzu Biblioteka Pedagogiczna w Sieradzu Filia w Wieruszowie odby\\u0142o si\\u0119 uroczyste wr\\u0119czenie nagr\\u00f3d w konkursie pn.: Narysuj\\u0119 Ci emocje\\u2026 w oparciu o wybrane teksty literackie. W podsumowaniu konkursu, ods\\u0142oni\\u0119ciu prac laureat\\u00f3w, oficjalnym otwarciu wystawy wzi\\u0119\\u0142a udzia\\u0142 Dyrektor Centrum Rozwoju Edukacji Wojew\\u00f3dztwa \\u0141\\u00f3dzkiego w Sieradzu\",\"inLanguage\":\"pl-PL\",\"isPartOf\":{\"@id\":\"https:\\\/\\\/filiawieruszow.bpsieradz.pl\\\/#website\"},\"breadcrumb\":{\"@id\":\"https:\\\/\\\/filiawieruszow.bpsieradz.pl\\\/index.php\\\/2025\\\/12\\\/10\\\/powiatowy-konkurs-plastyczny-dla-klas-i-iii\\\/#breadcrumblist\"},\"author\":{\"@id\":\"https:\\\/\\\/filiawieruszow.bpsieradz.pl\\\/index.php\\\/author\\\/admin\\\/#author\"},\"creator\":{\"@id\":\"https:\\\/\\\/filiawieruszow.bpsieradz.pl\\\/index.php\\\/author\\\/admin\\\/#author\"},\"image\":{\"@type\":\"ImageObject\",\"url\":\"https:\\\/\\\/filiawieruszow.bpsieradz.pl\\\/wp-content\\\/uploads\\\/2025\\\/12\\\/Laureaci-1.jpg\",\"@id\":\"https:\\\/\\\/filiawieruszow.bpsieradz.pl\\\/index.php\\\/2025\\\/12\\\/10\\\/powiatowy-konkurs-plastyczny-dla-klas-i-iii\\\/#mainImage\",\"width\":1536,\"height\":2048},\"primaryImageOfPage\":{\"@id\":\"https:\\\/\\\/filiawieruszow.bpsieradz.pl\\\/index.php\\\/2025\\\/12\\\/10\\\/powiatowy-konkurs-plastyczny-dla-klas-i-iii\\\/#mainImage\"},\"datePublished\":\"2025-12-10T07:24:27+00:00\",\"dateModified\":\"2025-12-10T07:24:28+00:00\"},{\"@type\":\"WebSite\",\"@id\":\"https:\\\/\\\/filiawieruszow.bpsieradz.pl\\\/#website\",\"url\":\"https:\\\/\\\/filiawieruszow.bpsieradz.pl\\\/\",\"name\":\"Biblioteka Pedagogiczna w Sieradzu Filia w Wieruszowie\",\"inLanguage\":\"pl-PL\",\"publisher\":{\"@id\":\"https:\\\/\\\/filiawieruszow.bpsieradz.pl\\\/#organization\"}}]}\n\t\t<\/script>\n\t\t<!-- All in One SEO -->\n\n","aioseo_head_json":{"title":"Powiatowy konkurs plastyczny dla klas I \u2013 III","description":"5 grudnia 2025 r. w Centrum Rozwoju Edukacji Wojew\u00f3dztwa \u0141\u00f3dzkiego w Sieradzu Biblioteka Pedagogiczna w Sieradzu Filia w Wieruszowie odby\u0142o si\u0119 uroczyste wr\u0119czenie nagr\u00f3d w konkursie pn.: Narysuj\u0119 Ci emocje\u2026 w oparciu o wybrane teksty literackie. W podsumowaniu konkursu, ods\u0142oni\u0119ciu prac laureat\u00f3w, oficjalnym otwarciu wystawy wzi\u0119\u0142a udzia\u0142 Dyrektor Centrum Rozwoju Edukacji Wojew\u00f3dztwa \u0141\u00f3dzkiego w Sieradzu","canonical_url":"https:\/\/filiawieruszow.bpsieradz.pl\/index.php\/2025\/12\/10\/powiatowy-konkurs-plastyczny-dla-klas-i-iii\/","robots":"max-image-preview:large","keywords":"","webmasterTools":{"miscellaneous":""},"schema":{"@context":"https:\/\/schema.org","@graph":[{"@type":"BlogPosting","@id":"https:\/\/filiawieruszow.bpsieradz.pl\/index.php\/2025\/12\/10\/powiatowy-konkurs-plastyczny-dla-klas-i-iii\/#blogposting","name":"Powiatowy konkurs plastyczny dla klas I \u2013 III","headline":"Powiatowy konkurs plastyczny dla klas I &#8211; III","author":{"@id":"https:\/\/filiawieruszow.bpsieradz.pl\/index.php\/author\/admin\/#author"},"publisher":{"@id":"https:\/\/filiawieruszow.bpsieradz.pl\/#organization"},"image":{"@type":"ImageObject","url":"https:\/\/filiawieruszow.bpsieradz.pl\/wp-content\/uploads\/2025\/12\/Laureaci-1.jpg","width":1536,"height":2048},"datePublished":"2025-12-10T07:24:27+00:00","dateModified":"2025-12-10T07:24:28+00:00","inLanguage":"pl-PL","mainEntityOfPage":{"@id":"https:\/\/filiawieruszow.bpsieradz.pl\/index.php\/2025\/12\/10\/powiatowy-konkurs-plastyczny-dla-klas-i-iii\/#webpage"},"isPartOf":{"@id":"https:\/\/filiawieruszow.bpsieradz.pl\/index.php\/2025\/12\/10\/powiatowy-konkurs-plastyczny-dla-klas-i-iii\/#webpage"},"articleSection":"Aktualno\u015bci"},{"@type":"BreadcrumbList","@id":"https:\/\/filiawieruszow.bpsieradz.pl\/index.php\/2025\/12\/10\/powiatowy-konkurs-plastyczny-dla-klas-i-iii\/#breadcrumblist","itemListElement":[{"@type":"ListItem","@id":"https:\/\/filiawieruszow.bpsieradz.pl#listItem","position":1,"name":"Home","item":"https:\/\/filiawieruszow.bpsieradz.pl","nextItem":{"@type":"ListItem","@id":"https:\/\/filiawieruszow.bpsieradz.pl\/index.php\/category\/aktualnosci\/#listItem","name":"Aktualno\u015bci"}},{"@type":"ListItem","@id":"https:\/\/filiawieruszow.bpsieradz.pl\/index.php\/category\/aktualnosci\/#listItem","position":2,"name":"Aktualno\u015bci","item":"https:\/\/filiawieruszow.bpsieradz.pl\/index.php\/category\/aktualnosci\/","nextItem":{"@type":"ListItem","@id":"https:\/\/filiawieruszow.bpsieradz.pl\/index.php\/2025\/12\/10\/powiatowy-konkurs-plastyczny-dla-klas-i-iii\/#listItem","name":"Powiatowy konkurs plastyczny dla klas I &#8211; III"},"previousItem":{"@type":"ListItem","@id":"https:\/\/filiawieruszow.bpsieradz.pl#listItem","name":"Home"}},{"@type":"ListItem","@id":"https:\/\/filiawieruszow.bpsieradz.pl\/index.php\/2025\/12\/10\/powiatowy-konkurs-plastyczny-dla-klas-i-iii\/#listItem","position":3,"name":"Powiatowy konkurs plastyczny dla klas I &#8211; III","previousItem":{"@type":"ListItem","@id":"https:\/\/filiawieruszow.bpsieradz.pl\/index.php\/category\/aktualnosci\/#listItem","name":"Aktualno\u015bci"}}]},{"@type":"Organization","@id":"https:\/\/filiawieruszow.bpsieradz.pl\/#organization","name":"Biblioteka Pedagogiczna w Sieradzu Filia w Wieruszowie","url":"https:\/\/filiawieruszow.bpsieradz.pl\/","logo":{"@type":"ImageObject","url":"https:\/\/filiawieruszow.bpsieradz.pl\/wp-content\/uploads\/2025\/02\/CRE_lodzkie.jpg","@id":"https:\/\/filiawieruszow.bpsieradz.pl\/index.php\/2025\/12\/10\/powiatowy-konkurs-plastyczny-dla-klas-i-iii\/#organizationLogo","width":323,"height":50},"image":{"@id":"https:\/\/filiawieruszow.bpsieradz.pl\/index.php\/2025\/12\/10\/powiatowy-konkurs-plastyczny-dla-klas-i-iii\/#organizationLogo"}},{"@type":"Person","@id":"https:\/\/filiawieruszow.bpsieradz.pl\/index.php\/author\/admin\/#author","url":"https:\/\/filiawieruszow.bpsieradz.pl\/index.php\/author\/admin\/","name":"admin","image":{"@type":"ImageObject","@id":"https:\/\/filiawieruszow.bpsieradz.pl\/index.php\/2025\/12\/10\/powiatowy-konkurs-plastyczny-dla-klas-i-iii\/#authorImage","url":"https:\/\/secure.gravatar.com\/avatar\/7c9baecea61c950fa0ace417ade1d91ec20251533a476dc4eb52114bf5576b3a?s=96&d=mm&r=g","width":96,"height":96,"caption":"admin"}},{"@type":"WebPage","@id":"https:\/\/filiawieruszow.bpsieradz.pl\/index.php\/2025\/12\/10\/powiatowy-konkurs-plastyczny-dla-klas-i-iii\/#webpage","url":"https:\/\/filiawieruszow.bpsieradz.pl\/index.php\/2025\/12\/10\/powiatowy-konkurs-plastyczny-dla-klas-i-iii\/","name":"Powiatowy konkurs plastyczny dla klas I \u2013 III","description":"5 grudnia 2025 r. w Centrum Rozwoju Edukacji Wojew\u00f3dztwa \u0141\u00f3dzkiego w Sieradzu Biblioteka Pedagogiczna w Sieradzu Filia w Wieruszowie odby\u0142o si\u0119 uroczyste wr\u0119czenie nagr\u00f3d w konkursie pn.: Narysuj\u0119 Ci emocje\u2026 w oparciu o wybrane teksty literackie. W podsumowaniu konkursu, ods\u0142oni\u0119ciu prac laureat\u00f3w, oficjalnym otwarciu wystawy wzi\u0119\u0142a udzia\u0142 Dyrektor Centrum Rozwoju Edukacji Wojew\u00f3dztwa \u0141\u00f3dzkiego w Sieradzu","inLanguage":"pl-PL","isPartOf":{"@id":"https:\/\/filiawieruszow.bpsieradz.pl\/#website"},"breadcrumb":{"@id":"https:\/\/filiawieruszow.bpsieradz.pl\/index.php\/2025\/12\/10\/powiatowy-konkurs-plastyczny-dla-klas-i-iii\/#breadcrumblist"},"author":{"@id":"https:\/\/filiawieruszow.bpsieradz.pl\/index.php\/author\/admin\/#author"},"creator":{"@id":"https:\/\/filiawieruszow.bpsieradz.pl\/index.php\/author\/admin\/#author"},"image":{"@type":"ImageObject","url":"https:\/\/filiawieruszow.bpsieradz.pl\/wp-content\/uploads\/2025\/12\/Laureaci-1.jpg","@id":"https:\/\/filiawieruszow.bpsieradz.pl\/index.php\/2025\/12\/10\/powiatowy-konkurs-plastyczny-dla-klas-i-iii\/#mainImage","width":1536,"height":2048},"primaryImageOfPage":{"@id":"https:\/\/filiawieruszow.bpsieradz.pl\/index.php\/2025\/12\/10\/powiatowy-konkurs-plastyczny-dla-klas-i-iii\/#mainImage"},"datePublished":"2025-12-10T07:24:27+00:00","dateModified":"2025-12-10T07:24:28+00:00"},{"@type":"WebSite","@id":"https:\/\/filiawieruszow.bpsieradz.pl\/#website","url":"https:\/\/filiawieruszow.bpsieradz.pl\/","name":"Biblioteka Pedagogiczna w Sieradzu Filia w Wieruszowie","inLanguage":"pl-PL","publisher":{"@id":"https:\/\/filiawieruszow.bpsieradz.pl\/#organization"}}]},"og:locale":"pl_PL","og:site_name":"Biblioteka Pedagogiczna w Sieradzu Filia w Wieruszowie -","og:type":"article","og:title":"Powiatowy konkurs plastyczny dla klas I \u2013 III","og:description":"5 grudnia 2025 r. w Centrum Rozwoju Edukacji Wojew\u00f3dztwa \u0141\u00f3dzkiego w Sieradzu Biblioteka Pedagogiczna w Sieradzu Filia w Wieruszowie odby\u0142o si\u0119 uroczyste wr\u0119czenie nagr\u00f3d w konkursie pn.: Narysuj\u0119 Ci emocje\u2026 w oparciu o wybrane teksty literackie. W podsumowaniu konkursu, ods\u0142oni\u0119ciu prac laureat\u00f3w, oficjalnym otwarciu wystawy wzi\u0119\u0142a udzia\u0142 Dyrektor Centrum Rozwoju Edukacji Wojew\u00f3dztwa \u0141\u00f3dzkiego w Sieradzu","og:url":"https:\/\/filiawieruszow.bpsieradz.pl\/index.php\/2025\/12\/10\/powiatowy-konkurs-plastyczny-dla-klas-i-iii\/","og:image":"https:\/\/filiawieruszow.bpsieradz.pl\/wp-content\/uploads\/2025\/02\/CRE_lodzkie.jpg","og:image:secure_url":"https:\/\/filiawieruszow.bpsieradz.pl\/wp-content\/uploads\/2025\/02\/CRE_lodzkie.jpg","article:published_time":"2025-12-10T07:24:27+00:00","article:modified_time":"2025-12-10T07:24:28+00:00","twitter:card":"summary_large_image","twitter:title":"Powiatowy konkurs plastyczny dla klas I \u2013 III","twitter:description":"5 grudnia 2025 r. w Centrum Rozwoju Edukacji Wojew\u00f3dztwa \u0141\u00f3dzkiego w Sieradzu Biblioteka Pedagogiczna w Sieradzu Filia w Wieruszowie odby\u0142o si\u0119 uroczyste wr\u0119czenie nagr\u00f3d w konkursie pn.: Narysuj\u0119 Ci emocje\u2026 w oparciu o wybrane teksty literackie. W podsumowaniu konkursu, ods\u0142oni\u0119ciu prac laureat\u00f3w, oficjalnym otwarciu wystawy wzi\u0119\u0142a udzia\u0142 Dyrektor Centrum Rozwoju Edukacji Wojew\u00f3dztwa \u0141\u00f3dzkiego w Sieradzu","twitter:image":"https:\/\/filiawieruszow.bpsieradz.pl\/wp-content\/uploads\/2025\/02\/CRE_lodzkie.jpg"},"aioseo_meta_data":{"post_id":"4072","title":"#post_title","description":null,"keywords":null,"keyphrases":{"focus":{"keyphrase":"","score":0,"analysis":{"keyphraseInTitle":{"score":0,"maxScore":9,"error":1}}},"additional":[]},"primary_term":null,"canonical_url":null,"og_title":null,"og_description":null,"og_object_type":"default","og_image_type":"default","og_image_url":null,"og_image_width":null,"og_image_height":null,"og_image_custom_url":null,"og_image_custom_fields":null,"og_video":"","og_custom_url":null,"og_article_section":null,"og_article_tags":null,"twitter_use_og":false,"twitter_card":"default","twitter_image_type":"default","twitter_image_url":null,"twitter_image_custom_url":null,"twitter_image_custom_fields":null,"twitter_title":null,"twitter_description":null,"schema":{"blockGraphs":[],"customGraphs":[],"default":{"data":{"Article":[],"Course":[],"Dataset":[],"FAQPage":[],"Movie":[],"Person":[],"Product":[],"ProductReview":[],"Car":[],"Recipe":[],"Service":[],"SoftwareApplication":[],"WebPage":[]},"graphName":"BlogPosting","isEnabled":true},"graphs":[]},"schema_type":"default","schema_type_options":null,"pillar_content":false,"robots_default":true,"robots_noindex":false,"robots_noarchive":false,"robots_nosnippet":false,"robots_nofollow":false,"robots_noimageindex":false,"robots_noodp":false,"robots_notranslate":false,"robots_max_snippet":"-1","robots_max_videopreview":"-1","robots_max_imagepreview":"large","priority":null,"frequency":"default","local_seo":null,"breadcrumb_settings":null,"limit_modified_date":false,"ai":{"faqs":[],"keyPoints":[],"titles":[],"descriptions":[],"socialPosts":{"email":[],"linkedin":[],"twitter":[],"facebook":[],"instagram":[]}},"created":"2025-12-10 07:24:28","updated":"2025-12-10 07:34:02","seo_analyzer_scan_date":null},"aioseo_breadcrumb":"<div class=\"aioseo-breadcrumbs\"><span class=\"aioseo-breadcrumb\">\n\t\t\t<a href=\"https:\/\/filiawieruszow.bpsieradz.pl\" title=\"Home\">Home<\/a>\n\t\t<\/span><span class=\"aioseo-breadcrumb-separator\">&raquo;<\/span><span class=\"aioseo-breadcrumb\">\n\t\t\t<a href=\"https:\/\/filiawieruszow.bpsieradz.pl\/index.php\/category\/aktualnosci\/\" title=\"Aktualno\u015bci\">Aktualno\u015bci<\/a>\n\t\t<\/span><span class=\"aioseo-breadcrumb-separator\">&raquo;<\/span><span class=\"aioseo-breadcrumb\">\n\t\t\tPowiatowy konkurs plastyczny dla klas I \u2013 III\n\t\t<\/span><\/div>","aioseo_breadcrumb_json":[{"label":"Home","link":"https:\/\/filiawieruszow.bpsieradz.pl"},{"label":"Aktualno\u015bci","link":"https:\/\/filiawieruszow.bpsieradz.pl\/index.php\/category\/aktualnosci\/"},{"label":"Powiatowy konkurs plastyczny dla klas I &#8211; III","link":"https:\/\/filiawieruszow.bpsieradz.pl\/index.php\/2025\/12\/10\/powiatowy-konkurs-plastyczny-dla-klas-i-iii\/"}],"rttpg_featured_image_url":{"full":["https:\/\/filiawieruszow.bpsieradz.pl\/wp-content\/uploads\/2025\/12\/Laureaci-1.jpg",1536,2048,false],"landscape":["https:\/\/filiawieruszow.bpsieradz.pl\/wp-content\/uploads\/2025\/12\/Laureaci-1.jpg",1536,2048,false],"portraits":["https:\/\/filiawieruszow.bpsieradz.pl\/wp-content\/uploads\/2025\/12\/Laureaci-1.jpg",1536,2048,false],"thumbnail":["https:\/\/filiawieruszow.bpsieradz.pl\/wp-content\/uploads\/2025\/12\/Laureaci-1-150x150.jpg",150,150,true],"medium":["https:\/\/filiawieruszow.bpsieradz.pl\/wp-content\/uploads\/2025\/12\/Laureaci-1-225x300.jpg",225,300,true],"large":["https:\/\/filiawieruszow.bpsieradz.pl\/wp-content\/uploads\/2025\/12\/Laureaci-1-768x1024.jpg",768,1024,true],"1536x1536":["https:\/\/filiawieruszow.bpsieradz.pl\/wp-content\/uploads\/2025\/12\/Laureaci-1-1152x1536.jpg",1152,1536,true],"2048x2048":["https:\/\/filiawieruszow.bpsieradz.pl\/wp-content\/uploads\/2025\/12\/Laureaci-1.jpg",1536,2048,false],"onepress-blog-small":["https:\/\/filiawieruszow.bpsieradz.pl\/wp-content\/uploads\/2025\/12\/Laureaci-1-300x150.jpg",300,150,true],"onepress-small":["https:\/\/filiawieruszow.bpsieradz.pl\/wp-content\/uploads\/2025\/12\/Laureaci-1-480x300.jpg",480,300,true],"onepress-medium":["https:\/\/filiawieruszow.bpsieradz.pl\/wp-content\/uploads\/2025\/12\/Laureaci-1-640x400.jpg",640,400,true]},"rttpg_author":{"display_name":"admin","author_link":"https:\/\/filiawieruszow.bpsieradz.pl\/index.php\/author\/admin\/"},"rttpg_comment":0,"rttpg_category":"<a href=\"https:\/\/filiawieruszow.bpsieradz.pl\/index.php\/category\/aktualnosci\/\" rel=\"category tag\">Aktualno\u015bci<\/a>","rttpg_excerpt":"5 grudnia 2025 r. w Centrum Rozwoju Edukacji Wojew\u00f3dztwa \u0141\u00f3dzkiego w Sieradzu Biblioteka Pedagogiczna w Sieradzu Filia w Wieruszowie odby\u0142o si\u0119 uroczyste wr\u0119czenie nagr\u00f3d w konkursie pn.: Narysuj\u0119 Ci emocje\u2026 ...","_links":{"self":[{"href":"https:\/\/filiawieruszow.bpsieradz.pl\/index.php\/wp-json\/wp\/v2\/posts\/4072","targetHints":{"allow":["GET"]}}],"collection":[{"href":"https:\/\/filiawieruszow.bpsieradz.pl\/index.php\/wp-json\/wp\/v2\/posts"}],"about":[{"href":"https:\/\/filiawieruszow.bpsieradz.pl\/index.php\/wp-json\/wp\/v2\/types\/post"}],"author":[{"embeddable":true,"href":"https:\/\/filiawieruszow.bpsieradz.pl\/index.php\/wp-json\/wp\/v2\/users\/1"}],"replies":[{"embeddable":true,"href":"https:\/\/filiawieruszow.bpsieradz.pl\/index.php\/wp-json\/wp\/v2\/comments?post=4072"}],"version-history":[{"count":1,"href":"https:\/\/filiawieruszow.bpsieradz.pl\/index.php\/wp-json\/wp\/v2\/posts\/4072\/revisions"}],"predecessor-version":[{"id":4094,"href":"https:\/\/filiawieruszow.bpsieradz.pl\/index.php\/wp-json\/wp\/v2\/posts\/4072\/revisions\/4094"}],"wp:featuredmedia":[{"embeddable":true,"href":"https:\/\/filiawieruszow.bpsieradz.pl\/index.php\/wp-json\/wp\/v2\/media\/4093"}],"wp:attachment":[{"href":"https:\/\/filiawieruszow.bpsieradz.pl\/index.php\/wp-json\/wp\/v2\/media?parent=4072"}],"wp:term":[{"taxonomy":"category","embeddable":true,"href":"https:\/\/filiawieruszow.bpsieradz.pl\/index.php\/wp-json\/wp\/v2\/categories?post=4072"},{"taxonomy":"post_tag","embeddable":true,"href":"https:\/\/filiawieruszow.bpsieradz.pl\/index.php\/wp-json\/wp\/v2\/tags?post=4072"}],"curies":[{"name":"wp","href":"https:\/\/api.w.org\/{rel}","templated":true}]}}