{"id":3787,"date":"2025-09-09T09:50:25","date_gmt":"2025-09-09T09:50:25","guid":{"rendered":"http:\/\/wieruszowfilia.bpsieradz.pl\/index.php\/2025\/09\/09\/narodowe-czytanie-2025\/"},"modified":"2025-09-09T09:50:25","modified_gmt":"2025-09-09T09:50:25","slug":"narodowe-czytanie-2025","status":"publish","type":"post","link":"https:\/\/filiawieruszow.bpsieradz.pl\/index.php\/2025\/09\/09\/narodowe-czytanie-2025\/","title":{"rendered":"Renesansowe strofy w sercu miasta \u2013 Narodowe Czytanie 2025"},"content":{"rendered":"\n<p class=\"has-text-align-center wp-block-paragraph\"><\/p>\n\n\n\n<p class=\"wp-block-paragraph\"><span style=\"font-size: 12pt;\">W pi\u0105tek 5 wrze\u015bnia przenie\u015bli\u015bmy si\u0119 do utwor\u00f3w epoki renesansu, znakomitego \u201eojca poezji polskiej\u201d Jana Kochanowskiego (1530-1584). O godzinie 10.30 powitani uroczy\u015bcie przez Pani\u0105 Dyrektor Zespo\u0142u Szk\u00f3\u0142 Ponadpodstawowych im. Stanis\u0142awa Staszica w Wieruszowie &#8211; Agnieszk\u0119 Mazurowsk\u0105 ruszyli\u015bmy barwnym korowodem do rynku naszego miasta. To w\u0142a\u015bnie tutaj, jak i w poprzednich latach odby\u0142o si\u0119 Narodowe Czytanie utwor\u00f3w Jana Kochanowskiego &#8211; 14 ods\u0142ona akcji og\u00f3lnopolskiej, kt\u00f3rej patronuje Para Prezydencka. <\/span><\/p>\n\n\n\n<p class=\"wp-block-paragraph\"><span style=\"font-size: 12pt;\">Organizatorami tego du\u017cego czytelniczego wydarzenia, kt\u00f3re zgromadzi\u0142o ponad 250 os\u00f3b by\u0142y wszystkie wieruszowskie biblioteki, przy pomocy nauczycielek j\u0119zyka polskiego. W akcji czytali uczniowie z nast\u0119puj\u0105cych szk\u00f3\u0142: <\/span><\/p>\n\n\n\n<ul class=\"wp-block-list\">\n<li><span style=\"font-size: 12pt;\">Szko\u0142a Podstawowa im. Kr\u00f3lowej Jadwigi w Pieczyskach <\/span><\/li>\n\n\n\n<li><span style=\"font-size: 12pt;\">Szko\u0142a Podstawowa nr 1 im. Janusza Korczaka w Wieruszowie <\/span><\/li>\n\n\n\n<li><span style=\"font-size: 12pt;\">Szko\u0142a Podstawowa nr 2 im. Marsza\u0142ka J\u00f3zefa Pi\u0142sudskiego w Wieruszowie <\/span><\/li>\n\n\n\n<li><span style=\"font-size: 12pt;\">Szko\u0142a Podstawowa nr 3 im. Jana Paw\u0142a II w Wieruszowie <\/span><\/li>\n\n\n\n<li><span style=\"font-size: 12pt;\">Zesp\u00f3\u0142 Szk\u00f3\u0142 Ponadpodstawowych im. Stanis\u0142awa Staszica w Wieruszowie <\/span><\/li>\n\n\n\n<li><span style=\"font-size: 12pt;\">Liceum Og\u00f3lnokszta\u0142c\u0105ce im. Miko\u0142aja Kopernika w Wieruszowie <\/span><\/li>\n<\/ul>\n\n\n\n<p class=\"wp-block-paragraph\"><span style=\"font-size: 12pt;\">W akcji udzia\u0142 wzi\u0119\u0142y r\u00f3wnie\u017c dzieci z Przedszkola Nr 1 im. Krzysztofa Bezena w Wieruszowie i Przedszkola Nr 2 w Wieruszowie. <\/span><\/p>\n\n\n\n<p class=\"wp-block-paragraph\"><span style=\"font-size: 12pt;\">Do wsp\u00f3lnego czytania do\u0142\u0105czyli r\u00f3wnie\u017c przedstawiciele w\u0142adz: wiceburmistrz Marta Siubijak oraz sekretarz powiatu Agnieszka Polus. <\/span><\/p>\n\n\n\n<p class=\"wp-block-paragraph\"><span style=\"font-size: 12pt;\">Ducha epoki, w kt\u00f3rej \u017cy\u0142 i tworzy\u0142 Jan Kochanowski podkre\u015bli\u0142y opr\u00f3cz czytanych utwor\u00f3w r\u00f3wnie\u017c barwne stroje uczni\u00f3w.<\/span><\/p>\n\n\n\n<p class=\"wp-block-paragraph\"><span style=\"font-size: 12pt;\"> Dzi\u0119kujemy wszystkim, kt\u00f3rzy zaanga\u017cowali si\u0119 w organizacj\u0119 Narodowego Czytania i tym, kt\u00f3rzy wzi\u0119li w niej udzia\u0142.<\/span><\/p>\n\n\n\n<p class=\"has-text-align-center wp-block-paragraph\">&nbsp; &nbsp;<\/p>\n\n\n\nngg_shortcode_0_placeholder\n","protected":false},"excerpt":{"rendered":"<p>W pi\u0105tek 5 wrze\u015bnia przenie\u015bli\u015bmy si\u0119 do utwor\u00f3w epoki renesansu, znakomitego \u201eojca poezji polskiej\u201d Jana Kochanowskiego (1530-1584). O godzinie 10.30 powitani uroczy\u015bcie przez Pani\u0105 Dyrektor Zespo\u0142u Szk\u00f3\u0142 Ponadpodstawowych im. Stanis\u0142awa &#8230;<\/p>\n","protected":false},"author":1,"featured_media":3781,"comment_status":"closed","ping_status":"open","sticky":true,"template":"","format":"standard","meta":{"om_disable_all_campaigns":false,"ngg_post_thumbnail":0,"footnotes":""},"categories":[3],"tags":[],"class_list":["post-3787","post","type-post","status-publish","format-standard","has-post-thumbnail","hentry","category-aktualnosci"],"aioseo_notices":[],"aioseo_head":"\n\t\t<!-- All in One SEO 4.9.10 - aioseo.com -->\n\t<meta name=\"description\" content=\"W pi\u0105tek 5 wrze\u015bnia przenie\u015bli\u015bmy si\u0119 do utwor\u00f3w epoki renesansu, znakomitego \u201eojca poezji polskiej\u201d Jana Kochanowskiego (1530-1584). O godzinie 10.30 powitani uroczy\u015bcie przez Pani\u0105 Dyrektor Zespo\u0142u Szk\u00f3\u0142 Ponadpodstawowych im. Stanis\u0142awa Staszica w Wieruszowie - Agnieszk\u0119 Mazurowsk\u0105 ruszyli\u015bmy barwnym korowodem do rynku naszego miasta. To w\u0142a\u015bnie tutaj, jak i w poprzednich latach odby\u0142o si\u0119 Narodowe Czytanie\" \/>\n\t<meta name=\"robots\" content=\"max-image-preview:large\" \/>\n\t<meta name=\"author\" content=\"admin\"\/>\n\t<link rel=\"canonical\" href=\"https:\/\/filiawieruszow.bpsieradz.pl\/index.php\/2025\/09\/09\/narodowe-czytanie-2025\/\" \/>\n\t<meta name=\"generator\" content=\"All in One SEO (AIOSEO) 4.9.10\" \/>\n\t\t<meta property=\"og:locale\" content=\"pl_PL\" \/>\n\t\t<meta property=\"og:site_name\" content=\"Biblioteka Pedagogiczna w Sieradzu Filia w Wieruszowie -\" \/>\n\t\t<meta property=\"og:type\" content=\"article\" \/>\n\t\t<meta property=\"og:title\" content=\"Renesansowe strofy w sercu miasta \u2013 Narodowe Czytanie 2025\" \/>\n\t\t<meta property=\"og:description\" content=\"W pi\u0105tek 5 wrze\u015bnia przenie\u015bli\u015bmy si\u0119 do utwor\u00f3w epoki renesansu, znakomitego \u201eojca poezji polskiej\u201d Jana Kochanowskiego (1530-1584). O godzinie 10.30 powitani uroczy\u015bcie przez Pani\u0105 Dyrektor Zespo\u0142u Szk\u00f3\u0142 Ponadpodstawowych im. Stanis\u0142awa Staszica w Wieruszowie - Agnieszk\u0119 Mazurowsk\u0105 ruszyli\u015bmy barwnym korowodem do rynku naszego miasta. To w\u0142a\u015bnie tutaj, jak i w poprzednich latach odby\u0142o si\u0119 Narodowe Czytanie\" \/>\n\t\t<meta property=\"og:url\" content=\"https:\/\/filiawieruszow.bpsieradz.pl\/index.php\/2025\/09\/09\/narodowe-czytanie-2025\/\" \/>\n\t\t<meta property=\"og:image\" content=\"https:\/\/filiawieruszow.bpsieradz.pl\/wp-content\/uploads\/2025\/02\/CRE_lodzkie.jpg\" \/>\n\t\t<meta property=\"og:image:secure_url\" content=\"https:\/\/filiawieruszow.bpsieradz.pl\/wp-content\/uploads\/2025\/02\/CRE_lodzkie.jpg\" \/>\n\t\t<meta property=\"article:published_time\" content=\"2025-09-09T09:50:25+00:00\" \/>\n\t\t<meta property=\"article:modified_time\" content=\"2025-09-09T09:50:25+00:00\" \/>\n\t\t<meta name=\"twitter:card\" content=\"summary_large_image\" \/>\n\t\t<meta name=\"twitter:title\" content=\"Renesansowe strofy w sercu miasta \u2013 Narodowe Czytanie 2025\" \/>\n\t\t<meta name=\"twitter:description\" content=\"W pi\u0105tek 5 wrze\u015bnia przenie\u015bli\u015bmy si\u0119 do utwor\u00f3w epoki renesansu, znakomitego \u201eojca poezji polskiej\u201d Jana Kochanowskiego (1530-1584). O godzinie 10.30 powitani uroczy\u015bcie przez Pani\u0105 Dyrektor Zespo\u0142u Szk\u00f3\u0142 Ponadpodstawowych im. Stanis\u0142awa Staszica w Wieruszowie - Agnieszk\u0119 Mazurowsk\u0105 ruszyli\u015bmy barwnym korowodem do rynku naszego miasta. To w\u0142a\u015bnie tutaj, jak i w poprzednich latach odby\u0142o si\u0119 Narodowe Czytanie\" \/>\n\t\t<meta name=\"twitter:image\" content=\"https:\/\/filiawieruszow.bpsieradz.pl\/wp-content\/uploads\/2025\/02\/CRE_lodzkie.jpg\" \/>\n\t\t<script type=\"application\/ld+json\" class=\"aioseo-schema\">\n\t\t\t{\"@context\":\"https:\\\/\\\/schema.org\",\"@graph\":[{\"@type\":\"BlogPosting\",\"@id\":\"https:\\\/\\\/filiawieruszow.bpsieradz.pl\\\/index.php\\\/2025\\\/09\\\/09\\\/narodowe-czytanie-2025\\\/#blogposting\",\"name\":\"Renesansowe strofy w sercu miasta \\u2013 Narodowe Czytanie 2025\",\"headline\":\"Renesansowe strofy w sercu miasta \\u2013 Narodowe Czytanie 2025\",\"author\":{\"@id\":\"https:\\\/\\\/filiawieruszow.bpsieradz.pl\\\/index.php\\\/author\\\/admin\\\/#author\"},\"publisher\":{\"@id\":\"https:\\\/\\\/filiawieruszow.bpsieradz.pl\\\/#organization\"},\"image\":{\"@type\":\"ImageObject\",\"url\":\"https:\\\/\\\/filiawieruszow.bpsieradz.pl\\\/wp-content\\\/uploads\\\/2025\\\/09\\\/Grupowe.jpg\",\"width\":2048,\"height\":1536,\"caption\":\"Grupowe\"},\"datePublished\":\"2025-09-09T09:50:25+00:00\",\"dateModified\":\"2025-09-09T09:50:25+00:00\",\"inLanguage\":\"pl-PL\",\"mainEntityOfPage\":{\"@id\":\"https:\\\/\\\/filiawieruszow.bpsieradz.pl\\\/index.php\\\/2025\\\/09\\\/09\\\/narodowe-czytanie-2025\\\/#webpage\"},\"isPartOf\":{\"@id\":\"https:\\\/\\\/filiawieruszow.bpsieradz.pl\\\/index.php\\\/2025\\\/09\\\/09\\\/narodowe-czytanie-2025\\\/#webpage\"},\"articleSection\":\"Aktualno\\u015bci\"},{\"@type\":\"BreadcrumbList\",\"@id\":\"https:\\\/\\\/filiawieruszow.bpsieradz.pl\\\/index.php\\\/2025\\\/09\\\/09\\\/narodowe-czytanie-2025\\\/#breadcrumblist\",\"itemListElement\":[{\"@type\":\"ListItem\",\"@id\":\"https:\\\/\\\/filiawieruszow.bpsieradz.pl#listItem\",\"position\":1,\"name\":\"Home\",\"item\":\"https:\\\/\\\/filiawieruszow.bpsieradz.pl\",\"nextItem\":{\"@type\":\"ListItem\",\"@id\":\"https:\\\/\\\/filiawieruszow.bpsieradz.pl\\\/index.php\\\/category\\\/aktualnosci\\\/#listItem\",\"name\":\"Aktualno\\u015bci\"}},{\"@type\":\"ListItem\",\"@id\":\"https:\\\/\\\/filiawieruszow.bpsieradz.pl\\\/index.php\\\/category\\\/aktualnosci\\\/#listItem\",\"position\":2,\"name\":\"Aktualno\\u015bci\",\"item\":\"https:\\\/\\\/filiawieruszow.bpsieradz.pl\\\/index.php\\\/category\\\/aktualnosci\\\/\",\"nextItem\":{\"@type\":\"ListItem\",\"@id\":\"https:\\\/\\\/filiawieruszow.bpsieradz.pl\\\/index.php\\\/2025\\\/09\\\/09\\\/narodowe-czytanie-2025\\\/#listItem\",\"name\":\"Renesansowe strofy w sercu miasta \\u2013 Narodowe Czytanie 2025\"},\"previousItem\":{\"@type\":\"ListItem\",\"@id\":\"https:\\\/\\\/filiawieruszow.bpsieradz.pl#listItem\",\"name\":\"Home\"}},{\"@type\":\"ListItem\",\"@id\":\"https:\\\/\\\/filiawieruszow.bpsieradz.pl\\\/index.php\\\/2025\\\/09\\\/09\\\/narodowe-czytanie-2025\\\/#listItem\",\"position\":3,\"name\":\"Renesansowe strofy w sercu miasta \\u2013 Narodowe Czytanie 2025\",\"previousItem\":{\"@type\":\"ListItem\",\"@id\":\"https:\\\/\\\/filiawieruszow.bpsieradz.pl\\\/index.php\\\/category\\\/aktualnosci\\\/#listItem\",\"name\":\"Aktualno\\u015bci\"}}]},{\"@type\":\"Organization\",\"@id\":\"https:\\\/\\\/filiawieruszow.bpsieradz.pl\\\/#organization\",\"name\":\"Biblioteka Pedagogiczna w Sieradzu Filia w Wieruszowie\",\"url\":\"https:\\\/\\\/filiawieruszow.bpsieradz.pl\\\/\",\"logo\":{\"@type\":\"ImageObject\",\"url\":\"https:\\\/\\\/filiawieruszow.bpsieradz.pl\\\/wp-content\\\/uploads\\\/2025\\\/02\\\/CRE_lodzkie.jpg\",\"@id\":\"https:\\\/\\\/filiawieruszow.bpsieradz.pl\\\/index.php\\\/2025\\\/09\\\/09\\\/narodowe-czytanie-2025\\\/#organizationLogo\",\"width\":323,\"height\":50},\"image\":{\"@id\":\"https:\\\/\\\/filiawieruszow.bpsieradz.pl\\\/index.php\\\/2025\\\/09\\\/09\\\/narodowe-czytanie-2025\\\/#organizationLogo\"}},{\"@type\":\"Person\",\"@id\":\"https:\\\/\\\/filiawieruszow.bpsieradz.pl\\\/index.php\\\/author\\\/admin\\\/#author\",\"url\":\"https:\\\/\\\/filiawieruszow.bpsieradz.pl\\\/index.php\\\/author\\\/admin\\\/\",\"name\":\"admin\",\"image\":{\"@type\":\"ImageObject\",\"@id\":\"https:\\\/\\\/filiawieruszow.bpsieradz.pl\\\/index.php\\\/2025\\\/09\\\/09\\\/narodowe-czytanie-2025\\\/#authorImage\",\"url\":\"https:\\\/\\\/secure.gravatar.com\\\/avatar\\\/7c9baecea61c950fa0ace417ade1d91ec20251533a476dc4eb52114bf5576b3a?s=96&d=mm&r=g\",\"width\":96,\"height\":96,\"caption\":\"admin\"}},{\"@type\":\"WebPage\",\"@id\":\"https:\\\/\\\/filiawieruszow.bpsieradz.pl\\\/index.php\\\/2025\\\/09\\\/09\\\/narodowe-czytanie-2025\\\/#webpage\",\"url\":\"https:\\\/\\\/filiawieruszow.bpsieradz.pl\\\/index.php\\\/2025\\\/09\\\/09\\\/narodowe-czytanie-2025\\\/\",\"name\":\"Renesansowe strofy w sercu miasta \\u2013 Narodowe Czytanie 2025\",\"description\":\"W pi\\u0105tek 5 wrze\\u015bnia przenie\\u015bli\\u015bmy si\\u0119 do utwor\\u00f3w epoki renesansu, znakomitego \\u201eojca poezji polskiej\\u201d Jana Kochanowskiego (1530-1584). O godzinie 10.30 powitani uroczy\\u015bcie przez Pani\\u0105 Dyrektor Zespo\\u0142u Szk\\u00f3\\u0142 Ponadpodstawowych im. Stanis\\u0142awa Staszica w Wieruszowie - Agnieszk\\u0119 Mazurowsk\\u0105 ruszyli\\u015bmy barwnym korowodem do rynku naszego miasta. To w\\u0142a\\u015bnie tutaj, jak i w poprzednich latach odby\\u0142o si\\u0119 Narodowe Czytanie\",\"inLanguage\":\"pl-PL\",\"isPartOf\":{\"@id\":\"https:\\\/\\\/filiawieruszow.bpsieradz.pl\\\/#website\"},\"breadcrumb\":{\"@id\":\"https:\\\/\\\/filiawieruszow.bpsieradz.pl\\\/index.php\\\/2025\\\/09\\\/09\\\/narodowe-czytanie-2025\\\/#breadcrumblist\"},\"author\":{\"@id\":\"https:\\\/\\\/filiawieruszow.bpsieradz.pl\\\/index.php\\\/author\\\/admin\\\/#author\"},\"creator\":{\"@id\":\"https:\\\/\\\/filiawieruszow.bpsieradz.pl\\\/index.php\\\/author\\\/admin\\\/#author\"},\"image\":{\"@type\":\"ImageObject\",\"url\":\"https:\\\/\\\/filiawieruszow.bpsieradz.pl\\\/wp-content\\\/uploads\\\/2025\\\/09\\\/Grupowe.jpg\",\"@id\":\"https:\\\/\\\/filiawieruszow.bpsieradz.pl\\\/index.php\\\/2025\\\/09\\\/09\\\/narodowe-czytanie-2025\\\/#mainImage\",\"width\":2048,\"height\":1536,\"caption\":\"Grupowe\"},\"primaryImageOfPage\":{\"@id\":\"https:\\\/\\\/filiawieruszow.bpsieradz.pl\\\/index.php\\\/2025\\\/09\\\/09\\\/narodowe-czytanie-2025\\\/#mainImage\"},\"datePublished\":\"2025-09-09T09:50:25+00:00\",\"dateModified\":\"2025-09-09T09:50:25+00:00\"},{\"@type\":\"WebSite\",\"@id\":\"https:\\\/\\\/filiawieruszow.bpsieradz.pl\\\/#website\",\"url\":\"https:\\\/\\\/filiawieruszow.bpsieradz.pl\\\/\",\"name\":\"Biblioteka Pedagogiczna w Sieradzu Filia w Wieruszowie\",\"inLanguage\":\"pl-PL\",\"publisher\":{\"@id\":\"https:\\\/\\\/filiawieruszow.bpsieradz.pl\\\/#organization\"}}]}\n\t\t<\/script>\n\t\t<!-- All in One SEO -->\n\n","aioseo_head_json":{"title":"Renesansowe strofy w sercu miasta \u2013 Narodowe Czytanie 2025","description":"W pi\u0105tek 5 wrze\u015bnia przenie\u015bli\u015bmy si\u0119 do utwor\u00f3w epoki renesansu, znakomitego \u201eojca poezji polskiej\u201d Jana Kochanowskiego (1530-1584). O godzinie 10.30 powitani uroczy\u015bcie przez Pani\u0105 Dyrektor Zespo\u0142u Szk\u00f3\u0142 Ponadpodstawowych im. Stanis\u0142awa Staszica w Wieruszowie - Agnieszk\u0119 Mazurowsk\u0105 ruszyli\u015bmy barwnym korowodem do rynku naszego miasta. To w\u0142a\u015bnie tutaj, jak i w poprzednich latach odby\u0142o si\u0119 Narodowe Czytanie","canonical_url":"https:\/\/filiawieruszow.bpsieradz.pl\/index.php\/2025\/09\/09\/narodowe-czytanie-2025\/","robots":"max-image-preview:large","keywords":"","webmasterTools":{"miscellaneous":""},"schema":{"@context":"https:\/\/schema.org","@graph":[{"@type":"BlogPosting","@id":"https:\/\/filiawieruszow.bpsieradz.pl\/index.php\/2025\/09\/09\/narodowe-czytanie-2025\/#blogposting","name":"Renesansowe strofy w sercu miasta \u2013 Narodowe Czytanie 2025","headline":"Renesansowe strofy w sercu miasta \u2013 Narodowe Czytanie 2025","author":{"@id":"https:\/\/filiawieruszow.bpsieradz.pl\/index.php\/author\/admin\/#author"},"publisher":{"@id":"https:\/\/filiawieruszow.bpsieradz.pl\/#organization"},"image":{"@type":"ImageObject","url":"https:\/\/filiawieruszow.bpsieradz.pl\/wp-content\/uploads\/2025\/09\/Grupowe.jpg","width":2048,"height":1536,"caption":"Grupowe"},"datePublished":"2025-09-09T09:50:25+00:00","dateModified":"2025-09-09T09:50:25+00:00","inLanguage":"pl-PL","mainEntityOfPage":{"@id":"https:\/\/filiawieruszow.bpsieradz.pl\/index.php\/2025\/09\/09\/narodowe-czytanie-2025\/#webpage"},"isPartOf":{"@id":"https:\/\/filiawieruszow.bpsieradz.pl\/index.php\/2025\/09\/09\/narodowe-czytanie-2025\/#webpage"},"articleSection":"Aktualno\u015bci"},{"@type":"BreadcrumbList","@id":"https:\/\/filiawieruszow.bpsieradz.pl\/index.php\/2025\/09\/09\/narodowe-czytanie-2025\/#breadcrumblist","itemListElement":[{"@type":"ListItem","@id":"https:\/\/filiawieruszow.bpsieradz.pl#listItem","position":1,"name":"Home","item":"https:\/\/filiawieruszow.bpsieradz.pl","nextItem":{"@type":"ListItem","@id":"https:\/\/filiawieruszow.bpsieradz.pl\/index.php\/category\/aktualnosci\/#listItem","name":"Aktualno\u015bci"}},{"@type":"ListItem","@id":"https:\/\/filiawieruszow.bpsieradz.pl\/index.php\/category\/aktualnosci\/#listItem","position":2,"name":"Aktualno\u015bci","item":"https:\/\/filiawieruszow.bpsieradz.pl\/index.php\/category\/aktualnosci\/","nextItem":{"@type":"ListItem","@id":"https:\/\/filiawieruszow.bpsieradz.pl\/index.php\/2025\/09\/09\/narodowe-czytanie-2025\/#listItem","name":"Renesansowe strofy w sercu miasta \u2013 Narodowe Czytanie 2025"},"previousItem":{"@type":"ListItem","@id":"https:\/\/filiawieruszow.bpsieradz.pl#listItem","name":"Home"}},{"@type":"ListItem","@id":"https:\/\/filiawieruszow.bpsieradz.pl\/index.php\/2025\/09\/09\/narodowe-czytanie-2025\/#listItem","position":3,"name":"Renesansowe strofy w sercu miasta \u2013 Narodowe Czytanie 2025","previousItem":{"@type":"ListItem","@id":"https:\/\/filiawieruszow.bpsieradz.pl\/index.php\/category\/aktualnosci\/#listItem","name":"Aktualno\u015bci"}}]},{"@type":"Organization","@id":"https:\/\/filiawieruszow.bpsieradz.pl\/#organization","name":"Biblioteka Pedagogiczna w Sieradzu Filia w Wieruszowie","url":"https:\/\/filiawieruszow.bpsieradz.pl\/","logo":{"@type":"ImageObject","url":"https:\/\/filiawieruszow.bpsieradz.pl\/wp-content\/uploads\/2025\/02\/CRE_lodzkie.jpg","@id":"https:\/\/filiawieruszow.bpsieradz.pl\/index.php\/2025\/09\/09\/narodowe-czytanie-2025\/#organizationLogo","width":323,"height":50},"image":{"@id":"https:\/\/filiawieruszow.bpsieradz.pl\/index.php\/2025\/09\/09\/narodowe-czytanie-2025\/#organizationLogo"}},{"@type":"Person","@id":"https:\/\/filiawieruszow.bpsieradz.pl\/index.php\/author\/admin\/#author","url":"https:\/\/filiawieruszow.bpsieradz.pl\/index.php\/author\/admin\/","name":"admin","image":{"@type":"ImageObject","@id":"https:\/\/filiawieruszow.bpsieradz.pl\/index.php\/2025\/09\/09\/narodowe-czytanie-2025\/#authorImage","url":"https:\/\/secure.gravatar.com\/avatar\/7c9baecea61c950fa0ace417ade1d91ec20251533a476dc4eb52114bf5576b3a?s=96&d=mm&r=g","width":96,"height":96,"caption":"admin"}},{"@type":"WebPage","@id":"https:\/\/filiawieruszow.bpsieradz.pl\/index.php\/2025\/09\/09\/narodowe-czytanie-2025\/#webpage","url":"https:\/\/filiawieruszow.bpsieradz.pl\/index.php\/2025\/09\/09\/narodowe-czytanie-2025\/","name":"Renesansowe strofy w sercu miasta \u2013 Narodowe Czytanie 2025","description":"W pi\u0105tek 5 wrze\u015bnia przenie\u015bli\u015bmy si\u0119 do utwor\u00f3w epoki renesansu, znakomitego \u201eojca poezji polskiej\u201d Jana Kochanowskiego (1530-1584). O godzinie 10.30 powitani uroczy\u015bcie przez Pani\u0105 Dyrektor Zespo\u0142u Szk\u00f3\u0142 Ponadpodstawowych im. Stanis\u0142awa Staszica w Wieruszowie - Agnieszk\u0119 Mazurowsk\u0105 ruszyli\u015bmy barwnym korowodem do rynku naszego miasta. To w\u0142a\u015bnie tutaj, jak i w poprzednich latach odby\u0142o si\u0119 Narodowe Czytanie","inLanguage":"pl-PL","isPartOf":{"@id":"https:\/\/filiawieruszow.bpsieradz.pl\/#website"},"breadcrumb":{"@id":"https:\/\/filiawieruszow.bpsieradz.pl\/index.php\/2025\/09\/09\/narodowe-czytanie-2025\/#breadcrumblist"},"author":{"@id":"https:\/\/filiawieruszow.bpsieradz.pl\/index.php\/author\/admin\/#author"},"creator":{"@id":"https:\/\/filiawieruszow.bpsieradz.pl\/index.php\/author\/admin\/#author"},"image":{"@type":"ImageObject","url":"https:\/\/filiawieruszow.bpsieradz.pl\/wp-content\/uploads\/2025\/09\/Grupowe.jpg","@id":"https:\/\/filiawieruszow.bpsieradz.pl\/index.php\/2025\/09\/09\/narodowe-czytanie-2025\/#mainImage","width":2048,"height":1536,"caption":"Grupowe"},"primaryImageOfPage":{"@id":"https:\/\/filiawieruszow.bpsieradz.pl\/index.php\/2025\/09\/09\/narodowe-czytanie-2025\/#mainImage"},"datePublished":"2025-09-09T09:50:25+00:00","dateModified":"2025-09-09T09:50:25+00:00"},{"@type":"WebSite","@id":"https:\/\/filiawieruszow.bpsieradz.pl\/#website","url":"https:\/\/filiawieruszow.bpsieradz.pl\/","name":"Biblioteka Pedagogiczna w Sieradzu Filia w Wieruszowie","inLanguage":"pl-PL","publisher":{"@id":"https:\/\/filiawieruszow.bpsieradz.pl\/#organization"}}]},"og:locale":"pl_PL","og:site_name":"Biblioteka Pedagogiczna w Sieradzu Filia w Wieruszowie -","og:type":"article","og:title":"Renesansowe strofy w sercu miasta \u2013 Narodowe Czytanie 2025","og:description":"W pi\u0105tek 5 wrze\u015bnia przenie\u015bli\u015bmy si\u0119 do utwor\u00f3w epoki renesansu, znakomitego \u201eojca poezji polskiej\u201d Jana Kochanowskiego (1530-1584). O godzinie 10.30 powitani uroczy\u015bcie przez Pani\u0105 Dyrektor Zespo\u0142u Szk\u00f3\u0142 Ponadpodstawowych im. Stanis\u0142awa Staszica w Wieruszowie - Agnieszk\u0119 Mazurowsk\u0105 ruszyli\u015bmy barwnym korowodem do rynku naszego miasta. To w\u0142a\u015bnie tutaj, jak i w poprzednich latach odby\u0142o si\u0119 Narodowe Czytanie","og:url":"https:\/\/filiawieruszow.bpsieradz.pl\/index.php\/2025\/09\/09\/narodowe-czytanie-2025\/","og:image":"https:\/\/filiawieruszow.bpsieradz.pl\/wp-content\/uploads\/2025\/02\/CRE_lodzkie.jpg","og:image:secure_url":"https:\/\/filiawieruszow.bpsieradz.pl\/wp-content\/uploads\/2025\/02\/CRE_lodzkie.jpg","article:published_time":"2025-09-09T09:50:25+00:00","article:modified_time":"2025-09-09T09:50:25+00:00","twitter:card":"summary_large_image","twitter:title":"Renesansowe strofy w sercu miasta \u2013 Narodowe Czytanie 2025","twitter:description":"W pi\u0105tek 5 wrze\u015bnia przenie\u015bli\u015bmy si\u0119 do utwor\u00f3w epoki renesansu, znakomitego \u201eojca poezji polskiej\u201d Jana Kochanowskiego (1530-1584). O godzinie 10.30 powitani uroczy\u015bcie przez Pani\u0105 Dyrektor Zespo\u0142u Szk\u00f3\u0142 Ponadpodstawowych im. Stanis\u0142awa Staszica w Wieruszowie - Agnieszk\u0119 Mazurowsk\u0105 ruszyli\u015bmy barwnym korowodem do rynku naszego miasta. To w\u0142a\u015bnie tutaj, jak i w poprzednich latach odby\u0142o si\u0119 Narodowe Czytanie","twitter:image":"https:\/\/filiawieruszow.bpsieradz.pl\/wp-content\/uploads\/2025\/02\/CRE_lodzkie.jpg"},"aioseo_meta_data":{"post_id":"3787","title":"#post_title","description":null,"keywords":null,"keyphrases":{"focus":{"keyphrase":"","score":0,"analysis":{"keyphraseInTitle":{"score":0,"maxScore":9,"error":1}}},"additional":[]},"primary_term":null,"canonical_url":null,"og_title":null,"og_description":null,"og_object_type":"default","og_image_type":"default","og_image_url":null,"og_image_width":null,"og_image_height":null,"og_image_custom_url":null,"og_image_custom_fields":null,"og_video":"","og_custom_url":null,"og_article_section":null,"og_article_tags":null,"twitter_use_og":false,"twitter_card":"default","twitter_image_type":"default","twitter_image_url":null,"twitter_image_custom_url":null,"twitter_image_custom_fields":null,"twitter_title":null,"twitter_description":null,"schema":{"blockGraphs":[],"customGraphs":[],"default":{"data":{"Article":[],"Course":[],"Dataset":[],"FAQPage":[],"Movie":[],"Person":[],"Product":[],"ProductReview":[],"Car":[],"Recipe":[],"Service":[],"SoftwareApplication":[],"WebPage":[]},"graphName":"BlogPosting","isEnabled":true},"graphs":[]},"schema_type":"default","schema_type_options":null,"pillar_content":false,"robots_default":true,"robots_noindex":false,"robots_noarchive":false,"robots_nosnippet":false,"robots_nofollow":false,"robots_noimageindex":false,"robots_noodp":false,"robots_notranslate":false,"robots_max_snippet":"-1","robots_max_videopreview":"-1","robots_max_imagepreview":"large","priority":null,"frequency":"default","local_seo":null,"breadcrumb_settings":null,"limit_modified_date":true,"ai":{"faqs":[],"keyPoints":[],"titles":[],"descriptions":[],"socialPosts":{"email":[],"linkedin":[],"twitter":[],"facebook":[],"instagram":[]}},"created":"2025-11-14 10:14:59","updated":"2025-11-14 14:05:17","seo_analyzer_scan_date":null},"aioseo_breadcrumb":"<div class=\"aioseo-breadcrumbs\"><span class=\"aioseo-breadcrumb\">\n\t\t\t<a href=\"https:\/\/filiawieruszow.bpsieradz.pl\" title=\"Home\">Home<\/a>\n\t\t<\/span><span class=\"aioseo-breadcrumb-separator\">&raquo;<\/span><span class=\"aioseo-breadcrumb\">\n\t\t\t<a href=\"https:\/\/filiawieruszow.bpsieradz.pl\/index.php\/category\/aktualnosci\/\" title=\"Aktualno\u015bci\">Aktualno\u015bci<\/a>\n\t\t<\/span><span class=\"aioseo-breadcrumb-separator\">&raquo;<\/span><span class=\"aioseo-breadcrumb\">\n\t\t\tRenesansowe strofy w sercu miasta \u2013 Narodowe Czytanie 2025\n\t\t<\/span><\/div>","aioseo_breadcrumb_json":[{"label":"Home","link":"https:\/\/filiawieruszow.bpsieradz.pl"},{"label":"Aktualno\u015bci","link":"https:\/\/filiawieruszow.bpsieradz.pl\/index.php\/category\/aktualnosci\/"},{"label":"Renesansowe strofy w sercu miasta \u2013 Narodowe Czytanie 2025","link":"https:\/\/filiawieruszow.bpsieradz.pl\/index.php\/2025\/09\/09\/narodowe-czytanie-2025\/"}],"rttpg_featured_image_url":{"full":["https:\/\/filiawieruszow.bpsieradz.pl\/wp-content\/uploads\/2025\/09\/Grupowe.jpg",2048,1536,false],"landscape":["https:\/\/filiawieruszow.bpsieradz.pl\/wp-content\/uploads\/2025\/09\/Grupowe.jpg",2048,1536,false],"portraits":["https:\/\/filiawieruszow.bpsieradz.pl\/wp-content\/uploads\/2025\/09\/Grupowe.jpg",2048,1536,false],"thumbnail":["https:\/\/filiawieruszow.bpsieradz.pl\/wp-content\/uploads\/2025\/09\/Grupowe-150x150.jpg",150,150,true],"medium":["https:\/\/filiawieruszow.bpsieradz.pl\/wp-content\/uploads\/2025\/09\/Grupowe-300x225.jpg",300,225,true],"large":["https:\/\/filiawieruszow.bpsieradz.pl\/wp-content\/uploads\/2025\/09\/Grupowe-1024x768.jpg",800,600,true],"1536x1536":["https:\/\/filiawieruszow.bpsieradz.pl\/wp-content\/uploads\/2025\/09\/Grupowe-1536x1152.jpg",1536,1152,true],"2048x2048":["https:\/\/filiawieruszow.bpsieradz.pl\/wp-content\/uploads\/2025\/09\/Grupowe.jpg",2048,1536,false],"onepress-blog-small":["https:\/\/filiawieruszow.bpsieradz.pl\/wp-content\/uploads\/2025\/09\/Grupowe-300x150.jpg",300,150,true],"onepress-small":["https:\/\/filiawieruszow.bpsieradz.pl\/wp-content\/uploads\/2025\/09\/Grupowe-480x300.jpg",480,300,true],"onepress-medium":["https:\/\/filiawieruszow.bpsieradz.pl\/wp-content\/uploads\/2025\/09\/Grupowe-640x400.jpg",640,400,true]},"rttpg_author":{"display_name":"admin","author_link":"https:\/\/filiawieruszow.bpsieradz.pl\/index.php\/author\/admin\/"},"rttpg_comment":0,"rttpg_category":"<a href=\"https:\/\/filiawieruszow.bpsieradz.pl\/index.php\/category\/aktualnosci\/\" rel=\"category tag\">Aktualno\u015bci<\/a>","rttpg_excerpt":"W pi\u0105tek 5 wrze\u015bnia przenie\u015bli\u015bmy si\u0119 do utwor\u00f3w epoki renesansu, znakomitego \u201eojca poezji polskiej\u201d Jana Kochanowskiego (1530-1584). O godzinie 10.30 powitani uroczy\u015bcie przez Pani\u0105 Dyrektor Zespo\u0142u Szk\u00f3\u0142 Ponadpodstawowych im. Stanis\u0142awa ...","_links":{"self":[{"href":"https:\/\/filiawieruszow.bpsieradz.pl\/index.php\/wp-json\/wp\/v2\/posts\/3787","targetHints":{"allow":["GET"]}}],"collection":[{"href":"https:\/\/filiawieruszow.bpsieradz.pl\/index.php\/wp-json\/wp\/v2\/posts"}],"about":[{"href":"https:\/\/filiawieruszow.bpsieradz.pl\/index.php\/wp-json\/wp\/v2\/types\/post"}],"author":[{"embeddable":true,"href":"https:\/\/filiawieruszow.bpsieradz.pl\/index.php\/wp-json\/wp\/v2\/users\/1"}],"replies":[{"embeddable":true,"href":"https:\/\/filiawieruszow.bpsieradz.pl\/index.php\/wp-json\/wp\/v2\/comments?post=3787"}],"version-history":[{"count":3,"href":"https:\/\/filiawieruszow.bpsieradz.pl\/index.php\/wp-json\/wp\/v2\/posts\/3787\/revisions"}],"predecessor-version":[{"id":3836,"href":"https:\/\/filiawieruszow.bpsieradz.pl\/index.php\/wp-json\/wp\/v2\/posts\/3787\/revisions\/3836"}],"wp:featuredmedia":[{"embeddable":true,"href":"https:\/\/filiawieruszow.bpsieradz.pl\/index.php\/wp-json\/wp\/v2\/media\/3781"}],"wp:attachment":[{"href":"https:\/\/filiawieruszow.bpsieradz.pl\/index.php\/wp-json\/wp\/v2\/media?parent=3787"}],"wp:term":[{"taxonomy":"category","embeddable":true,"href":"https:\/\/filiawieruszow.bpsieradz.pl\/index.php\/wp-json\/wp\/v2\/categories?post=3787"},{"taxonomy":"post_tag","embeddable":true,"href":"https:\/\/filiawieruszow.bpsieradz.pl\/index.php\/wp-json\/wp\/v2\/tags?post=3787"}],"curies":[{"name":"wp","href":"https:\/\/api.w.org\/{rel}","templated":true}]}}