{"id":3775,"date":"2025-05-13T12:56:56","date_gmt":"2025-05-13T12:56:56","guid":{"rendered":"http:\/\/wieruszowfilia.bpsieradz.pl\/index.php\/2025\/05\/13\/konkurs-moj-ulubiony-bohater-literacki\/"},"modified":"2025-11-14T14:10:46","modified_gmt":"2025-11-14T14:10:46","slug":"konkurs-moj-ulubiony-bohater-literacki","status":"publish","type":"post","link":"https:\/\/filiawieruszow.bpsieradz.pl\/index.php\/2025\/05\/13\/konkurs-moj-ulubiony-bohater-literacki\/","title":{"rendered":"Konkurs \u201eM\u00f3j ulubiony bohater literacki\u201d"},"content":{"rendered":"\n<p class=\"has-text-align-left wp-block-paragraph\"><span style=\"font-size: 12pt;\">12 maja 2025 roku odby\u0142o si\u0119 uroczyste wr\u0119czenie nagr\u00f3d w powiatowym konkursie dla klas II &#8211; III, zatytu\u0142owanym &#8222;M\u00f3j ulubiony bohater literacki&#8221;, kt\u00f3ry zosta\u0142 zorganizowany w ramach NPRCz 2.0 na lata 2021-2025 przez CREW\u0141 w Sieradzu Biblioteka Pedagogiczna w Sieradzu Filia w Wieruszowie. Mia\u0142 na celu pobudzanie zainteresowa\u0144 czytelniczych i reklamy ulubionej ksi\u0105\u017cki w formie pracy plastycznej, kt\u00f3ra ukazuje posta\u0107 bohatera. Dzieci rozwija\u0142y w\u0142asn\u0105 kreatywno\u015b\u0107 i wyobra\u017ani\u0119 tworz\u0105c prac\u0119, kt\u00f3rej jedynym ograniczeniem by\u0142 format A4. Spos\u00f3b wykonania, dob\u00f3r materia\u0142\u00f3w plastycznych czy technik zale\u017ca\u0142 wy\u0142\u0105cznie od pomys\u0142owo\u015bci uczestnik\u00f3w. <\/span><\/p>\n\n\n\n<p class=\"wp-block-paragraph\"><span style=\"font-size: 12pt;\">W etapie I (w szko\u0142ach) wzi\u0119\u0142o udzia\u0142 66 uczestnik\u00f3w, a do etapu II zakwalifikowa\u0142o si\u0119 37 prac z o\u015bmiu szk\u00f3\u0142 naszego powiatu, kt\u00f3re zg\u0142osi\u0142y ch\u0119\u0107 udzia\u0142u w konkursie. <\/span><\/p>\n\n\n\n<p class=\"wp-block-paragraph\"><span style=\"font-size: 12pt;\">Jury w sk\u0142adzie: Arletta Sip, Bernadeta Oko\u0144 (Miejsko-Gminna Biblioteka Publiczna w Wieruszowie &#8211; oddzia\u0142 dla dzieci) i El\u017cbieta \u017b\u0142obi\u0144ska, mia\u0142o za zadanie oceni\u0107 samodzielno\u015b\u0107 wykonania pracy, pomys\u0142owo\u015b\u0107 w doborze materia\u0142\u00f3w, jako\u015b\u0107 wykonania i odwzorowanie bohatera oraz stopie\u0144 trudno\u015bci. <\/span><\/p>\n\n\n\n<p class=\"wp-block-paragraph\"><span style=\"font-size: 12pt;\">Wszyscy uczestnicy konkursu drugiego szczebla otrzymali dyplomy i ksi\u0105\u017cki (24 zakupione z NPRCz 2.0 na lata 2021-2025 i 13 zakupionych z funduszy biblioteki). Przyznano nast\u0119puj\u0105ce nagrody i wyr\u00f3\u017cnienia: <\/span><\/p>\n\n\n\n<p class=\"wp-block-paragraph\"><span style=\"font-size: 12pt;\">I miejsce: <\/span><\/p>\n\n\n\n<ul class=\"wp-block-list\">\n<li><span style=\"font-size: 12pt;\">Pola Rybak &#8211; Szko\u0142a Podstawowa nr 3 im. Jana Paw\u0142a II w Wieruszowie <\/span><\/li>\n\n\n\n<li><span style=\"font-size: 12pt;\">Zuzanna Grzesiak &#8211; Szko\u0142a Podstawowa im. Powsta\u0144c\u00f3w 1863 r. w Lututowie <\/span><\/li>\n<\/ul>\n\n\n\n<p class=\"wp-block-paragraph\"><span style=\"font-size: 12pt;\">II miejsce: <\/span><\/p>\n\n\n\n<ul class=\"wp-block-list\">\n<li><span style=\"font-size: 12pt;\">Maria Szuka\u0142a &#8211; Szko\u0142a Podstawowa im. Bohater\u00f3w Wrze\u015bnia 1939 r. w Czastarach <\/span><\/li>\n\n\n\n<li><span style=\"font-size: 12pt;\">Jakub Staro\u0144 &#8211; Szko\u0142a Podstawowa im. Kr\u00f3lowej Jadwigi w Pieczyskach <\/span><\/li>\n\n\n\n<li><span style=\"font-size: 12pt;\">Nikola Baniak &#8211; Szko\u0142a Podstawowa im. Korpusu Ochrony Pogranicza w Boles\u0142awcu <\/span><\/li>\n<\/ul>\n\n\n\n<p class=\"wp-block-paragraph\"><span style=\"font-size: 12pt;\">III miejsce: <\/span><\/p>\n\n\n\n<ul class=\"wp-block-list\">\n<li><span style=\"font-size: 12pt;\">Faustyna Struga\u0142a &#8211; Szko\u0142a Podstawowa w Chr\u00f3\u015bcinie <\/span><\/li>\n\n\n\n<li><span style=\"font-size: 12pt;\">Oliwia Grela &#8211; Szko\u0142a Podstawowa im. Armii gen. Andersa w \u0141ubnicach <\/span><\/li>\n\n\n\n<li><span style=\"font-size: 12pt;\">Emil Kry\u015b &#8211; Zesp\u00f3\u0142 Szk\u00f3\u0142 im. Jana Paw\u0142a II w Sokolnikach <\/span><\/li>\n<\/ul>\n\n\n\n<p class=\"wp-block-paragraph\"><span style=\"font-size: 12pt;\">Wyr\u00f3\u017cnienia: <\/span><\/p>\n\n\n\n<ul class=\"wp-block-list\">\n<li><span style=\"font-size: 12pt;\">Jan Grela &#8211; Szko\u0142a Podstawowa im. Korpusu Ochrony Pogranicza w Boles\u0142awcu <\/span><\/li>\n\n\n\n<li><span style=\"font-size: 12pt;\">Jakub Duda &#8211; Szko\u0142a Podstawowa nr 3 im. Jana Paw\u0142a II w Wieruszowie <\/span><\/li>\n\n\n\n<li><span style=\"font-size: 12pt;\">Oliwier \u015awi\u0105tek &#8211; Zesp\u00f3\u0142 Szk\u00f3\u0142 im. Jana Paw\u0142a II w Sokolnikach <\/span><\/li>\n<\/ul>\n\n\n\n<p class=\"wp-block-paragraph\"><span style=\"font-size: 12pt;\">Dyplomy i ksi\u0105\u017cki za udzia\u0142 otrzymali: Kornelia Soba\u0142a, Nataniel Fi\u0105cek &#8211; Szko\u0142a Podstawowa im. Armii gen. Andersa w \u0141ubnicach Oskar Gattner, Maja Dziko\u0144ska, Iga Paro\u0144, Pola Krupi\u0144ska, Antoni D\u0119bski, Liwia Osewska, Helena Dylak, Natalia Kmiecik, Katarzyna Osada, Helena Prymas, Pola Brzezi\u0144ska, Roksana Szymanek &#8211; Szko\u0142a Podstawowa im. Jana Paw\u0142a II w Wieruszowie Maria Glapa, Kamil Fio\u0142ka, Dorota Markiewicz, Lena Pi\u0119dzioch &#8211; Szko\u0142a Podstawowa im. Korpusu Ochrony Pogranicza w Boles\u0142awcu Franciszek Brz\u0105ka\u0142a, Maja Paluszek, Zuzanna Wyrwas, Amelia Biczysko &#8211; Szko\u0142a Podstawowa im. Bohater\u00f3w Wrze\u015bnia 1939 r. w Czastarach Maja W\u0119gierska, Adrianna Kulesza &#8211; Szko\u0142a Podstawowa im. Powsta\u0144c\u00f3w 1863 r. w Lututowie Zofia Dominas, Jakub Powaga &#8211; Szko\u0142a Podstawowa im. Kr\u00f3lowej Jadwigi w Pieczyskac. <\/span><\/p>\n\n\n\n<p class=\"wp-block-paragraph\"><span style=\"font-size: 12pt;\">Gratulujemy uczniom, kt\u00f3rzy w\u0142o\u017cyli serce w wykonanie pi\u0119knych prac konkursowych, czyni\u0105c tym samym reklam\u0119 dla swoich ulubionych ksi\u0105\u017cek i bohater\u00f3w. <\/span><\/p>\n\n\n\n<p class=\"wp-block-paragraph\"><span style=\"font-size: 12pt;\">Zapraszamy do odwiedzania biblioteki, by na \u017cywo obejrze\u0107 wystaw\u0119, a dla tych, kt\u00f3rym si\u0119 to nie uda podajemy link do wirtualnej wystawy, wykonanej przez Arlett\u0119 Sip. <a href=\"https:\/\/www.artsteps.com\/view\/6821977734bf3fb87c701df\">https:\/\/www.artsteps.com\/view\/6821977734bf3fb87c701dfe<\/a>&nbsp; <\/span><\/p>\n\n\n\n<p class=\"has-text-align-center wp-block-paragraph\"><\/p>\n\n\n\nngg_shortcode_0_placeholder\n","protected":false},"excerpt":{"rendered":"<p>12 maja 2025 roku odby\u0142o si\u0119 uroczyste wr\u0119czenie nagr\u00f3d w powiatowym konkursie dla klas II &#8211; III, zatytu\u0142owanym &#8222;M\u00f3j ulubiony bohater literacki&#8221;, kt\u00f3ry zosta\u0142 zorganizowany w ramach NPRCz 2.0 na &#8230;<\/p>\n","protected":false},"author":1,"featured_media":3766,"comment_status":"closed","ping_status":"open","sticky":true,"template":"","format":"standard","meta":{"om_disable_all_campaigns":false,"ngg_post_thumbnail":0,"footnotes":""},"categories":[3],"tags":[],"class_list":["post-3775","post","type-post","status-publish","format-standard","has-post-thumbnail","hentry","category-aktualnosci"],"aioseo_notices":[],"aioseo_head":"\n\t\t<!-- All in One SEO 4.9.10 - aioseo.com -->\n\t<meta name=\"description\" content=\"12 maja 2025 roku odby\u0142o si\u0119 uroczyste wr\u0119czenie nagr\u00f3d w powiatowym konkursie dla klas II - III, zatytu\u0142owanym &quot;M\u00f3j ulubiony bohater literacki&quot;, kt\u00f3ry zosta\u0142 zorganizowany w ramach NPRCz 2.0 na lata 2021-2025 przez CREW\u0141 w Sieradzu Biblioteka Pedagogiczna w Sieradzu Filia w Wieruszowie. Mia\u0142 na celu pobudzanie zainteresowa\u0144 czytelniczych i reklamy ulubionej ksi\u0105\u017cki w formie\" \/>\n\t<meta name=\"robots\" content=\"max-image-preview:large\" \/>\n\t<meta name=\"author\" content=\"admin\"\/>\n\t<link rel=\"canonical\" href=\"https:\/\/filiawieruszow.bpsieradz.pl\/index.php\/2025\/05\/13\/konkurs-moj-ulubiony-bohater-literacki\/\" \/>\n\t<meta name=\"generator\" content=\"All in One SEO (AIOSEO) 4.9.10\" \/>\n\t\t<meta property=\"og:locale\" content=\"pl_PL\" \/>\n\t\t<meta property=\"og:site_name\" content=\"Biblioteka Pedagogiczna w Sieradzu Filia w Wieruszowie -\" \/>\n\t\t<meta property=\"og:type\" content=\"article\" \/>\n\t\t<meta property=\"og:title\" content=\"Konkurs \u201eM\u00f3j ulubiony bohater literacki\u201d - Biblioteka Pedagogiczna w Sieradzu Filia w Wieruszowie\" \/>\n\t\t<meta property=\"og:description\" content=\"12 maja 2025 roku odby\u0142o si\u0119 uroczyste wr\u0119czenie nagr\u00f3d w powiatowym konkursie dla klas II - III, zatytu\u0142owanym &quot;M\u00f3j ulubiony bohater literacki&quot;, kt\u00f3ry zosta\u0142 zorganizowany w ramach NPRCz 2.0 na lata 2021-2025 przez CREW\u0141 w Sieradzu Biblioteka Pedagogiczna w Sieradzu Filia w Wieruszowie. Mia\u0142 na celu pobudzanie zainteresowa\u0144 czytelniczych i reklamy ulubionej ksi\u0105\u017cki w formie\" \/>\n\t\t<meta property=\"og:url\" content=\"https:\/\/filiawieruszow.bpsieradz.pl\/index.php\/2025\/05\/13\/konkurs-moj-ulubiony-bohater-literacki\/\" \/>\n\t\t<meta property=\"og:image\" content=\"https:\/\/filiawieruszow.bpsieradz.pl\/wp-content\/uploads\/2025\/02\/CRE_lodzkie.jpg\" \/>\n\t\t<meta property=\"og:image:secure_url\" content=\"https:\/\/filiawieruszow.bpsieradz.pl\/wp-content\/uploads\/2025\/02\/CRE_lodzkie.jpg\" \/>\n\t\t<meta property=\"article:published_time\" content=\"2025-05-13T12:56:56+00:00\" \/>\n\t\t<meta property=\"article:modified_time\" content=\"2025-11-14T14:10:46+00:00\" \/>\n\t\t<meta name=\"twitter:card\" content=\"summary_large_image\" \/>\n\t\t<meta name=\"twitter:title\" content=\"Konkurs \u201eM\u00f3j ulubiony bohater literacki\u201d - Biblioteka Pedagogiczna w Sieradzu Filia w Wieruszowie\" \/>\n\t\t<meta name=\"twitter:description\" content=\"12 maja 2025 roku odby\u0142o si\u0119 uroczyste wr\u0119czenie nagr\u00f3d w powiatowym konkursie dla klas II - III, zatytu\u0142owanym &quot;M\u00f3j ulubiony bohater literacki&quot;, kt\u00f3ry zosta\u0142 zorganizowany w ramach NPRCz 2.0 na lata 2021-2025 przez CREW\u0141 w Sieradzu Biblioteka Pedagogiczna w Sieradzu Filia w Wieruszowie. Mia\u0142 na celu pobudzanie zainteresowa\u0144 czytelniczych i reklamy ulubionej ksi\u0105\u017cki w formie\" \/>\n\t\t<meta name=\"twitter:image\" content=\"https:\/\/filiawieruszow.bpsieradz.pl\/wp-content\/uploads\/2025\/02\/CRE_lodzkie.jpg\" \/>\n\t\t<script type=\"application\/ld+json\" class=\"aioseo-schema\">\n\t\t\t{\"@context\":\"https:\\\/\\\/schema.org\",\"@graph\":[{\"@type\":\"BlogPosting\",\"@id\":\"https:\\\/\\\/filiawieruszow.bpsieradz.pl\\\/index.php\\\/2025\\\/05\\\/13\\\/konkurs-moj-ulubiony-bohater-literacki\\\/#blogposting\",\"name\":\"Konkurs \\u201eM\\u00f3j ulubiony bohater literacki\\u201d - Biblioteka Pedagogiczna w Sieradzu Filia w Wieruszowie\",\"headline\":\"Konkurs \\u201eM\\u00f3j ulubiony bohater literacki\\u201d\",\"author\":{\"@id\":\"https:\\\/\\\/filiawieruszow.bpsieradz.pl\\\/index.php\\\/author\\\/admin\\\/#author\"},\"publisher\":{\"@id\":\"https:\\\/\\\/filiawieruszow.bpsieradz.pl\\\/#organization\"},\"image\":{\"@type\":\"ImageObject\",\"url\":\"https:\\\/\\\/filiawieruszow.bpsieradz.pl\\\/wp-content\\\/uploads\\\/2025\\\/05\\\/Konkurs_01.jpg\",\"width\":999,\"height\":750,\"caption\":\"M\\u00f3j ulubiony bohater literacki\"},\"datePublished\":\"2025-05-13T12:56:56+00:00\",\"dateModified\":\"2025-11-14T14:10:46+00:00\",\"inLanguage\":\"pl-PL\",\"mainEntityOfPage\":{\"@id\":\"https:\\\/\\\/filiawieruszow.bpsieradz.pl\\\/index.php\\\/2025\\\/05\\\/13\\\/konkurs-moj-ulubiony-bohater-literacki\\\/#webpage\"},\"isPartOf\":{\"@id\":\"https:\\\/\\\/filiawieruszow.bpsieradz.pl\\\/index.php\\\/2025\\\/05\\\/13\\\/konkurs-moj-ulubiony-bohater-literacki\\\/#webpage\"},\"articleSection\":\"Aktualno\\u015bci\"},{\"@type\":\"BreadcrumbList\",\"@id\":\"https:\\\/\\\/filiawieruszow.bpsieradz.pl\\\/index.php\\\/2025\\\/05\\\/13\\\/konkurs-moj-ulubiony-bohater-literacki\\\/#breadcrumblist\",\"itemListElement\":[{\"@type\":\"ListItem\",\"@id\":\"https:\\\/\\\/filiawieruszow.bpsieradz.pl#listItem\",\"position\":1,\"name\":\"Home\",\"item\":\"https:\\\/\\\/filiawieruszow.bpsieradz.pl\",\"nextItem\":{\"@type\":\"ListItem\",\"@id\":\"https:\\\/\\\/filiawieruszow.bpsieradz.pl\\\/index.php\\\/category\\\/aktualnosci\\\/#listItem\",\"name\":\"Aktualno\\u015bci\"}},{\"@type\":\"ListItem\",\"@id\":\"https:\\\/\\\/filiawieruszow.bpsieradz.pl\\\/index.php\\\/category\\\/aktualnosci\\\/#listItem\",\"position\":2,\"name\":\"Aktualno\\u015bci\",\"item\":\"https:\\\/\\\/filiawieruszow.bpsieradz.pl\\\/index.php\\\/category\\\/aktualnosci\\\/\",\"nextItem\":{\"@type\":\"ListItem\",\"@id\":\"https:\\\/\\\/filiawieruszow.bpsieradz.pl\\\/index.php\\\/2025\\\/05\\\/13\\\/konkurs-moj-ulubiony-bohater-literacki\\\/#listItem\",\"name\":\"Konkurs \\u201eM\\u00f3j ulubiony bohater literacki\\u201d\"},\"previousItem\":{\"@type\":\"ListItem\",\"@id\":\"https:\\\/\\\/filiawieruszow.bpsieradz.pl#listItem\",\"name\":\"Home\"}},{\"@type\":\"ListItem\",\"@id\":\"https:\\\/\\\/filiawieruszow.bpsieradz.pl\\\/index.php\\\/2025\\\/05\\\/13\\\/konkurs-moj-ulubiony-bohater-literacki\\\/#listItem\",\"position\":3,\"name\":\"Konkurs \\u201eM\\u00f3j ulubiony bohater literacki\\u201d\",\"previousItem\":{\"@type\":\"ListItem\",\"@id\":\"https:\\\/\\\/filiawieruszow.bpsieradz.pl\\\/index.php\\\/category\\\/aktualnosci\\\/#listItem\",\"name\":\"Aktualno\\u015bci\"}}]},{\"@type\":\"Organization\",\"@id\":\"https:\\\/\\\/filiawieruszow.bpsieradz.pl\\\/#organization\",\"name\":\"Biblioteka Pedagogiczna w Sieradzu Filia w Wieruszowie\",\"url\":\"https:\\\/\\\/filiawieruszow.bpsieradz.pl\\\/\",\"logo\":{\"@type\":\"ImageObject\",\"url\":\"https:\\\/\\\/filiawieruszow.bpsieradz.pl\\\/wp-content\\\/uploads\\\/2025\\\/02\\\/CRE_lodzkie.jpg\",\"@id\":\"https:\\\/\\\/filiawieruszow.bpsieradz.pl\\\/index.php\\\/2025\\\/05\\\/13\\\/konkurs-moj-ulubiony-bohater-literacki\\\/#organizationLogo\",\"width\":323,\"height\":50},\"image\":{\"@id\":\"https:\\\/\\\/filiawieruszow.bpsieradz.pl\\\/index.php\\\/2025\\\/05\\\/13\\\/konkurs-moj-ulubiony-bohater-literacki\\\/#organizationLogo\"}},{\"@type\":\"Person\",\"@id\":\"https:\\\/\\\/filiawieruszow.bpsieradz.pl\\\/index.php\\\/author\\\/admin\\\/#author\",\"url\":\"https:\\\/\\\/filiawieruszow.bpsieradz.pl\\\/index.php\\\/author\\\/admin\\\/\",\"name\":\"admin\",\"image\":{\"@type\":\"ImageObject\",\"@id\":\"https:\\\/\\\/filiawieruszow.bpsieradz.pl\\\/index.php\\\/2025\\\/05\\\/13\\\/konkurs-moj-ulubiony-bohater-literacki\\\/#authorImage\",\"url\":\"https:\\\/\\\/secure.gravatar.com\\\/avatar\\\/7c9baecea61c950fa0ace417ade1d91ec20251533a476dc4eb52114bf5576b3a?s=96&d=mm&r=g\",\"width\":96,\"height\":96,\"caption\":\"admin\"}},{\"@type\":\"WebPage\",\"@id\":\"https:\\\/\\\/filiawieruszow.bpsieradz.pl\\\/index.php\\\/2025\\\/05\\\/13\\\/konkurs-moj-ulubiony-bohater-literacki\\\/#webpage\",\"url\":\"https:\\\/\\\/filiawieruszow.bpsieradz.pl\\\/index.php\\\/2025\\\/05\\\/13\\\/konkurs-moj-ulubiony-bohater-literacki\\\/\",\"name\":\"Konkurs \\u201eM\\u00f3j ulubiony bohater literacki\\u201d - Biblioteka Pedagogiczna w Sieradzu Filia w Wieruszowie\",\"description\":\"12 maja 2025 roku odby\\u0142o si\\u0119 uroczyste wr\\u0119czenie nagr\\u00f3d w powiatowym konkursie dla klas II - III, zatytu\\u0142owanym \\\"M\\u00f3j ulubiony bohater literacki\\\", kt\\u00f3ry zosta\\u0142 zorganizowany w ramach NPRCz 2.0 na lata 2021-2025 przez CREW\\u0141 w Sieradzu Biblioteka Pedagogiczna w Sieradzu Filia w Wieruszowie. Mia\\u0142 na celu pobudzanie zainteresowa\\u0144 czytelniczych i reklamy ulubionej ksi\\u0105\\u017cki w formie\",\"inLanguage\":\"pl-PL\",\"isPartOf\":{\"@id\":\"https:\\\/\\\/filiawieruszow.bpsieradz.pl\\\/#website\"},\"breadcrumb\":{\"@id\":\"https:\\\/\\\/filiawieruszow.bpsieradz.pl\\\/index.php\\\/2025\\\/05\\\/13\\\/konkurs-moj-ulubiony-bohater-literacki\\\/#breadcrumblist\"},\"author\":{\"@id\":\"https:\\\/\\\/filiawieruszow.bpsieradz.pl\\\/index.php\\\/author\\\/admin\\\/#author\"},\"creator\":{\"@id\":\"https:\\\/\\\/filiawieruszow.bpsieradz.pl\\\/index.php\\\/author\\\/admin\\\/#author\"},\"image\":{\"@type\":\"ImageObject\",\"url\":\"https:\\\/\\\/filiawieruszow.bpsieradz.pl\\\/wp-content\\\/uploads\\\/2025\\\/05\\\/Konkurs_01.jpg\",\"@id\":\"https:\\\/\\\/filiawieruszow.bpsieradz.pl\\\/index.php\\\/2025\\\/05\\\/13\\\/konkurs-moj-ulubiony-bohater-literacki\\\/#mainImage\",\"width\":999,\"height\":750,\"caption\":\"M\\u00f3j ulubiony bohater literacki\"},\"primaryImageOfPage\":{\"@id\":\"https:\\\/\\\/filiawieruszow.bpsieradz.pl\\\/index.php\\\/2025\\\/05\\\/13\\\/konkurs-moj-ulubiony-bohater-literacki\\\/#mainImage\"},\"datePublished\":\"2025-05-13T12:56:56+00:00\",\"dateModified\":\"2025-11-14T14:10:46+00:00\"},{\"@type\":\"WebSite\",\"@id\":\"https:\\\/\\\/filiawieruszow.bpsieradz.pl\\\/#website\",\"url\":\"https:\\\/\\\/filiawieruszow.bpsieradz.pl\\\/\",\"name\":\"Biblioteka Pedagogiczna w Sieradzu Filia w Wieruszowie\",\"inLanguage\":\"pl-PL\",\"publisher\":{\"@id\":\"https:\\\/\\\/filiawieruszow.bpsieradz.pl\\\/#organization\"}}]}\n\t\t<\/script>\n\t\t<!-- All in One SEO -->\n\n","aioseo_head_json":{"title":"Konkurs \u201eM\u00f3j ulubiony bohater literacki\u201d - Biblioteka Pedagogiczna w Sieradzu Filia w Wieruszowie","description":"12 maja 2025 roku odby\u0142o si\u0119 uroczyste wr\u0119czenie nagr\u00f3d w powiatowym konkursie dla klas II - III, zatytu\u0142owanym \"M\u00f3j ulubiony bohater literacki\", kt\u00f3ry zosta\u0142 zorganizowany w ramach NPRCz 2.0 na lata 2021-2025 przez CREW\u0141 w Sieradzu Biblioteka Pedagogiczna w Sieradzu Filia w Wieruszowie. Mia\u0142 na celu pobudzanie zainteresowa\u0144 czytelniczych i reklamy ulubionej ksi\u0105\u017cki w formie","canonical_url":"https:\/\/filiawieruszow.bpsieradz.pl\/index.php\/2025\/05\/13\/konkurs-moj-ulubiony-bohater-literacki\/","robots":"max-image-preview:large","keywords":"","webmasterTools":{"miscellaneous":""},"schema":{"@context":"https:\/\/schema.org","@graph":[{"@type":"BlogPosting","@id":"https:\/\/filiawieruszow.bpsieradz.pl\/index.php\/2025\/05\/13\/konkurs-moj-ulubiony-bohater-literacki\/#blogposting","name":"Konkurs \u201eM\u00f3j ulubiony bohater literacki\u201d - Biblioteka Pedagogiczna w Sieradzu Filia w Wieruszowie","headline":"Konkurs \u201eM\u00f3j ulubiony bohater literacki\u201d","author":{"@id":"https:\/\/filiawieruszow.bpsieradz.pl\/index.php\/author\/admin\/#author"},"publisher":{"@id":"https:\/\/filiawieruszow.bpsieradz.pl\/#organization"},"image":{"@type":"ImageObject","url":"https:\/\/filiawieruszow.bpsieradz.pl\/wp-content\/uploads\/2025\/05\/Konkurs_01.jpg","width":999,"height":750,"caption":"M\u00f3j ulubiony bohater literacki"},"datePublished":"2025-05-13T12:56:56+00:00","dateModified":"2025-11-14T14:10:46+00:00","inLanguage":"pl-PL","mainEntityOfPage":{"@id":"https:\/\/filiawieruszow.bpsieradz.pl\/index.php\/2025\/05\/13\/konkurs-moj-ulubiony-bohater-literacki\/#webpage"},"isPartOf":{"@id":"https:\/\/filiawieruszow.bpsieradz.pl\/index.php\/2025\/05\/13\/konkurs-moj-ulubiony-bohater-literacki\/#webpage"},"articleSection":"Aktualno\u015bci"},{"@type":"BreadcrumbList","@id":"https:\/\/filiawieruszow.bpsieradz.pl\/index.php\/2025\/05\/13\/konkurs-moj-ulubiony-bohater-literacki\/#breadcrumblist","itemListElement":[{"@type":"ListItem","@id":"https:\/\/filiawieruszow.bpsieradz.pl#listItem","position":1,"name":"Home","item":"https:\/\/filiawieruszow.bpsieradz.pl","nextItem":{"@type":"ListItem","@id":"https:\/\/filiawieruszow.bpsieradz.pl\/index.php\/category\/aktualnosci\/#listItem","name":"Aktualno\u015bci"}},{"@type":"ListItem","@id":"https:\/\/filiawieruszow.bpsieradz.pl\/index.php\/category\/aktualnosci\/#listItem","position":2,"name":"Aktualno\u015bci","item":"https:\/\/filiawieruszow.bpsieradz.pl\/index.php\/category\/aktualnosci\/","nextItem":{"@type":"ListItem","@id":"https:\/\/filiawieruszow.bpsieradz.pl\/index.php\/2025\/05\/13\/konkurs-moj-ulubiony-bohater-literacki\/#listItem","name":"Konkurs \u201eM\u00f3j ulubiony bohater literacki\u201d"},"previousItem":{"@type":"ListItem","@id":"https:\/\/filiawieruszow.bpsieradz.pl#listItem","name":"Home"}},{"@type":"ListItem","@id":"https:\/\/filiawieruszow.bpsieradz.pl\/index.php\/2025\/05\/13\/konkurs-moj-ulubiony-bohater-literacki\/#listItem","position":3,"name":"Konkurs \u201eM\u00f3j ulubiony bohater literacki\u201d","previousItem":{"@type":"ListItem","@id":"https:\/\/filiawieruszow.bpsieradz.pl\/index.php\/category\/aktualnosci\/#listItem","name":"Aktualno\u015bci"}}]},{"@type":"Organization","@id":"https:\/\/filiawieruszow.bpsieradz.pl\/#organization","name":"Biblioteka Pedagogiczna w Sieradzu Filia w Wieruszowie","url":"https:\/\/filiawieruszow.bpsieradz.pl\/","logo":{"@type":"ImageObject","url":"https:\/\/filiawieruszow.bpsieradz.pl\/wp-content\/uploads\/2025\/02\/CRE_lodzkie.jpg","@id":"https:\/\/filiawieruszow.bpsieradz.pl\/index.php\/2025\/05\/13\/konkurs-moj-ulubiony-bohater-literacki\/#organizationLogo","width":323,"height":50},"image":{"@id":"https:\/\/filiawieruszow.bpsieradz.pl\/index.php\/2025\/05\/13\/konkurs-moj-ulubiony-bohater-literacki\/#organizationLogo"}},{"@type":"Person","@id":"https:\/\/filiawieruszow.bpsieradz.pl\/index.php\/author\/admin\/#author","url":"https:\/\/filiawieruszow.bpsieradz.pl\/index.php\/author\/admin\/","name":"admin","image":{"@type":"ImageObject","@id":"https:\/\/filiawieruszow.bpsieradz.pl\/index.php\/2025\/05\/13\/konkurs-moj-ulubiony-bohater-literacki\/#authorImage","url":"https:\/\/secure.gravatar.com\/avatar\/7c9baecea61c950fa0ace417ade1d91ec20251533a476dc4eb52114bf5576b3a?s=96&d=mm&r=g","width":96,"height":96,"caption":"admin"}},{"@type":"WebPage","@id":"https:\/\/filiawieruszow.bpsieradz.pl\/index.php\/2025\/05\/13\/konkurs-moj-ulubiony-bohater-literacki\/#webpage","url":"https:\/\/filiawieruszow.bpsieradz.pl\/index.php\/2025\/05\/13\/konkurs-moj-ulubiony-bohater-literacki\/","name":"Konkurs \u201eM\u00f3j ulubiony bohater literacki\u201d - Biblioteka Pedagogiczna w Sieradzu Filia w Wieruszowie","description":"12 maja 2025 roku odby\u0142o si\u0119 uroczyste wr\u0119czenie nagr\u00f3d w powiatowym konkursie dla klas II - III, zatytu\u0142owanym \"M\u00f3j ulubiony bohater literacki\", kt\u00f3ry zosta\u0142 zorganizowany w ramach NPRCz 2.0 na lata 2021-2025 przez CREW\u0141 w Sieradzu Biblioteka Pedagogiczna w Sieradzu Filia w Wieruszowie. Mia\u0142 na celu pobudzanie zainteresowa\u0144 czytelniczych i reklamy ulubionej ksi\u0105\u017cki w formie","inLanguage":"pl-PL","isPartOf":{"@id":"https:\/\/filiawieruszow.bpsieradz.pl\/#website"},"breadcrumb":{"@id":"https:\/\/filiawieruszow.bpsieradz.pl\/index.php\/2025\/05\/13\/konkurs-moj-ulubiony-bohater-literacki\/#breadcrumblist"},"author":{"@id":"https:\/\/filiawieruszow.bpsieradz.pl\/index.php\/author\/admin\/#author"},"creator":{"@id":"https:\/\/filiawieruszow.bpsieradz.pl\/index.php\/author\/admin\/#author"},"image":{"@type":"ImageObject","url":"https:\/\/filiawieruszow.bpsieradz.pl\/wp-content\/uploads\/2025\/05\/Konkurs_01.jpg","@id":"https:\/\/filiawieruszow.bpsieradz.pl\/index.php\/2025\/05\/13\/konkurs-moj-ulubiony-bohater-literacki\/#mainImage","width":999,"height":750,"caption":"M\u00f3j ulubiony bohater literacki"},"primaryImageOfPage":{"@id":"https:\/\/filiawieruszow.bpsieradz.pl\/index.php\/2025\/05\/13\/konkurs-moj-ulubiony-bohater-literacki\/#mainImage"},"datePublished":"2025-05-13T12:56:56+00:00","dateModified":"2025-11-14T14:10:46+00:00"},{"@type":"WebSite","@id":"https:\/\/filiawieruszow.bpsieradz.pl\/#website","url":"https:\/\/filiawieruszow.bpsieradz.pl\/","name":"Biblioteka Pedagogiczna w Sieradzu Filia w Wieruszowie","inLanguage":"pl-PL","publisher":{"@id":"https:\/\/filiawieruszow.bpsieradz.pl\/#organization"}}]},"og:locale":"pl_PL","og:site_name":"Biblioteka Pedagogiczna w Sieradzu Filia w Wieruszowie -","og:type":"article","og:title":"Konkurs \u201eM\u00f3j ulubiony bohater literacki\u201d - Biblioteka Pedagogiczna w Sieradzu Filia w Wieruszowie","og:description":"12 maja 2025 roku odby\u0142o si\u0119 uroczyste wr\u0119czenie nagr\u00f3d w powiatowym konkursie dla klas II - III, zatytu\u0142owanym &quot;M\u00f3j ulubiony bohater literacki&quot;, kt\u00f3ry zosta\u0142 zorganizowany w ramach NPRCz 2.0 na lata 2021-2025 przez CREW\u0141 w Sieradzu Biblioteka Pedagogiczna w Sieradzu Filia w Wieruszowie. Mia\u0142 na celu pobudzanie zainteresowa\u0144 czytelniczych i reklamy ulubionej ksi\u0105\u017cki w formie","og:url":"https:\/\/filiawieruszow.bpsieradz.pl\/index.php\/2025\/05\/13\/konkurs-moj-ulubiony-bohater-literacki\/","og:image":"https:\/\/filiawieruszow.bpsieradz.pl\/wp-content\/uploads\/2025\/02\/CRE_lodzkie.jpg","og:image:secure_url":"https:\/\/filiawieruszow.bpsieradz.pl\/wp-content\/uploads\/2025\/02\/CRE_lodzkie.jpg","article:published_time":"2025-05-13T12:56:56+00:00","article:modified_time":"2025-11-14T14:10:46+00:00","twitter:card":"summary_large_image","twitter:title":"Konkurs \u201eM\u00f3j ulubiony bohater literacki\u201d - Biblioteka Pedagogiczna w Sieradzu Filia w Wieruszowie","twitter:description":"12 maja 2025 roku odby\u0142o si\u0119 uroczyste wr\u0119czenie nagr\u00f3d w powiatowym konkursie dla klas II - III, zatytu\u0142owanym &quot;M\u00f3j ulubiony bohater literacki&quot;, kt\u00f3ry zosta\u0142 zorganizowany w ramach NPRCz 2.0 na lata 2021-2025 przez CREW\u0141 w Sieradzu Biblioteka Pedagogiczna w Sieradzu Filia w Wieruszowie. Mia\u0142 na celu pobudzanie zainteresowa\u0144 czytelniczych i reklamy ulubionej ksi\u0105\u017cki w formie","twitter:image":"https:\/\/filiawieruszow.bpsieradz.pl\/wp-content\/uploads\/2025\/02\/CRE_lodzkie.jpg"},"aioseo_meta_data":{"post_id":"3775","title":null,"description":null,"keywords":null,"keyphrases":{"focus":{"keyphrase":"","score":0,"analysis":{"keyphraseInTitle":{"score":0,"maxScore":9,"error":1}}},"additional":[]},"primary_term":null,"canonical_url":null,"og_title":null,"og_description":null,"og_object_type":"default","og_image_type":"default","og_image_url":null,"og_image_width":null,"og_image_height":null,"og_image_custom_url":null,"og_image_custom_fields":null,"og_video":"","og_custom_url":null,"og_article_section":null,"og_article_tags":null,"twitter_use_og":false,"twitter_card":"default","twitter_image_type":"default","twitter_image_url":null,"twitter_image_custom_url":null,"twitter_image_custom_fields":null,"twitter_title":null,"twitter_description":null,"schema":{"blockGraphs":[],"customGraphs":[],"default":{"data":{"Article":[],"Course":[],"Dataset":[],"FAQPage":[],"Movie":[],"Person":[],"Product":[],"ProductReview":[],"Car":[],"Recipe":[],"Service":[],"SoftwareApplication":[],"WebPage":[]},"graphName":"BlogPosting","isEnabled":true},"graphs":[]},"schema_type":"default","schema_type_options":null,"pillar_content":false,"robots_default":true,"robots_noindex":false,"robots_noarchive":false,"robots_nosnippet":false,"robots_nofollow":false,"robots_noimageindex":false,"robots_noodp":false,"robots_notranslate":false,"robots_max_snippet":"-1","robots_max_videopreview":"-1","robots_max_imagepreview":"large","priority":null,"frequency":"default","local_seo":null,"breadcrumb_settings":null,"limit_modified_date":false,"ai":{"faqs":[],"keyPoints":[],"titles":[],"descriptions":[],"socialPosts":{"email":[],"linkedin":[],"twitter":[],"facebook":[],"instagram":[]}},"created":"2025-11-14 10:14:59","updated":"2025-11-14 14:23:19","seo_analyzer_scan_date":null},"aioseo_breadcrumb":"<div class=\"aioseo-breadcrumbs\"><span class=\"aioseo-breadcrumb\">\n\t\t\t<a href=\"https:\/\/filiawieruszow.bpsieradz.pl\" title=\"Home\">Home<\/a>\n\t\t<\/span><span class=\"aioseo-breadcrumb-separator\">&raquo;<\/span><span class=\"aioseo-breadcrumb\">\n\t\t\t<a href=\"https:\/\/filiawieruszow.bpsieradz.pl\/index.php\/category\/aktualnosci\/\" title=\"Aktualno\u015bci\">Aktualno\u015bci<\/a>\n\t\t<\/span><span class=\"aioseo-breadcrumb-separator\">&raquo;<\/span><span class=\"aioseo-breadcrumb\">\n\t\t\tKonkurs \u201eM\u00f3j ulubiony bohater literacki\u201d\n\t\t<\/span><\/div>","aioseo_breadcrumb_json":[{"label":"Home","link":"https:\/\/filiawieruszow.bpsieradz.pl"},{"label":"Aktualno\u015bci","link":"https:\/\/filiawieruszow.bpsieradz.pl\/index.php\/category\/aktualnosci\/"},{"label":"Konkurs \u201eM\u00f3j ulubiony bohater literacki\u201d","link":"https:\/\/filiawieruszow.bpsieradz.pl\/index.php\/2025\/05\/13\/konkurs-moj-ulubiony-bohater-literacki\/"}],"rttpg_featured_image_url":{"full":["https:\/\/filiawieruszow.bpsieradz.pl\/wp-content\/uploads\/2025\/05\/Konkurs_01.jpg",999,750,false],"landscape":["https:\/\/filiawieruszow.bpsieradz.pl\/wp-content\/uploads\/2025\/05\/Konkurs_01.jpg",999,750,false],"portraits":["https:\/\/filiawieruszow.bpsieradz.pl\/wp-content\/uploads\/2025\/05\/Konkurs_01.jpg",999,750,false],"thumbnail":["https:\/\/filiawieruszow.bpsieradz.pl\/wp-content\/uploads\/2025\/05\/Konkurs_01-150x150.jpg",150,150,true],"medium":["https:\/\/filiawieruszow.bpsieradz.pl\/wp-content\/uploads\/2025\/05\/Konkurs_01-300x225.jpg",300,225,true],"large":["https:\/\/filiawieruszow.bpsieradz.pl\/wp-content\/uploads\/2025\/05\/Konkurs_01.jpg",800,601,false],"1536x1536":["https:\/\/filiawieruszow.bpsieradz.pl\/wp-content\/uploads\/2025\/05\/Konkurs_01.jpg",999,750,false],"2048x2048":["https:\/\/filiawieruszow.bpsieradz.pl\/wp-content\/uploads\/2025\/05\/Konkurs_01.jpg",999,750,false],"onepress-blog-small":["https:\/\/filiawieruszow.bpsieradz.pl\/wp-content\/uploads\/2025\/05\/Konkurs_01-300x150.jpg",300,150,true],"onepress-small":["https:\/\/filiawieruszow.bpsieradz.pl\/wp-content\/uploads\/2025\/05\/Konkurs_01-480x300.jpg",480,300,true],"onepress-medium":["https:\/\/filiawieruszow.bpsieradz.pl\/wp-content\/uploads\/2025\/05\/Konkurs_01-640x400.jpg",640,400,true]},"rttpg_author":{"display_name":"admin","author_link":"https:\/\/filiawieruszow.bpsieradz.pl\/index.php\/author\/admin\/"},"rttpg_comment":0,"rttpg_category":"<a href=\"https:\/\/filiawieruszow.bpsieradz.pl\/index.php\/category\/aktualnosci\/\" rel=\"category tag\">Aktualno\u015bci<\/a>","rttpg_excerpt":"12 maja 2025 roku odby\u0142o si\u0119 uroczyste wr\u0119czenie nagr\u00f3d w powiatowym konkursie dla klas II &#8211; III, zatytu\u0142owanym &#8222;M\u00f3j ulubiony bohater literacki&#8221;, kt\u00f3ry zosta\u0142 zorganizowany w ramach NPRCz 2.0 na ...","_links":{"self":[{"href":"https:\/\/filiawieruszow.bpsieradz.pl\/index.php\/wp-json\/wp\/v2\/posts\/3775","targetHints":{"allow":["GET"]}}],"collection":[{"href":"https:\/\/filiawieruszow.bpsieradz.pl\/index.php\/wp-json\/wp\/v2\/posts"}],"about":[{"href":"https:\/\/filiawieruszow.bpsieradz.pl\/index.php\/wp-json\/wp\/v2\/types\/post"}],"author":[{"embeddable":true,"href":"https:\/\/filiawieruszow.bpsieradz.pl\/index.php\/wp-json\/wp\/v2\/users\/1"}],"replies":[{"embeddable":true,"href":"https:\/\/filiawieruszow.bpsieradz.pl\/index.php\/wp-json\/wp\/v2\/comments?post=3775"}],"version-history":[{"count":1,"href":"https:\/\/filiawieruszow.bpsieradz.pl\/index.php\/wp-json\/wp\/v2\/posts\/3775\/revisions"}],"predecessor-version":[{"id":3866,"href":"https:\/\/filiawieruszow.bpsieradz.pl\/index.php\/wp-json\/wp\/v2\/posts\/3775\/revisions\/3866"}],"wp:featuredmedia":[{"embeddable":true,"href":"https:\/\/filiawieruszow.bpsieradz.pl\/index.php\/wp-json\/wp\/v2\/media\/3766"}],"wp:attachment":[{"href":"https:\/\/filiawieruszow.bpsieradz.pl\/index.php\/wp-json\/wp\/v2\/media?parent=3775"}],"wp:term":[{"taxonomy":"category","embeddable":true,"href":"https:\/\/filiawieruszow.bpsieradz.pl\/index.php\/wp-json\/wp\/v2\/categories?post=3775"},{"taxonomy":"post_tag","embeddable":true,"href":"https:\/\/filiawieruszow.bpsieradz.pl\/index.php\/wp-json\/wp\/v2\/tags?post=3775"}],"curies":[{"name":"wp","href":"https:\/\/api.w.org\/{rel}","templated":true}]}}