{"id":3765,"date":"2025-05-02T07:09:06","date_gmt":"2025-05-02T07:09:06","guid":{"rendered":"http:\/\/wieruszowfilia.bpsieradz.pl\/index.php\/2025\/05\/02\/siec-wspolpracy-i-samoksztalcenia-bibliotekarzy\/"},"modified":"2025-11-14T14:16:02","modified_gmt":"2025-11-14T14:16:02","slug":"siec-wspolpracy-i-samoksztalcenia-bibliotekarzy","status":"publish","type":"post","link":"https:\/\/filiawieruszow.bpsieradz.pl\/index.php\/2025\/05\/02\/siec-wspolpracy-i-samoksztalcenia-bibliotekarzy\/","title":{"rendered":"Sie\u0107 wsp\u00f3\u0142pracy i samokszta\u0142cenia bibliotekarzy"},"content":{"rendered":"\n<p class=\"has-text-align-left wp-block-paragraph\"><span style=\"font-size: 12pt;\">W pi\u0105tek (25.04.2025 r.) odby\u0142o si\u0119 czwarte w tym roku szkolnym spotkanie Sieci wsp\u00f3\u0142pracy i samokszta\u0142cenia bibliotekarzy ze szk\u00f3\u0142 naszego powiatu. Rozmowy toczy\u0142y si\u0119 wok\u00f3\u0142 zbli\u017caj\u0105cego si\u0119 Tygodnia Bibliotek, wsp\u00f3lnych plan\u00f3w i dzia\u0142a\u0144. Ze strony naszej filii zosta\u0142a przygotowana prelekcja o r\u00f3\u017cnych ciekawych formach promocji czytelnictwa, kt\u00f3r\u0105 przedstawi\u0142a Arletta Sip. Znane i nowe formy promocji sta\u0142y si\u0119 podstaw\u0105 do dyskusji i wymiany do\u015bwiadcze\u0144, a tak\u017ce powoli si\u0119 kszta\u0142tuj\u0105cej realizacji wybranych. Przed nami jeszcze jedno spotkanie w maju, a w nowym roku zapraszamy inne bibliotekarki do do\u0142\u0105czenia do nas. \u00a0<\/span><\/p>\n\n\n\n<p class=\"has-text-align-center wp-block-paragraph\"><span style=\"font-size: 12pt;\"> &nbsp;&nbsp;<\/span><\/p>\n\n\n\nngg_shortcode_0_placeholder\n","protected":false},"excerpt":{"rendered":"<p>W pi\u0105tek (25.04.2025 r.) odby\u0142o si\u0119 czwarte w tym roku szkolnym spotkanie Sieci wsp\u00f3\u0142pracy i samokszta\u0142cenia bibliotekarzy ze szk\u00f3\u0142 naszego powiatu. Rozmowy toczy\u0142y si\u0119 wok\u00f3\u0142 zbli\u017caj\u0105cego si\u0119 Tygodnia Bibliotek, wsp\u00f3lnych &#8230;<\/p>\n","protected":false},"author":1,"featured_media":3763,"comment_status":"closed","ping_status":"open","sticky":true,"template":"","format":"standard","meta":{"om_disable_all_campaigns":false,"ngg_post_thumbnail":0,"footnotes":""},"categories":[3],"tags":[],"class_list":["post-3765","post","type-post","status-publish","format-standard","has-post-thumbnail","hentry","category-aktualnosci"],"aioseo_notices":[],"aioseo_head":"\n\t\t<!-- All in One SEO 4.9.10 - aioseo.com -->\n\t<meta name=\"description\" content=\"W pi\u0105tek (25.04.2025 r.) odby\u0142o si\u0119 czwarte w tym roku szkolnym spotkanie Sieci wsp\u00f3\u0142pracy i samokszta\u0142cenia bibliotekarzy ze szk\u00f3\u0142 naszego powiatu. Rozmowy toczy\u0142y si\u0119 wok\u00f3\u0142 zbli\u017caj\u0105cego si\u0119 Tygodnia Bibliotek, wsp\u00f3lnych plan\u00f3w i dzia\u0142a\u0144. Ze strony naszej filii zosta\u0142a przygotowana prelekcja o r\u00f3\u017cnych ciekawych formach promocji czytelnictwa, kt\u00f3r\u0105 przedstawi\u0142a Arletta Sip. Znane i nowe formy promocji\" \/>\n\t<meta name=\"robots\" content=\"max-image-preview:large\" \/>\n\t<meta name=\"author\" content=\"admin\"\/>\n\t<link rel=\"canonical\" href=\"https:\/\/filiawieruszow.bpsieradz.pl\/index.php\/2025\/05\/02\/siec-wspolpracy-i-samoksztalcenia-bibliotekarzy\/\" \/>\n\t<meta name=\"generator\" content=\"All in One SEO (AIOSEO) 4.9.10\" \/>\n\t\t<meta property=\"og:locale\" content=\"pl_PL\" \/>\n\t\t<meta property=\"og:site_name\" content=\"Biblioteka Pedagogiczna w Sieradzu Filia w Wieruszowie -\" \/>\n\t\t<meta property=\"og:type\" content=\"article\" \/>\n\t\t<meta property=\"og:title\" content=\"Sie\u0107 wsp\u00f3\u0142pracy i samokszta\u0142cenia bibliotekarzy - Biblioteka Pedagogiczna w Sieradzu Filia w Wieruszowie\" \/>\n\t\t<meta property=\"og:description\" content=\"W pi\u0105tek (25.04.2025 r.) odby\u0142o si\u0119 czwarte w tym roku szkolnym spotkanie Sieci wsp\u00f3\u0142pracy i samokszta\u0142cenia bibliotekarzy ze szk\u00f3\u0142 naszego powiatu. Rozmowy toczy\u0142y si\u0119 wok\u00f3\u0142 zbli\u017caj\u0105cego si\u0119 Tygodnia Bibliotek, wsp\u00f3lnych plan\u00f3w i dzia\u0142a\u0144. Ze strony naszej filii zosta\u0142a przygotowana prelekcja o r\u00f3\u017cnych ciekawych formach promocji czytelnictwa, kt\u00f3r\u0105 przedstawi\u0142a Arletta Sip. Znane i nowe formy promocji\" \/>\n\t\t<meta property=\"og:url\" content=\"https:\/\/filiawieruszow.bpsieradz.pl\/index.php\/2025\/05\/02\/siec-wspolpracy-i-samoksztalcenia-bibliotekarzy\/\" \/>\n\t\t<meta property=\"og:image\" content=\"https:\/\/filiawieruszow.bpsieradz.pl\/wp-content\/uploads\/2025\/02\/CRE_lodzkie.jpg\" \/>\n\t\t<meta property=\"og:image:secure_url\" content=\"https:\/\/filiawieruszow.bpsieradz.pl\/wp-content\/uploads\/2025\/02\/CRE_lodzkie.jpg\" \/>\n\t\t<meta property=\"article:published_time\" content=\"2025-05-02T07:09:06+00:00\" \/>\n\t\t<meta property=\"article:modified_time\" content=\"2025-11-14T14:16:02+00:00\" \/>\n\t\t<meta name=\"twitter:card\" content=\"summary_large_image\" \/>\n\t\t<meta name=\"twitter:title\" content=\"Sie\u0107 wsp\u00f3\u0142pracy i samokszta\u0142cenia bibliotekarzy - Biblioteka Pedagogiczna w Sieradzu Filia w Wieruszowie\" \/>\n\t\t<meta name=\"twitter:description\" content=\"W pi\u0105tek (25.04.2025 r.) odby\u0142o si\u0119 czwarte w tym roku szkolnym spotkanie Sieci wsp\u00f3\u0142pracy i samokszta\u0142cenia bibliotekarzy ze szk\u00f3\u0142 naszego powiatu. Rozmowy toczy\u0142y si\u0119 wok\u00f3\u0142 zbli\u017caj\u0105cego si\u0119 Tygodnia Bibliotek, wsp\u00f3lnych plan\u00f3w i dzia\u0142a\u0144. Ze strony naszej filii zosta\u0142a przygotowana prelekcja o r\u00f3\u017cnych ciekawych formach promocji czytelnictwa, kt\u00f3r\u0105 przedstawi\u0142a Arletta Sip. Znane i nowe formy promocji\" \/>\n\t\t<meta name=\"twitter:image\" content=\"https:\/\/filiawieruszow.bpsieradz.pl\/wp-content\/uploads\/2025\/02\/CRE_lodzkie.jpg\" \/>\n\t\t<script type=\"application\/ld+json\" class=\"aioseo-schema\">\n\t\t\t{\"@context\":\"https:\\\/\\\/schema.org\",\"@graph\":[{\"@type\":\"BlogPosting\",\"@id\":\"https:\\\/\\\/filiawieruszow.bpsieradz.pl\\\/index.php\\\/2025\\\/05\\\/02\\\/siec-wspolpracy-i-samoksztalcenia-bibliotekarzy\\\/#blogposting\",\"name\":\"Sie\\u0107 wsp\\u00f3\\u0142pracy i samokszta\\u0142cenia bibliotekarzy - Biblioteka Pedagogiczna w Sieradzu Filia w Wieruszowie\",\"headline\":\"Sie\\u0107 wsp\\u00f3\\u0142pracy i samokszta\\u0142cenia bibliotekarzy\",\"author\":{\"@id\":\"https:\\\/\\\/filiawieruszow.bpsieradz.pl\\\/index.php\\\/author\\\/admin\\\/#author\"},\"publisher\":{\"@id\":\"https:\\\/\\\/filiawieruszow.bpsieradz.pl\\\/#organization\"},\"image\":{\"@type\":\"ImageObject\",\"url\":\"https:\\\/\\\/filiawieruszow.bpsieradz.pl\\\/wp-content\\\/uploads\\\/2025\\\/05\\\/s41.jpg\",\"width\":2048,\"height\":1537,\"caption\":\"Sie\\u0107 wsp\\u00f3\\u0142pracy i samokszta\\u0142cenia bibliotekarzy\"},\"datePublished\":\"2025-05-02T07:09:06+00:00\",\"dateModified\":\"2025-11-14T14:16:02+00:00\",\"inLanguage\":\"pl-PL\",\"mainEntityOfPage\":{\"@id\":\"https:\\\/\\\/filiawieruszow.bpsieradz.pl\\\/index.php\\\/2025\\\/05\\\/02\\\/siec-wspolpracy-i-samoksztalcenia-bibliotekarzy\\\/#webpage\"},\"isPartOf\":{\"@id\":\"https:\\\/\\\/filiawieruszow.bpsieradz.pl\\\/index.php\\\/2025\\\/05\\\/02\\\/siec-wspolpracy-i-samoksztalcenia-bibliotekarzy\\\/#webpage\"},\"articleSection\":\"Aktualno\\u015bci\"},{\"@type\":\"BreadcrumbList\",\"@id\":\"https:\\\/\\\/filiawieruszow.bpsieradz.pl\\\/index.php\\\/2025\\\/05\\\/02\\\/siec-wspolpracy-i-samoksztalcenia-bibliotekarzy\\\/#breadcrumblist\",\"itemListElement\":[{\"@type\":\"ListItem\",\"@id\":\"https:\\\/\\\/filiawieruszow.bpsieradz.pl#listItem\",\"position\":1,\"name\":\"Home\",\"item\":\"https:\\\/\\\/filiawieruszow.bpsieradz.pl\",\"nextItem\":{\"@type\":\"ListItem\",\"@id\":\"https:\\\/\\\/filiawieruszow.bpsieradz.pl\\\/index.php\\\/category\\\/aktualnosci\\\/#listItem\",\"name\":\"Aktualno\\u015bci\"}},{\"@type\":\"ListItem\",\"@id\":\"https:\\\/\\\/filiawieruszow.bpsieradz.pl\\\/index.php\\\/category\\\/aktualnosci\\\/#listItem\",\"position\":2,\"name\":\"Aktualno\\u015bci\",\"item\":\"https:\\\/\\\/filiawieruszow.bpsieradz.pl\\\/index.php\\\/category\\\/aktualnosci\\\/\",\"nextItem\":{\"@type\":\"ListItem\",\"@id\":\"https:\\\/\\\/filiawieruszow.bpsieradz.pl\\\/index.php\\\/2025\\\/05\\\/02\\\/siec-wspolpracy-i-samoksztalcenia-bibliotekarzy\\\/#listItem\",\"name\":\"Sie\\u0107 wsp\\u00f3\\u0142pracy i samokszta\\u0142cenia bibliotekarzy\"},\"previousItem\":{\"@type\":\"ListItem\",\"@id\":\"https:\\\/\\\/filiawieruszow.bpsieradz.pl#listItem\",\"name\":\"Home\"}},{\"@type\":\"ListItem\",\"@id\":\"https:\\\/\\\/filiawieruszow.bpsieradz.pl\\\/index.php\\\/2025\\\/05\\\/02\\\/siec-wspolpracy-i-samoksztalcenia-bibliotekarzy\\\/#listItem\",\"position\":3,\"name\":\"Sie\\u0107 wsp\\u00f3\\u0142pracy i samokszta\\u0142cenia bibliotekarzy\",\"previousItem\":{\"@type\":\"ListItem\",\"@id\":\"https:\\\/\\\/filiawieruszow.bpsieradz.pl\\\/index.php\\\/category\\\/aktualnosci\\\/#listItem\",\"name\":\"Aktualno\\u015bci\"}}]},{\"@type\":\"Organization\",\"@id\":\"https:\\\/\\\/filiawieruszow.bpsieradz.pl\\\/#organization\",\"name\":\"Biblioteka Pedagogiczna w Sieradzu Filia w Wieruszowie\",\"url\":\"https:\\\/\\\/filiawieruszow.bpsieradz.pl\\\/\",\"logo\":{\"@type\":\"ImageObject\",\"url\":\"https:\\\/\\\/filiawieruszow.bpsieradz.pl\\\/wp-content\\\/uploads\\\/2025\\\/02\\\/CRE_lodzkie.jpg\",\"@id\":\"https:\\\/\\\/filiawieruszow.bpsieradz.pl\\\/index.php\\\/2025\\\/05\\\/02\\\/siec-wspolpracy-i-samoksztalcenia-bibliotekarzy\\\/#organizationLogo\",\"width\":323,\"height\":50},\"image\":{\"@id\":\"https:\\\/\\\/filiawieruszow.bpsieradz.pl\\\/index.php\\\/2025\\\/05\\\/02\\\/siec-wspolpracy-i-samoksztalcenia-bibliotekarzy\\\/#organizationLogo\"}},{\"@type\":\"Person\",\"@id\":\"https:\\\/\\\/filiawieruszow.bpsieradz.pl\\\/index.php\\\/author\\\/admin\\\/#author\",\"url\":\"https:\\\/\\\/filiawieruszow.bpsieradz.pl\\\/index.php\\\/author\\\/admin\\\/\",\"name\":\"admin\",\"image\":{\"@type\":\"ImageObject\",\"@id\":\"https:\\\/\\\/filiawieruszow.bpsieradz.pl\\\/index.php\\\/2025\\\/05\\\/02\\\/siec-wspolpracy-i-samoksztalcenia-bibliotekarzy\\\/#authorImage\",\"url\":\"https:\\\/\\\/secure.gravatar.com\\\/avatar\\\/7c9baecea61c950fa0ace417ade1d91ec20251533a476dc4eb52114bf5576b3a?s=96&d=mm&r=g\",\"width\":96,\"height\":96,\"caption\":\"admin\"}},{\"@type\":\"WebPage\",\"@id\":\"https:\\\/\\\/filiawieruszow.bpsieradz.pl\\\/index.php\\\/2025\\\/05\\\/02\\\/siec-wspolpracy-i-samoksztalcenia-bibliotekarzy\\\/#webpage\",\"url\":\"https:\\\/\\\/filiawieruszow.bpsieradz.pl\\\/index.php\\\/2025\\\/05\\\/02\\\/siec-wspolpracy-i-samoksztalcenia-bibliotekarzy\\\/\",\"name\":\"Sie\\u0107 wsp\\u00f3\\u0142pracy i samokszta\\u0142cenia bibliotekarzy - Biblioteka Pedagogiczna w Sieradzu Filia w Wieruszowie\",\"description\":\"W pi\\u0105tek (25.04.2025 r.) odby\\u0142o si\\u0119 czwarte w tym roku szkolnym spotkanie Sieci wsp\\u00f3\\u0142pracy i samokszta\\u0142cenia bibliotekarzy ze szk\\u00f3\\u0142 naszego powiatu. Rozmowy toczy\\u0142y si\\u0119 wok\\u00f3\\u0142 zbli\\u017caj\\u0105cego si\\u0119 Tygodnia Bibliotek, wsp\\u00f3lnych plan\\u00f3w i dzia\\u0142a\\u0144. Ze strony naszej filii zosta\\u0142a przygotowana prelekcja o r\\u00f3\\u017cnych ciekawych formach promocji czytelnictwa, kt\\u00f3r\\u0105 przedstawi\\u0142a Arletta Sip. Znane i nowe formy promocji\",\"inLanguage\":\"pl-PL\",\"isPartOf\":{\"@id\":\"https:\\\/\\\/filiawieruszow.bpsieradz.pl\\\/#website\"},\"breadcrumb\":{\"@id\":\"https:\\\/\\\/filiawieruszow.bpsieradz.pl\\\/index.php\\\/2025\\\/05\\\/02\\\/siec-wspolpracy-i-samoksztalcenia-bibliotekarzy\\\/#breadcrumblist\"},\"author\":{\"@id\":\"https:\\\/\\\/filiawieruszow.bpsieradz.pl\\\/index.php\\\/author\\\/admin\\\/#author\"},\"creator\":{\"@id\":\"https:\\\/\\\/filiawieruszow.bpsieradz.pl\\\/index.php\\\/author\\\/admin\\\/#author\"},\"image\":{\"@type\":\"ImageObject\",\"url\":\"https:\\\/\\\/filiawieruszow.bpsieradz.pl\\\/wp-content\\\/uploads\\\/2025\\\/05\\\/s41.jpg\",\"@id\":\"https:\\\/\\\/filiawieruszow.bpsieradz.pl\\\/index.php\\\/2025\\\/05\\\/02\\\/siec-wspolpracy-i-samoksztalcenia-bibliotekarzy\\\/#mainImage\",\"width\":2048,\"height\":1537,\"caption\":\"Sie\\u0107 wsp\\u00f3\\u0142pracy i samokszta\\u0142cenia bibliotekarzy\"},\"primaryImageOfPage\":{\"@id\":\"https:\\\/\\\/filiawieruszow.bpsieradz.pl\\\/index.php\\\/2025\\\/05\\\/02\\\/siec-wspolpracy-i-samoksztalcenia-bibliotekarzy\\\/#mainImage\"},\"datePublished\":\"2025-05-02T07:09:06+00:00\",\"dateModified\":\"2025-11-14T14:16:02+00:00\"},{\"@type\":\"WebSite\",\"@id\":\"https:\\\/\\\/filiawieruszow.bpsieradz.pl\\\/#website\",\"url\":\"https:\\\/\\\/filiawieruszow.bpsieradz.pl\\\/\",\"name\":\"Biblioteka Pedagogiczna w Sieradzu Filia w Wieruszowie\",\"inLanguage\":\"pl-PL\",\"publisher\":{\"@id\":\"https:\\\/\\\/filiawieruszow.bpsieradz.pl\\\/#organization\"}}]}\n\t\t<\/script>\n\t\t<!-- All in One SEO -->\n\n","aioseo_head_json":{"title":"Sie\u0107 wsp\u00f3\u0142pracy i samokszta\u0142cenia bibliotekarzy - Biblioteka Pedagogiczna w Sieradzu Filia w Wieruszowie","description":"W pi\u0105tek (25.04.2025 r.) odby\u0142o si\u0119 czwarte w tym roku szkolnym spotkanie Sieci wsp\u00f3\u0142pracy i samokszta\u0142cenia bibliotekarzy ze szk\u00f3\u0142 naszego powiatu. Rozmowy toczy\u0142y si\u0119 wok\u00f3\u0142 zbli\u017caj\u0105cego si\u0119 Tygodnia Bibliotek, wsp\u00f3lnych plan\u00f3w i dzia\u0142a\u0144. Ze strony naszej filii zosta\u0142a przygotowana prelekcja o r\u00f3\u017cnych ciekawych formach promocji czytelnictwa, kt\u00f3r\u0105 przedstawi\u0142a Arletta Sip. Znane i nowe formy promocji","canonical_url":"https:\/\/filiawieruszow.bpsieradz.pl\/index.php\/2025\/05\/02\/siec-wspolpracy-i-samoksztalcenia-bibliotekarzy\/","robots":"max-image-preview:large","keywords":"","webmasterTools":{"miscellaneous":""},"schema":{"@context":"https:\/\/schema.org","@graph":[{"@type":"BlogPosting","@id":"https:\/\/filiawieruszow.bpsieradz.pl\/index.php\/2025\/05\/02\/siec-wspolpracy-i-samoksztalcenia-bibliotekarzy\/#blogposting","name":"Sie\u0107 wsp\u00f3\u0142pracy i samokszta\u0142cenia bibliotekarzy - Biblioteka Pedagogiczna w Sieradzu Filia w Wieruszowie","headline":"Sie\u0107 wsp\u00f3\u0142pracy i samokszta\u0142cenia bibliotekarzy","author":{"@id":"https:\/\/filiawieruszow.bpsieradz.pl\/index.php\/author\/admin\/#author"},"publisher":{"@id":"https:\/\/filiawieruszow.bpsieradz.pl\/#organization"},"image":{"@type":"ImageObject","url":"https:\/\/filiawieruszow.bpsieradz.pl\/wp-content\/uploads\/2025\/05\/s41.jpg","width":2048,"height":1537,"caption":"Sie\u0107 wsp\u00f3\u0142pracy i samokszta\u0142cenia bibliotekarzy"},"datePublished":"2025-05-02T07:09:06+00:00","dateModified":"2025-11-14T14:16:02+00:00","inLanguage":"pl-PL","mainEntityOfPage":{"@id":"https:\/\/filiawieruszow.bpsieradz.pl\/index.php\/2025\/05\/02\/siec-wspolpracy-i-samoksztalcenia-bibliotekarzy\/#webpage"},"isPartOf":{"@id":"https:\/\/filiawieruszow.bpsieradz.pl\/index.php\/2025\/05\/02\/siec-wspolpracy-i-samoksztalcenia-bibliotekarzy\/#webpage"},"articleSection":"Aktualno\u015bci"},{"@type":"BreadcrumbList","@id":"https:\/\/filiawieruszow.bpsieradz.pl\/index.php\/2025\/05\/02\/siec-wspolpracy-i-samoksztalcenia-bibliotekarzy\/#breadcrumblist","itemListElement":[{"@type":"ListItem","@id":"https:\/\/filiawieruszow.bpsieradz.pl#listItem","position":1,"name":"Home","item":"https:\/\/filiawieruszow.bpsieradz.pl","nextItem":{"@type":"ListItem","@id":"https:\/\/filiawieruszow.bpsieradz.pl\/index.php\/category\/aktualnosci\/#listItem","name":"Aktualno\u015bci"}},{"@type":"ListItem","@id":"https:\/\/filiawieruszow.bpsieradz.pl\/index.php\/category\/aktualnosci\/#listItem","position":2,"name":"Aktualno\u015bci","item":"https:\/\/filiawieruszow.bpsieradz.pl\/index.php\/category\/aktualnosci\/","nextItem":{"@type":"ListItem","@id":"https:\/\/filiawieruszow.bpsieradz.pl\/index.php\/2025\/05\/02\/siec-wspolpracy-i-samoksztalcenia-bibliotekarzy\/#listItem","name":"Sie\u0107 wsp\u00f3\u0142pracy i samokszta\u0142cenia bibliotekarzy"},"previousItem":{"@type":"ListItem","@id":"https:\/\/filiawieruszow.bpsieradz.pl#listItem","name":"Home"}},{"@type":"ListItem","@id":"https:\/\/filiawieruszow.bpsieradz.pl\/index.php\/2025\/05\/02\/siec-wspolpracy-i-samoksztalcenia-bibliotekarzy\/#listItem","position":3,"name":"Sie\u0107 wsp\u00f3\u0142pracy i samokszta\u0142cenia bibliotekarzy","previousItem":{"@type":"ListItem","@id":"https:\/\/filiawieruszow.bpsieradz.pl\/index.php\/category\/aktualnosci\/#listItem","name":"Aktualno\u015bci"}}]},{"@type":"Organization","@id":"https:\/\/filiawieruszow.bpsieradz.pl\/#organization","name":"Biblioteka Pedagogiczna w Sieradzu Filia w Wieruszowie","url":"https:\/\/filiawieruszow.bpsieradz.pl\/","logo":{"@type":"ImageObject","url":"https:\/\/filiawieruszow.bpsieradz.pl\/wp-content\/uploads\/2025\/02\/CRE_lodzkie.jpg","@id":"https:\/\/filiawieruszow.bpsieradz.pl\/index.php\/2025\/05\/02\/siec-wspolpracy-i-samoksztalcenia-bibliotekarzy\/#organizationLogo","width":323,"height":50},"image":{"@id":"https:\/\/filiawieruszow.bpsieradz.pl\/index.php\/2025\/05\/02\/siec-wspolpracy-i-samoksztalcenia-bibliotekarzy\/#organizationLogo"}},{"@type":"Person","@id":"https:\/\/filiawieruszow.bpsieradz.pl\/index.php\/author\/admin\/#author","url":"https:\/\/filiawieruszow.bpsieradz.pl\/index.php\/author\/admin\/","name":"admin","image":{"@type":"ImageObject","@id":"https:\/\/filiawieruszow.bpsieradz.pl\/index.php\/2025\/05\/02\/siec-wspolpracy-i-samoksztalcenia-bibliotekarzy\/#authorImage","url":"https:\/\/secure.gravatar.com\/avatar\/7c9baecea61c950fa0ace417ade1d91ec20251533a476dc4eb52114bf5576b3a?s=96&d=mm&r=g","width":96,"height":96,"caption":"admin"}},{"@type":"WebPage","@id":"https:\/\/filiawieruszow.bpsieradz.pl\/index.php\/2025\/05\/02\/siec-wspolpracy-i-samoksztalcenia-bibliotekarzy\/#webpage","url":"https:\/\/filiawieruszow.bpsieradz.pl\/index.php\/2025\/05\/02\/siec-wspolpracy-i-samoksztalcenia-bibliotekarzy\/","name":"Sie\u0107 wsp\u00f3\u0142pracy i samokszta\u0142cenia bibliotekarzy - Biblioteka Pedagogiczna w Sieradzu Filia w Wieruszowie","description":"W pi\u0105tek (25.04.2025 r.) odby\u0142o si\u0119 czwarte w tym roku szkolnym spotkanie Sieci wsp\u00f3\u0142pracy i samokszta\u0142cenia bibliotekarzy ze szk\u00f3\u0142 naszego powiatu. Rozmowy toczy\u0142y si\u0119 wok\u00f3\u0142 zbli\u017caj\u0105cego si\u0119 Tygodnia Bibliotek, wsp\u00f3lnych plan\u00f3w i dzia\u0142a\u0144. Ze strony naszej filii zosta\u0142a przygotowana prelekcja o r\u00f3\u017cnych ciekawych formach promocji czytelnictwa, kt\u00f3r\u0105 przedstawi\u0142a Arletta Sip. Znane i nowe formy promocji","inLanguage":"pl-PL","isPartOf":{"@id":"https:\/\/filiawieruszow.bpsieradz.pl\/#website"},"breadcrumb":{"@id":"https:\/\/filiawieruszow.bpsieradz.pl\/index.php\/2025\/05\/02\/siec-wspolpracy-i-samoksztalcenia-bibliotekarzy\/#breadcrumblist"},"author":{"@id":"https:\/\/filiawieruszow.bpsieradz.pl\/index.php\/author\/admin\/#author"},"creator":{"@id":"https:\/\/filiawieruszow.bpsieradz.pl\/index.php\/author\/admin\/#author"},"image":{"@type":"ImageObject","url":"https:\/\/filiawieruszow.bpsieradz.pl\/wp-content\/uploads\/2025\/05\/s41.jpg","@id":"https:\/\/filiawieruszow.bpsieradz.pl\/index.php\/2025\/05\/02\/siec-wspolpracy-i-samoksztalcenia-bibliotekarzy\/#mainImage","width":2048,"height":1537,"caption":"Sie\u0107 wsp\u00f3\u0142pracy i samokszta\u0142cenia bibliotekarzy"},"primaryImageOfPage":{"@id":"https:\/\/filiawieruszow.bpsieradz.pl\/index.php\/2025\/05\/02\/siec-wspolpracy-i-samoksztalcenia-bibliotekarzy\/#mainImage"},"datePublished":"2025-05-02T07:09:06+00:00","dateModified":"2025-11-14T14:16:02+00:00"},{"@type":"WebSite","@id":"https:\/\/filiawieruszow.bpsieradz.pl\/#website","url":"https:\/\/filiawieruszow.bpsieradz.pl\/","name":"Biblioteka Pedagogiczna w Sieradzu Filia w Wieruszowie","inLanguage":"pl-PL","publisher":{"@id":"https:\/\/filiawieruszow.bpsieradz.pl\/#organization"}}]},"og:locale":"pl_PL","og:site_name":"Biblioteka Pedagogiczna w Sieradzu Filia w Wieruszowie -","og:type":"article","og:title":"Sie\u0107 wsp\u00f3\u0142pracy i samokszta\u0142cenia bibliotekarzy - Biblioteka Pedagogiczna w Sieradzu Filia w Wieruszowie","og:description":"W pi\u0105tek (25.04.2025 r.) odby\u0142o si\u0119 czwarte w tym roku szkolnym spotkanie Sieci wsp\u00f3\u0142pracy i samokszta\u0142cenia bibliotekarzy ze szk\u00f3\u0142 naszego powiatu. Rozmowy toczy\u0142y si\u0119 wok\u00f3\u0142 zbli\u017caj\u0105cego si\u0119 Tygodnia Bibliotek, wsp\u00f3lnych plan\u00f3w i dzia\u0142a\u0144. Ze strony naszej filii zosta\u0142a przygotowana prelekcja o r\u00f3\u017cnych ciekawych formach promocji czytelnictwa, kt\u00f3r\u0105 przedstawi\u0142a Arletta Sip. Znane i nowe formy promocji","og:url":"https:\/\/filiawieruszow.bpsieradz.pl\/index.php\/2025\/05\/02\/siec-wspolpracy-i-samoksztalcenia-bibliotekarzy\/","og:image":"https:\/\/filiawieruszow.bpsieradz.pl\/wp-content\/uploads\/2025\/02\/CRE_lodzkie.jpg","og:image:secure_url":"https:\/\/filiawieruszow.bpsieradz.pl\/wp-content\/uploads\/2025\/02\/CRE_lodzkie.jpg","article:published_time":"2025-05-02T07:09:06+00:00","article:modified_time":"2025-11-14T14:16:02+00:00","twitter:card":"summary_large_image","twitter:title":"Sie\u0107 wsp\u00f3\u0142pracy i samokszta\u0142cenia bibliotekarzy - Biblioteka Pedagogiczna w Sieradzu Filia w Wieruszowie","twitter:description":"W pi\u0105tek (25.04.2025 r.) odby\u0142o si\u0119 czwarte w tym roku szkolnym spotkanie Sieci wsp\u00f3\u0142pracy i samokszta\u0142cenia bibliotekarzy ze szk\u00f3\u0142 naszego powiatu. Rozmowy toczy\u0142y si\u0119 wok\u00f3\u0142 zbli\u017caj\u0105cego si\u0119 Tygodnia Bibliotek, wsp\u00f3lnych plan\u00f3w i dzia\u0142a\u0144. Ze strony naszej filii zosta\u0142a przygotowana prelekcja o r\u00f3\u017cnych ciekawych formach promocji czytelnictwa, kt\u00f3r\u0105 przedstawi\u0142a Arletta Sip. Znane i nowe formy promocji","twitter:image":"https:\/\/filiawieruszow.bpsieradz.pl\/wp-content\/uploads\/2025\/02\/CRE_lodzkie.jpg"},"aioseo_meta_data":{"post_id":"3765","title":null,"description":null,"keywords":null,"keyphrases":{"focus":{"keyphrase":"","score":0,"analysis":{"keyphraseInTitle":{"score":0,"maxScore":9,"error":1}}},"additional":[]},"primary_term":null,"canonical_url":null,"og_title":null,"og_description":null,"og_object_type":"default","og_image_type":"default","og_image_url":null,"og_image_width":null,"og_image_height":null,"og_image_custom_url":null,"og_image_custom_fields":null,"og_video":"","og_custom_url":null,"og_article_section":null,"og_article_tags":null,"twitter_use_og":false,"twitter_card":"default","twitter_image_type":"default","twitter_image_url":null,"twitter_image_custom_url":null,"twitter_image_custom_fields":null,"twitter_title":null,"twitter_description":null,"schema":{"blockGraphs":[],"customGraphs":[],"default":{"data":{"Article":[],"Course":[],"Dataset":[],"FAQPage":[],"Movie":[],"Person":[],"Product":[],"ProductReview":[],"Car":[],"Recipe":[],"Service":[],"SoftwareApplication":[],"WebPage":[]},"graphName":"BlogPosting","isEnabled":true},"graphs":[]},"schema_type":"default","schema_type_options":null,"pillar_content":false,"robots_default":true,"robots_noindex":false,"robots_noarchive":false,"robots_nosnippet":false,"robots_nofollow":false,"robots_noimageindex":false,"robots_noodp":false,"robots_notranslate":false,"robots_max_snippet":"-1","robots_max_videopreview":"-1","robots_max_imagepreview":"large","priority":null,"frequency":"default","local_seo":null,"breadcrumb_settings":null,"limit_modified_date":false,"ai":{"faqs":[],"keyPoints":[],"titles":[],"descriptions":[],"socialPosts":{"email":[],"linkedin":[],"twitter":[],"facebook":[],"instagram":[]}},"created":"2025-11-14 10:14:59","updated":"2025-11-14 14:23:19","seo_analyzer_scan_date":null},"aioseo_breadcrumb":"<div class=\"aioseo-breadcrumbs\"><span class=\"aioseo-breadcrumb\">\n\t\t\t<a href=\"https:\/\/filiawieruszow.bpsieradz.pl\" title=\"Home\">Home<\/a>\n\t\t<\/span><span class=\"aioseo-breadcrumb-separator\">&raquo;<\/span><span class=\"aioseo-breadcrumb\">\n\t\t\t<a href=\"https:\/\/filiawieruszow.bpsieradz.pl\/index.php\/category\/aktualnosci\/\" title=\"Aktualno\u015bci\">Aktualno\u015bci<\/a>\n\t\t<\/span><span class=\"aioseo-breadcrumb-separator\">&raquo;<\/span><span class=\"aioseo-breadcrumb\">\n\t\t\tSie\u0107 wsp\u00f3\u0142pracy i samokszta\u0142cenia bibliotekarzy\n\t\t<\/span><\/div>","aioseo_breadcrumb_json":[{"label":"Home","link":"https:\/\/filiawieruszow.bpsieradz.pl"},{"label":"Aktualno\u015bci","link":"https:\/\/filiawieruszow.bpsieradz.pl\/index.php\/category\/aktualnosci\/"},{"label":"Sie\u0107 wsp\u00f3\u0142pracy i samokszta\u0142cenia bibliotekarzy","link":"https:\/\/filiawieruszow.bpsieradz.pl\/index.php\/2025\/05\/02\/siec-wspolpracy-i-samoksztalcenia-bibliotekarzy\/"}],"rttpg_featured_image_url":{"full":["https:\/\/filiawieruszow.bpsieradz.pl\/wp-content\/uploads\/2025\/05\/s41.jpg",2048,1537,false],"landscape":["https:\/\/filiawieruszow.bpsieradz.pl\/wp-content\/uploads\/2025\/05\/s41.jpg",2048,1537,false],"portraits":["https:\/\/filiawieruszow.bpsieradz.pl\/wp-content\/uploads\/2025\/05\/s41.jpg",2048,1537,false],"thumbnail":["https:\/\/filiawieruszow.bpsieradz.pl\/wp-content\/uploads\/2025\/05\/s41-150x150.jpg",150,150,true],"medium":["https:\/\/filiawieruszow.bpsieradz.pl\/wp-content\/uploads\/2025\/05\/s41-300x225.jpg",300,225,true],"large":["https:\/\/filiawieruszow.bpsieradz.pl\/wp-content\/uploads\/2025\/05\/s41-1024x769.jpg",800,601,true],"1536x1536":["https:\/\/filiawieruszow.bpsieradz.pl\/wp-content\/uploads\/2025\/05\/s41-1536x1153.jpg",1536,1153,true],"2048x2048":["https:\/\/filiawieruszow.bpsieradz.pl\/wp-content\/uploads\/2025\/05\/s41.jpg",2048,1537,false],"onepress-blog-small":["https:\/\/filiawieruszow.bpsieradz.pl\/wp-content\/uploads\/2025\/05\/s41-300x150.jpg",300,150,true],"onepress-small":["https:\/\/filiawieruszow.bpsieradz.pl\/wp-content\/uploads\/2025\/05\/s41-480x300.jpg",480,300,true],"onepress-medium":["https:\/\/filiawieruszow.bpsieradz.pl\/wp-content\/uploads\/2025\/05\/s41-640x400.jpg",640,400,true]},"rttpg_author":{"display_name":"admin","author_link":"https:\/\/filiawieruszow.bpsieradz.pl\/index.php\/author\/admin\/"},"rttpg_comment":0,"rttpg_category":"<a href=\"https:\/\/filiawieruszow.bpsieradz.pl\/index.php\/category\/aktualnosci\/\" rel=\"category tag\">Aktualno\u015bci<\/a>","rttpg_excerpt":"W pi\u0105tek (25.04.2025 r.) odby\u0142o si\u0119 czwarte w tym roku szkolnym spotkanie Sieci wsp\u00f3\u0142pracy i samokszta\u0142cenia bibliotekarzy ze szk\u00f3\u0142 naszego powiatu. Rozmowy toczy\u0142y si\u0119 wok\u00f3\u0142 zbli\u017caj\u0105cego si\u0119 Tygodnia Bibliotek, wsp\u00f3lnych ...","_links":{"self":[{"href":"https:\/\/filiawieruszow.bpsieradz.pl\/index.php\/wp-json\/wp\/v2\/posts\/3765","targetHints":{"allow":["GET"]}}],"collection":[{"href":"https:\/\/filiawieruszow.bpsieradz.pl\/index.php\/wp-json\/wp\/v2\/posts"}],"about":[{"href":"https:\/\/filiawieruszow.bpsieradz.pl\/index.php\/wp-json\/wp\/v2\/types\/post"}],"author":[{"embeddable":true,"href":"https:\/\/filiawieruszow.bpsieradz.pl\/index.php\/wp-json\/wp\/v2\/users\/1"}],"replies":[{"embeddable":true,"href":"https:\/\/filiawieruszow.bpsieradz.pl\/index.php\/wp-json\/wp\/v2\/comments?post=3765"}],"version-history":[{"count":1,"href":"https:\/\/filiawieruszow.bpsieradz.pl\/index.php\/wp-json\/wp\/v2\/posts\/3765\/revisions"}],"predecessor-version":[{"id":3871,"href":"https:\/\/filiawieruszow.bpsieradz.pl\/index.php\/wp-json\/wp\/v2\/posts\/3765\/revisions\/3871"}],"wp:featuredmedia":[{"embeddable":true,"href":"https:\/\/filiawieruszow.bpsieradz.pl\/index.php\/wp-json\/wp\/v2\/media\/3763"}],"wp:attachment":[{"href":"https:\/\/filiawieruszow.bpsieradz.pl\/index.php\/wp-json\/wp\/v2\/media?parent=3765"}],"wp:term":[{"taxonomy":"category","embeddable":true,"href":"https:\/\/filiawieruszow.bpsieradz.pl\/index.php\/wp-json\/wp\/v2\/categories?post=3765"},{"taxonomy":"post_tag","embeddable":true,"href":"https:\/\/filiawieruszow.bpsieradz.pl\/index.php\/wp-json\/wp\/v2\/tags?post=3765"}],"curies":[{"name":"wp","href":"https:\/\/api.w.org\/{rel}","templated":true}]}}