{"id":3759,"date":"2024-05-16T07:51:19","date_gmt":"2024-05-16T07:51:19","guid":{"rendered":"http:\/\/wieruszowfilia.bpsieradz.pl\/index.php\/2024\/05\/16\/rozstrzygniecie-konkursu-na-projekt-zaproszenia-na-wydarzenie-czytelnicze\/"},"modified":"2025-11-14T14:26:07","modified_gmt":"2025-11-14T14:26:07","slug":"rozstrzygniecie-konkursu-na-projekt-zaproszenia-na-wydarzenie-czytelnicze","status":"publish","type":"post","link":"https:\/\/filiawieruszow.bpsieradz.pl\/index.php\/2024\/05\/16\/rozstrzygniecie-konkursu-na-projekt-zaproszenia-na-wydarzenie-czytelnicze\/","title":{"rendered":"Rozstrzygni\u0119cie konkursu na projekt zaproszenia na wydarzenie czytelnicze"},"content":{"rendered":"\n<p class=\"has-text-align-left wp-block-paragraph\"><span style=\"font-size: 12pt;\">Ka\u017cdego roku w maju w czasie odbywaj\u0105cego si\u0119 \u015bwi\u0119ta bibliotekarzy i bibliotek obchodzonego pod nazw\u0105 TYDZIE\u0143 BIBLIOTEK jest rozstrzygany mi\u0119dzyszkolny konkurs organizowany przez Centrum Rozwoju Edukacji Wojew\u00f3dztwa \u0141\u00f3dzkiego w Sieradzu Biblioteka Pedagogiczna w Sieradzu Filia w Wieruszowie. W tym roku konkurs pn. Zaprojektuj dedykowane zaproszenie na wydarzenie czytelnicze skierowano uczniom klas 1-3. <\/span><\/p>\n\n\n\n<p class=\"wp-block-paragraph\"><span style=\"font-size: 12pt;\">W konkursie udzia\u0142 wzi\u0119\u0142o 37 uczni\u00f3w z 4 plac\u00f3wki szkolnych: <\/span><\/p>\n\n\n\n<ul class=\"wp-block-list\">\n<li><span style=\"font-size: 12pt;\">Szko\u0142a Podstawowa Nr 1 im. J. Korczaka w Wieruszowie (4 prac) <\/span><\/li>\n\n\n\n<li><span style=\"font-size: 12pt;\">Szko\u0142a Podstawowa Nr 2 im. Marsza\u0142ka J. Pi\u0142sudskiego w Wieruszowie (16) <\/span><\/li>\n\n\n\n<li><span style=\"font-size: 12pt;\">Szko\u0142a Podstawowa nr 3 im. Jana Paw\u0142a II w Wieruszowie (16) <\/span><\/li>\n\n\n\n<li><span style=\"font-size: 12pt;\">Szko\u0142a Podstawowa w Wyszanowie (1) <\/span><\/li>\n<\/ul>\n\n\n\n<p class=\"wp-block-paragraph\"><span style=\"font-size: 12pt;\">Celem konkursu by\u0142o rozbudzanie zainteresowa\u0144 i potrzeb czytelniczych uczni\u00f3w przez anga\u017cowanie ich w inicjatywy proczytelnicze. Nale\u017ca\u0142o przygotowa\u0107 zaproszenie tak pomys\u0142owe, aby zach\u0119ci\u0107 koleg\u00f3w, do przyj\u015bcia do biblioteki na wydarzenie edukacyjno-kulturalne. W konkursie oceniaj\u0105ce Jury doceni\u0142o tw\u00f3rczy talent (pomys\u0142owo\u015b\u0107 autora), samodzielno\u015b\u0107 wykonania pracy, wybran\u0105 technik\u0119 plastyczn\u0105 autor\u00f3w, zgodno\u015b\u0107 pracy z tematem. Aby doceni\u0107 uczestnik\u00f3w konkursu organizator zatroszczy\u0142 si\u0119, aby wszyscy otrzymali w nagrod\u0119 dyplomy i ksi\u0105\u017cki, a laureaci konkursu w ramach Patronatu Honorowego Burmistrza Wieruszowa zostali dodatkowo obdarowani upominkami. Wyniki obrad komisji konkursowej: <\/span><\/p>\n\n\n\n<p class=\"wp-block-paragraph\"><span style=\"font-size: 12pt;\">Laureaci Miejsce I <\/span><\/p>\n\n\n\n<ul class=\"wp-block-list\">\n<li><span style=\"font-size: 12pt;\">ANNA HOJKA \u2013 Szko\u0142a Podstawowa nr 2 im. M. J. Pi\u0142sudskiego w Wieruszowie <\/span><\/li>\n<\/ul>\n\n\n\n<p class=\"wp-block-paragraph\"><span style=\"font-size: 12pt;\">Miejsce II <\/span><\/p>\n\n\n\n<ul class=\"wp-block-list\">\n<li><span style=\"font-size: 12pt;\">Katarzyna Osada \u2013 Szko\u0142a Podstawowa nr 3 im. Jana Paw\u0142a II w Wieruszowie <\/span><\/li>\n\n\n\n<li><span style=\"font-size: 12pt;\">Alan W\u00f3jciak &#8211; Szko\u0142a Podstawowa nr 2 im. M. J. Pi\u0142sudskiego w Wieruszowie <\/span><\/li>\n<\/ul>\n\n\n\n<p class=\"wp-block-paragraph\"><span style=\"font-size: 12pt;\">Miejsce III <\/span><\/p>\n\n\n\n<ul class=\"wp-block-list\">\n<li><span style=\"font-size: 12pt;\">Veronika Kovalchuk &#8211; Szko\u0142a Podstawowa nr 3 im. Jana Paw\u0142a II w Wieruszowie <\/span><\/li>\n\n\n\n<li><span style=\"font-size: 12pt;\">Antoni Mazur \u2013 Szko\u0142a Podstawowa nr 2 im. M. J. Pi\u0142sudskiego w Wieruszowie <\/span><\/li>\n\n\n\n<li><span style=\"font-size: 12pt;\">Kajetan Mora &#8211; Szko\u0142a Podstawowa nr 2 im. M. J. Pi\u0142sudskiego w Wieruszowie <\/span><\/li>\n<\/ul>\n\n\n\n<p class=\"wp-block-paragraph\"><span style=\"font-size: 12pt;\">Wyr\u00f3\u017cnienia:<\/span><\/p>\n\n\n\n<ul class=\"wp-block-list\">\n<li><span style=\"font-size: 12pt;\">Agnieszka Przyby\u0142a \u2013 Szko\u0142a Podstawowa nr 1 im. J Korczaka w Wieruszowie <\/span><\/li>\n\n\n\n<li><span style=\"font-size: 12pt;\">Kinga Wr\u00f3bel \u2013 Szko\u0142a Podstawowa w Wyszanowie <\/span><\/li>\n\n\n\n<li><span style=\"font-size: 12pt;\">Iga B\u0142aszczyk &#8211; Szko\u0142a Podstawowa nr 1 im. J Korczaka w Wieruszowie <\/span><\/li>\n\n\n\n<li><span style=\"font-size: 12pt;\">Maja Kulok \u2013 Szko\u0142a Podstawowa nr 3 im. Jana Paw\u0142a II w Wieruszowie <\/span><\/li>\n\n\n\n<li><span style=\"font-size: 12pt;\">Eliza Miesza\u0142a &#8211; Szko\u0142a Podstawowa nr 3 im. Jana Paw\u0142a II w Wieruszowie <\/span><\/li>\n\n\n\n<li><span style=\"font-size: 12pt;\">Natalia Kmiecik &#8211; Szko\u0142a Podstawowa nr 3 im. Jana Paw\u0142a II w Wieruszowie <\/span><\/li>\n\n\n\n<li><span style=\"font-size: 12pt;\">Maria Polinceusz &#8211; Szko\u0142a Podstawowa nr 3 im. Jana Paw\u0142a II w Wieruszowie <\/span><\/li>\n<\/ul>\n\n\n\n<p class=\"wp-block-paragraph\"><span style=\"font-size: 12pt;\">Dzi\u0119kujemy uczniom za udzia\u0142 w konkursie, a ich opiekunom za wsp\u00f3\u0142prac\u0119. Osobne podzi\u0119kowania dla Wydzia\u0142u i Promocji i Rozwoju w ramach Honorowego Patronatu Burmistrza Wieruszowa <\/span><\/p>\n\n\n\n<p class=\"wp-block-paragraph\"><span style=\"font-size: 12pt;\">Organizatorzy Miros\u0142awa \u017by\u0142a i El\u017cbieta \u017blobi\u0144ska &#8211; Centrum Rozwoju Edukacji Wojew\u00f3dztwa \u0141\u00f3dzkiego w Sieradzu Bibliotek Pedagogiczna w Sieradzu Filia w Wieruszowie &nbsp;<\/span><\/p>\n\n\n\n<p class=\"has-text-align-center wp-block-paragraph\"><span style=\"font-size: 12pt;\">&nbsp;&nbsp; &nbsp;&nbsp; <\/span><span style=\"font-size: 12pt;\">&nbsp;&nbsp; <\/span><\/p>\n\n\n\nngg_shortcode_0_placeholder\n","protected":false},"excerpt":{"rendered":"<p>Ka\u017cdego roku w maju w czasie odbywaj\u0105cego si\u0119 \u015bwi\u0119ta bibliotekarzy i bibliotek obchodzonego pod nazw\u0105 TYDZIE\u0143 BIBLIOTEK jest rozstrzygany mi\u0119dzyszkolny konkurs organizowany przez Centrum Rozwoju Edukacji Wojew\u00f3dztwa \u0141\u00f3dzkiego w Sieradzu &#8230;<\/p>\n","protected":false},"author":1,"featured_media":3754,"comment_status":"closed","ping_status":"open","sticky":true,"template":"","format":"standard","meta":{"om_disable_all_campaigns":false,"ngg_post_thumbnail":0,"footnotes":""},"categories":[3],"tags":[],"class_list":["post-3759","post","type-post","status-publish","format-standard","has-post-thumbnail","hentry","category-aktualnosci"],"aioseo_notices":[],"aioseo_head":"\n\t\t<!-- All in One SEO 4.9.10 - aioseo.com -->\n\t<meta name=\"description\" content=\"Ka\u017cdego roku w maju w czasie odbywaj\u0105cego si\u0119 \u015bwi\u0119ta bibliotekarzy i bibliotek obchodzonego pod nazw\u0105 TYDZIE\u0143 BIBLIOTEK jest rozstrzygany mi\u0119dzyszkolny konkurs organizowany przez Centrum Rozwoju Edukacji Wojew\u00f3dztwa \u0141\u00f3dzkiego w Sieradzu Biblioteka Pedagogiczna w Sieradzu Filia w Wieruszowie. W tym roku konkurs pn. Zaprojektuj dedykowane zaproszenie na wydarzenie czytelnicze skierowano uczniom klas 1-3. W konkursie udzia\u0142\" \/>\n\t<meta name=\"robots\" content=\"max-image-preview:large\" \/>\n\t<meta name=\"author\" content=\"admin\"\/>\n\t<link rel=\"canonical\" href=\"https:\/\/filiawieruszow.bpsieradz.pl\/index.php\/2024\/05\/16\/rozstrzygniecie-konkursu-na-projekt-zaproszenia-na-wydarzenie-czytelnicze\/\" \/>\n\t<meta name=\"generator\" content=\"All in One SEO (AIOSEO) 4.9.10\" \/>\n\t\t<meta property=\"og:locale\" content=\"pl_PL\" \/>\n\t\t<meta property=\"og:site_name\" content=\"Biblioteka Pedagogiczna w Sieradzu Filia w Wieruszowie -\" \/>\n\t\t<meta property=\"og:type\" content=\"article\" \/>\n\t\t<meta property=\"og:title\" content=\"Rozstrzygni\u0119cie konkursu na projekt zaproszenia na wydarzenie czytelnicze\" \/>\n\t\t<meta property=\"og:description\" content=\"Ka\u017cdego roku w maju w czasie odbywaj\u0105cego si\u0119 \u015bwi\u0119ta bibliotekarzy i bibliotek obchodzonego pod nazw\u0105 TYDZIE\u0143 BIBLIOTEK jest rozstrzygany mi\u0119dzyszkolny konkurs organizowany przez Centrum Rozwoju Edukacji Wojew\u00f3dztwa \u0141\u00f3dzkiego w Sieradzu Biblioteka Pedagogiczna w Sieradzu Filia w Wieruszowie. W tym roku konkurs pn. Zaprojektuj dedykowane zaproszenie na wydarzenie czytelnicze skierowano uczniom klas 1-3. W konkursie udzia\u0142\" \/>\n\t\t<meta property=\"og:url\" content=\"https:\/\/filiawieruszow.bpsieradz.pl\/index.php\/2024\/05\/16\/rozstrzygniecie-konkursu-na-projekt-zaproszenia-na-wydarzenie-czytelnicze\/\" \/>\n\t\t<meta property=\"og:image\" content=\"https:\/\/filiawieruszow.bpsieradz.pl\/wp-content\/uploads\/2025\/02\/CRE_lodzkie.jpg\" \/>\n\t\t<meta property=\"og:image:secure_url\" content=\"https:\/\/filiawieruszow.bpsieradz.pl\/wp-content\/uploads\/2025\/02\/CRE_lodzkie.jpg\" \/>\n\t\t<meta property=\"article:published_time\" content=\"2024-05-16T07:51:19+00:00\" \/>\n\t\t<meta property=\"article:modified_time\" content=\"2025-11-14T14:26:07+00:00\" \/>\n\t\t<meta name=\"twitter:card\" content=\"summary_large_image\" \/>\n\t\t<meta name=\"twitter:title\" content=\"Rozstrzygni\u0119cie konkursu na projekt zaproszenia na wydarzenie czytelnicze\" \/>\n\t\t<meta name=\"twitter:description\" content=\"Ka\u017cdego roku w maju w czasie odbywaj\u0105cego si\u0119 \u015bwi\u0119ta bibliotekarzy i bibliotek obchodzonego pod nazw\u0105 TYDZIE\u0143 BIBLIOTEK jest rozstrzygany mi\u0119dzyszkolny konkurs organizowany przez Centrum Rozwoju Edukacji Wojew\u00f3dztwa \u0141\u00f3dzkiego w Sieradzu Biblioteka Pedagogiczna w Sieradzu Filia w Wieruszowie. W tym roku konkurs pn. Zaprojektuj dedykowane zaproszenie na wydarzenie czytelnicze skierowano uczniom klas 1-3. W konkursie udzia\u0142\" \/>\n\t\t<meta name=\"twitter:image\" content=\"https:\/\/filiawieruszow.bpsieradz.pl\/wp-content\/uploads\/2025\/02\/CRE_lodzkie.jpg\" \/>\n\t\t<script type=\"application\/ld+json\" class=\"aioseo-schema\">\n\t\t\t{\"@context\":\"https:\\\/\\\/schema.org\",\"@graph\":[{\"@type\":\"BlogPosting\",\"@id\":\"https:\\\/\\\/filiawieruszow.bpsieradz.pl\\\/index.php\\\/2024\\\/05\\\/16\\\/rozstrzygniecie-konkursu-na-projekt-zaproszenia-na-wydarzenie-czytelnicze\\\/#blogposting\",\"name\":\"Rozstrzygni\\u0119cie konkursu na projekt zaproszenia na wydarzenie czytelnicze\",\"headline\":\"Rozstrzygni\\u0119cie konkursu na projekt zaproszenia na wydarzenie czytelnicze\",\"author\":{\"@id\":\"https:\\\/\\\/filiawieruszow.bpsieradz.pl\\\/index.php\\\/author\\\/admin\\\/#author\"},\"publisher\":{\"@id\":\"https:\\\/\\\/filiawieruszow.bpsieradz.pl\\\/#organization\"},\"image\":{\"@type\":\"ImageObject\",\"url\":\"https:\\\/\\\/filiawieruszow.bpsieradz.pl\\\/wp-content\\\/uploads\\\/2024\\\/05\\\/konkurs_3.jpg\",\"width\":2040,\"height\":1530,\"caption\":\"Rozstrzygni\\u0119cie konkursu na projekt zaproszenia na wydarzenie czytelnicze\"},\"datePublished\":\"2024-05-16T07:51:19+00:00\",\"dateModified\":\"2025-11-14T14:26:07+00:00\",\"inLanguage\":\"pl-PL\",\"mainEntityOfPage\":{\"@id\":\"https:\\\/\\\/filiawieruszow.bpsieradz.pl\\\/index.php\\\/2024\\\/05\\\/16\\\/rozstrzygniecie-konkursu-na-projekt-zaproszenia-na-wydarzenie-czytelnicze\\\/#webpage\"},\"isPartOf\":{\"@id\":\"https:\\\/\\\/filiawieruszow.bpsieradz.pl\\\/index.php\\\/2024\\\/05\\\/16\\\/rozstrzygniecie-konkursu-na-projekt-zaproszenia-na-wydarzenie-czytelnicze\\\/#webpage\"},\"articleSection\":\"Aktualno\\u015bci\"},{\"@type\":\"BreadcrumbList\",\"@id\":\"https:\\\/\\\/filiawieruszow.bpsieradz.pl\\\/index.php\\\/2024\\\/05\\\/16\\\/rozstrzygniecie-konkursu-na-projekt-zaproszenia-na-wydarzenie-czytelnicze\\\/#breadcrumblist\",\"itemListElement\":[{\"@type\":\"ListItem\",\"@id\":\"https:\\\/\\\/filiawieruszow.bpsieradz.pl#listItem\",\"position\":1,\"name\":\"Home\",\"item\":\"https:\\\/\\\/filiawieruszow.bpsieradz.pl\",\"nextItem\":{\"@type\":\"ListItem\",\"@id\":\"https:\\\/\\\/filiawieruszow.bpsieradz.pl\\\/index.php\\\/category\\\/aktualnosci\\\/#listItem\",\"name\":\"Aktualno\\u015bci\"}},{\"@type\":\"ListItem\",\"@id\":\"https:\\\/\\\/filiawieruszow.bpsieradz.pl\\\/index.php\\\/category\\\/aktualnosci\\\/#listItem\",\"position\":2,\"name\":\"Aktualno\\u015bci\",\"item\":\"https:\\\/\\\/filiawieruszow.bpsieradz.pl\\\/index.php\\\/category\\\/aktualnosci\\\/\",\"nextItem\":{\"@type\":\"ListItem\",\"@id\":\"https:\\\/\\\/filiawieruszow.bpsieradz.pl\\\/index.php\\\/2024\\\/05\\\/16\\\/rozstrzygniecie-konkursu-na-projekt-zaproszenia-na-wydarzenie-czytelnicze\\\/#listItem\",\"name\":\"Rozstrzygni\\u0119cie konkursu na projekt zaproszenia na wydarzenie czytelnicze\"},\"previousItem\":{\"@type\":\"ListItem\",\"@id\":\"https:\\\/\\\/filiawieruszow.bpsieradz.pl#listItem\",\"name\":\"Home\"}},{\"@type\":\"ListItem\",\"@id\":\"https:\\\/\\\/filiawieruszow.bpsieradz.pl\\\/index.php\\\/2024\\\/05\\\/16\\\/rozstrzygniecie-konkursu-na-projekt-zaproszenia-na-wydarzenie-czytelnicze\\\/#listItem\",\"position\":3,\"name\":\"Rozstrzygni\\u0119cie konkursu na projekt zaproszenia na wydarzenie czytelnicze\",\"previousItem\":{\"@type\":\"ListItem\",\"@id\":\"https:\\\/\\\/filiawieruszow.bpsieradz.pl\\\/index.php\\\/category\\\/aktualnosci\\\/#listItem\",\"name\":\"Aktualno\\u015bci\"}}]},{\"@type\":\"Organization\",\"@id\":\"https:\\\/\\\/filiawieruszow.bpsieradz.pl\\\/#organization\",\"name\":\"Biblioteka Pedagogiczna w Sieradzu Filia w Wieruszowie\",\"url\":\"https:\\\/\\\/filiawieruszow.bpsieradz.pl\\\/\",\"logo\":{\"@type\":\"ImageObject\",\"url\":\"https:\\\/\\\/filiawieruszow.bpsieradz.pl\\\/wp-content\\\/uploads\\\/2025\\\/02\\\/CRE_lodzkie.jpg\",\"@id\":\"https:\\\/\\\/filiawieruszow.bpsieradz.pl\\\/index.php\\\/2024\\\/05\\\/16\\\/rozstrzygniecie-konkursu-na-projekt-zaproszenia-na-wydarzenie-czytelnicze\\\/#organizationLogo\",\"width\":323,\"height\":50},\"image\":{\"@id\":\"https:\\\/\\\/filiawieruszow.bpsieradz.pl\\\/index.php\\\/2024\\\/05\\\/16\\\/rozstrzygniecie-konkursu-na-projekt-zaproszenia-na-wydarzenie-czytelnicze\\\/#organizationLogo\"}},{\"@type\":\"Person\",\"@id\":\"https:\\\/\\\/filiawieruszow.bpsieradz.pl\\\/index.php\\\/author\\\/admin\\\/#author\",\"url\":\"https:\\\/\\\/filiawieruszow.bpsieradz.pl\\\/index.php\\\/author\\\/admin\\\/\",\"name\":\"admin\",\"image\":{\"@type\":\"ImageObject\",\"@id\":\"https:\\\/\\\/filiawieruszow.bpsieradz.pl\\\/index.php\\\/2024\\\/05\\\/16\\\/rozstrzygniecie-konkursu-na-projekt-zaproszenia-na-wydarzenie-czytelnicze\\\/#authorImage\",\"url\":\"https:\\\/\\\/secure.gravatar.com\\\/avatar\\\/7c9baecea61c950fa0ace417ade1d91ec20251533a476dc4eb52114bf5576b3a?s=96&d=mm&r=g\",\"width\":96,\"height\":96,\"caption\":\"admin\"}},{\"@type\":\"WebPage\",\"@id\":\"https:\\\/\\\/filiawieruszow.bpsieradz.pl\\\/index.php\\\/2024\\\/05\\\/16\\\/rozstrzygniecie-konkursu-na-projekt-zaproszenia-na-wydarzenie-czytelnicze\\\/#webpage\",\"url\":\"https:\\\/\\\/filiawieruszow.bpsieradz.pl\\\/index.php\\\/2024\\\/05\\\/16\\\/rozstrzygniecie-konkursu-na-projekt-zaproszenia-na-wydarzenie-czytelnicze\\\/\",\"name\":\"Rozstrzygni\\u0119cie konkursu na projekt zaproszenia na wydarzenie czytelnicze\",\"description\":\"Ka\\u017cdego roku w maju w czasie odbywaj\\u0105cego si\\u0119 \\u015bwi\\u0119ta bibliotekarzy i bibliotek obchodzonego pod nazw\\u0105 TYDZIE\\u0143 BIBLIOTEK jest rozstrzygany mi\\u0119dzyszkolny konkurs organizowany przez Centrum Rozwoju Edukacji Wojew\\u00f3dztwa \\u0141\\u00f3dzkiego w Sieradzu Biblioteka Pedagogiczna w Sieradzu Filia w Wieruszowie. W tym roku konkurs pn. Zaprojektuj dedykowane zaproszenie na wydarzenie czytelnicze skierowano uczniom klas 1-3. W konkursie udzia\\u0142\",\"inLanguage\":\"pl-PL\",\"isPartOf\":{\"@id\":\"https:\\\/\\\/filiawieruszow.bpsieradz.pl\\\/#website\"},\"breadcrumb\":{\"@id\":\"https:\\\/\\\/filiawieruszow.bpsieradz.pl\\\/index.php\\\/2024\\\/05\\\/16\\\/rozstrzygniecie-konkursu-na-projekt-zaproszenia-na-wydarzenie-czytelnicze\\\/#breadcrumblist\"},\"author\":{\"@id\":\"https:\\\/\\\/filiawieruszow.bpsieradz.pl\\\/index.php\\\/author\\\/admin\\\/#author\"},\"creator\":{\"@id\":\"https:\\\/\\\/filiawieruszow.bpsieradz.pl\\\/index.php\\\/author\\\/admin\\\/#author\"},\"image\":{\"@type\":\"ImageObject\",\"url\":\"https:\\\/\\\/filiawieruszow.bpsieradz.pl\\\/wp-content\\\/uploads\\\/2024\\\/05\\\/konkurs_3.jpg\",\"@id\":\"https:\\\/\\\/filiawieruszow.bpsieradz.pl\\\/index.php\\\/2024\\\/05\\\/16\\\/rozstrzygniecie-konkursu-na-projekt-zaproszenia-na-wydarzenie-czytelnicze\\\/#mainImage\",\"width\":2040,\"height\":1530,\"caption\":\"Rozstrzygni\\u0119cie konkursu na projekt zaproszenia na wydarzenie czytelnicze\"},\"primaryImageOfPage\":{\"@id\":\"https:\\\/\\\/filiawieruszow.bpsieradz.pl\\\/index.php\\\/2024\\\/05\\\/16\\\/rozstrzygniecie-konkursu-na-projekt-zaproszenia-na-wydarzenie-czytelnicze\\\/#mainImage\"},\"datePublished\":\"2024-05-16T07:51:19+00:00\",\"dateModified\":\"2025-11-14T14:26:07+00:00\"},{\"@type\":\"WebSite\",\"@id\":\"https:\\\/\\\/filiawieruszow.bpsieradz.pl\\\/#website\",\"url\":\"https:\\\/\\\/filiawieruszow.bpsieradz.pl\\\/\",\"name\":\"Biblioteka Pedagogiczna w Sieradzu Filia w Wieruszowie\",\"inLanguage\":\"pl-PL\",\"publisher\":{\"@id\":\"https:\\\/\\\/filiawieruszow.bpsieradz.pl\\\/#organization\"}}]}\n\t\t<\/script>\n\t\t<!-- All in One SEO -->\n\n","aioseo_head_json":{"title":"Rozstrzygni\u0119cie konkursu na projekt zaproszenia na wydarzenie czytelnicze","description":"Ka\u017cdego roku w maju w czasie odbywaj\u0105cego si\u0119 \u015bwi\u0119ta bibliotekarzy i bibliotek obchodzonego pod nazw\u0105 TYDZIE\u0143 BIBLIOTEK jest rozstrzygany mi\u0119dzyszkolny konkurs organizowany przez Centrum Rozwoju Edukacji Wojew\u00f3dztwa \u0141\u00f3dzkiego w Sieradzu Biblioteka Pedagogiczna w Sieradzu Filia w Wieruszowie. W tym roku konkurs pn. Zaprojektuj dedykowane zaproszenie na wydarzenie czytelnicze skierowano uczniom klas 1-3. W konkursie udzia\u0142","canonical_url":"https:\/\/filiawieruszow.bpsieradz.pl\/index.php\/2024\/05\/16\/rozstrzygniecie-konkursu-na-projekt-zaproszenia-na-wydarzenie-czytelnicze\/","robots":"max-image-preview:large","keywords":"","webmasterTools":{"miscellaneous":""},"schema":{"@context":"https:\/\/schema.org","@graph":[{"@type":"BlogPosting","@id":"https:\/\/filiawieruszow.bpsieradz.pl\/index.php\/2024\/05\/16\/rozstrzygniecie-konkursu-na-projekt-zaproszenia-na-wydarzenie-czytelnicze\/#blogposting","name":"Rozstrzygni\u0119cie konkursu na projekt zaproszenia na wydarzenie czytelnicze","headline":"Rozstrzygni\u0119cie konkursu na projekt zaproszenia na wydarzenie czytelnicze","author":{"@id":"https:\/\/filiawieruszow.bpsieradz.pl\/index.php\/author\/admin\/#author"},"publisher":{"@id":"https:\/\/filiawieruszow.bpsieradz.pl\/#organization"},"image":{"@type":"ImageObject","url":"https:\/\/filiawieruszow.bpsieradz.pl\/wp-content\/uploads\/2024\/05\/konkurs_3.jpg","width":2040,"height":1530,"caption":"Rozstrzygni\u0119cie konkursu na projekt zaproszenia na wydarzenie czytelnicze"},"datePublished":"2024-05-16T07:51:19+00:00","dateModified":"2025-11-14T14:26:07+00:00","inLanguage":"pl-PL","mainEntityOfPage":{"@id":"https:\/\/filiawieruszow.bpsieradz.pl\/index.php\/2024\/05\/16\/rozstrzygniecie-konkursu-na-projekt-zaproszenia-na-wydarzenie-czytelnicze\/#webpage"},"isPartOf":{"@id":"https:\/\/filiawieruszow.bpsieradz.pl\/index.php\/2024\/05\/16\/rozstrzygniecie-konkursu-na-projekt-zaproszenia-na-wydarzenie-czytelnicze\/#webpage"},"articleSection":"Aktualno\u015bci"},{"@type":"BreadcrumbList","@id":"https:\/\/filiawieruszow.bpsieradz.pl\/index.php\/2024\/05\/16\/rozstrzygniecie-konkursu-na-projekt-zaproszenia-na-wydarzenie-czytelnicze\/#breadcrumblist","itemListElement":[{"@type":"ListItem","@id":"https:\/\/filiawieruszow.bpsieradz.pl#listItem","position":1,"name":"Home","item":"https:\/\/filiawieruszow.bpsieradz.pl","nextItem":{"@type":"ListItem","@id":"https:\/\/filiawieruszow.bpsieradz.pl\/index.php\/category\/aktualnosci\/#listItem","name":"Aktualno\u015bci"}},{"@type":"ListItem","@id":"https:\/\/filiawieruszow.bpsieradz.pl\/index.php\/category\/aktualnosci\/#listItem","position":2,"name":"Aktualno\u015bci","item":"https:\/\/filiawieruszow.bpsieradz.pl\/index.php\/category\/aktualnosci\/","nextItem":{"@type":"ListItem","@id":"https:\/\/filiawieruszow.bpsieradz.pl\/index.php\/2024\/05\/16\/rozstrzygniecie-konkursu-na-projekt-zaproszenia-na-wydarzenie-czytelnicze\/#listItem","name":"Rozstrzygni\u0119cie konkursu na projekt zaproszenia na wydarzenie czytelnicze"},"previousItem":{"@type":"ListItem","@id":"https:\/\/filiawieruszow.bpsieradz.pl#listItem","name":"Home"}},{"@type":"ListItem","@id":"https:\/\/filiawieruszow.bpsieradz.pl\/index.php\/2024\/05\/16\/rozstrzygniecie-konkursu-na-projekt-zaproszenia-na-wydarzenie-czytelnicze\/#listItem","position":3,"name":"Rozstrzygni\u0119cie konkursu na projekt zaproszenia na wydarzenie czytelnicze","previousItem":{"@type":"ListItem","@id":"https:\/\/filiawieruszow.bpsieradz.pl\/index.php\/category\/aktualnosci\/#listItem","name":"Aktualno\u015bci"}}]},{"@type":"Organization","@id":"https:\/\/filiawieruszow.bpsieradz.pl\/#organization","name":"Biblioteka Pedagogiczna w Sieradzu Filia w Wieruszowie","url":"https:\/\/filiawieruszow.bpsieradz.pl\/","logo":{"@type":"ImageObject","url":"https:\/\/filiawieruszow.bpsieradz.pl\/wp-content\/uploads\/2025\/02\/CRE_lodzkie.jpg","@id":"https:\/\/filiawieruszow.bpsieradz.pl\/index.php\/2024\/05\/16\/rozstrzygniecie-konkursu-na-projekt-zaproszenia-na-wydarzenie-czytelnicze\/#organizationLogo","width":323,"height":50},"image":{"@id":"https:\/\/filiawieruszow.bpsieradz.pl\/index.php\/2024\/05\/16\/rozstrzygniecie-konkursu-na-projekt-zaproszenia-na-wydarzenie-czytelnicze\/#organizationLogo"}},{"@type":"Person","@id":"https:\/\/filiawieruszow.bpsieradz.pl\/index.php\/author\/admin\/#author","url":"https:\/\/filiawieruszow.bpsieradz.pl\/index.php\/author\/admin\/","name":"admin","image":{"@type":"ImageObject","@id":"https:\/\/filiawieruszow.bpsieradz.pl\/index.php\/2024\/05\/16\/rozstrzygniecie-konkursu-na-projekt-zaproszenia-na-wydarzenie-czytelnicze\/#authorImage","url":"https:\/\/secure.gravatar.com\/avatar\/7c9baecea61c950fa0ace417ade1d91ec20251533a476dc4eb52114bf5576b3a?s=96&d=mm&r=g","width":96,"height":96,"caption":"admin"}},{"@type":"WebPage","@id":"https:\/\/filiawieruszow.bpsieradz.pl\/index.php\/2024\/05\/16\/rozstrzygniecie-konkursu-na-projekt-zaproszenia-na-wydarzenie-czytelnicze\/#webpage","url":"https:\/\/filiawieruszow.bpsieradz.pl\/index.php\/2024\/05\/16\/rozstrzygniecie-konkursu-na-projekt-zaproszenia-na-wydarzenie-czytelnicze\/","name":"Rozstrzygni\u0119cie konkursu na projekt zaproszenia na wydarzenie czytelnicze","description":"Ka\u017cdego roku w maju w czasie odbywaj\u0105cego si\u0119 \u015bwi\u0119ta bibliotekarzy i bibliotek obchodzonego pod nazw\u0105 TYDZIE\u0143 BIBLIOTEK jest rozstrzygany mi\u0119dzyszkolny konkurs organizowany przez Centrum Rozwoju Edukacji Wojew\u00f3dztwa \u0141\u00f3dzkiego w Sieradzu Biblioteka Pedagogiczna w Sieradzu Filia w Wieruszowie. W tym roku konkurs pn. Zaprojektuj dedykowane zaproszenie na wydarzenie czytelnicze skierowano uczniom klas 1-3. W konkursie udzia\u0142","inLanguage":"pl-PL","isPartOf":{"@id":"https:\/\/filiawieruszow.bpsieradz.pl\/#website"},"breadcrumb":{"@id":"https:\/\/filiawieruszow.bpsieradz.pl\/index.php\/2024\/05\/16\/rozstrzygniecie-konkursu-na-projekt-zaproszenia-na-wydarzenie-czytelnicze\/#breadcrumblist"},"author":{"@id":"https:\/\/filiawieruszow.bpsieradz.pl\/index.php\/author\/admin\/#author"},"creator":{"@id":"https:\/\/filiawieruszow.bpsieradz.pl\/index.php\/author\/admin\/#author"},"image":{"@type":"ImageObject","url":"https:\/\/filiawieruszow.bpsieradz.pl\/wp-content\/uploads\/2024\/05\/konkurs_3.jpg","@id":"https:\/\/filiawieruszow.bpsieradz.pl\/index.php\/2024\/05\/16\/rozstrzygniecie-konkursu-na-projekt-zaproszenia-na-wydarzenie-czytelnicze\/#mainImage","width":2040,"height":1530,"caption":"Rozstrzygni\u0119cie konkursu na projekt zaproszenia na wydarzenie czytelnicze"},"primaryImageOfPage":{"@id":"https:\/\/filiawieruszow.bpsieradz.pl\/index.php\/2024\/05\/16\/rozstrzygniecie-konkursu-na-projekt-zaproszenia-na-wydarzenie-czytelnicze\/#mainImage"},"datePublished":"2024-05-16T07:51:19+00:00","dateModified":"2025-11-14T14:26:07+00:00"},{"@type":"WebSite","@id":"https:\/\/filiawieruszow.bpsieradz.pl\/#website","url":"https:\/\/filiawieruszow.bpsieradz.pl\/","name":"Biblioteka Pedagogiczna w Sieradzu Filia w Wieruszowie","inLanguage":"pl-PL","publisher":{"@id":"https:\/\/filiawieruszow.bpsieradz.pl\/#organization"}}]},"og:locale":"pl_PL","og:site_name":"Biblioteka Pedagogiczna w Sieradzu Filia w Wieruszowie -","og:type":"article","og:title":"Rozstrzygni\u0119cie konkursu na projekt zaproszenia na wydarzenie czytelnicze","og:description":"Ka\u017cdego roku w maju w czasie odbywaj\u0105cego si\u0119 \u015bwi\u0119ta bibliotekarzy i bibliotek obchodzonego pod nazw\u0105 TYDZIE\u0143 BIBLIOTEK jest rozstrzygany mi\u0119dzyszkolny konkurs organizowany przez Centrum Rozwoju Edukacji Wojew\u00f3dztwa \u0141\u00f3dzkiego w Sieradzu Biblioteka Pedagogiczna w Sieradzu Filia w Wieruszowie. W tym roku konkurs pn. Zaprojektuj dedykowane zaproszenie na wydarzenie czytelnicze skierowano uczniom klas 1-3. W konkursie udzia\u0142","og:url":"https:\/\/filiawieruszow.bpsieradz.pl\/index.php\/2024\/05\/16\/rozstrzygniecie-konkursu-na-projekt-zaproszenia-na-wydarzenie-czytelnicze\/","og:image":"https:\/\/filiawieruszow.bpsieradz.pl\/wp-content\/uploads\/2025\/02\/CRE_lodzkie.jpg","og:image:secure_url":"https:\/\/filiawieruszow.bpsieradz.pl\/wp-content\/uploads\/2025\/02\/CRE_lodzkie.jpg","article:published_time":"2024-05-16T07:51:19+00:00","article:modified_time":"2025-11-14T14:26:07+00:00","twitter:card":"summary_large_image","twitter:title":"Rozstrzygni\u0119cie konkursu na projekt zaproszenia na wydarzenie czytelnicze","twitter:description":"Ka\u017cdego roku w maju w czasie odbywaj\u0105cego si\u0119 \u015bwi\u0119ta bibliotekarzy i bibliotek obchodzonego pod nazw\u0105 TYDZIE\u0143 BIBLIOTEK jest rozstrzygany mi\u0119dzyszkolny konkurs organizowany przez Centrum Rozwoju Edukacji Wojew\u00f3dztwa \u0141\u00f3dzkiego w Sieradzu Biblioteka Pedagogiczna w Sieradzu Filia w Wieruszowie. W tym roku konkurs pn. Zaprojektuj dedykowane zaproszenie na wydarzenie czytelnicze skierowano uczniom klas 1-3. W konkursie udzia\u0142","twitter:image":"https:\/\/filiawieruszow.bpsieradz.pl\/wp-content\/uploads\/2025\/02\/CRE_lodzkie.jpg"},"aioseo_meta_data":{"post_id":"3759","title":"#post_title","description":null,"keywords":null,"keyphrases":{"focus":{"keyphrase":"","score":0,"analysis":{"keyphraseInTitle":{"score":0,"maxScore":9,"error":1}}},"additional":[]},"primary_term":null,"canonical_url":null,"og_title":null,"og_description":null,"og_object_type":"default","og_image_type":"default","og_image_url":null,"og_image_width":null,"og_image_height":null,"og_image_custom_url":null,"og_image_custom_fields":null,"og_video":"","og_custom_url":null,"og_article_section":null,"og_article_tags":null,"twitter_use_og":false,"twitter_card":"default","twitter_image_type":"default","twitter_image_url":null,"twitter_image_custom_url":null,"twitter_image_custom_fields":null,"twitter_title":null,"twitter_description":null,"schema":{"blockGraphs":[],"customGraphs":[],"default":{"data":{"Article":[],"Course":[],"Dataset":[],"FAQPage":[],"Movie":[],"Person":[],"Product":[],"ProductReview":[],"Car":[],"Recipe":[],"Service":[],"SoftwareApplication":[],"WebPage":[]},"graphName":"BlogPosting","isEnabled":true},"graphs":[]},"schema_type":"default","schema_type_options":null,"pillar_content":false,"robots_default":true,"robots_noindex":false,"robots_noarchive":false,"robots_nosnippet":false,"robots_nofollow":false,"robots_noimageindex":false,"robots_noodp":false,"robots_notranslate":false,"robots_max_snippet":"-1","robots_max_videopreview":"-1","robots_max_imagepreview":"large","priority":null,"frequency":"default","local_seo":null,"breadcrumb_settings":null,"limit_modified_date":false,"ai":{"faqs":[],"keyPoints":[],"titles":[],"descriptions":[],"socialPosts":{"email":[],"linkedin":[],"twitter":[],"facebook":[],"instagram":[]}},"created":"2025-11-14 10:14:00","updated":"2025-11-15 02:10:21","seo_analyzer_scan_date":null},"aioseo_breadcrumb":"<div class=\"aioseo-breadcrumbs\"><span class=\"aioseo-breadcrumb\">\n\t\t\t<a href=\"https:\/\/filiawieruszow.bpsieradz.pl\" title=\"Home\">Home<\/a>\n\t\t<\/span><span class=\"aioseo-breadcrumb-separator\">&raquo;<\/span><span class=\"aioseo-breadcrumb\">\n\t\t\t<a href=\"https:\/\/filiawieruszow.bpsieradz.pl\/index.php\/category\/aktualnosci\/\" title=\"Aktualno\u015bci\">Aktualno\u015bci<\/a>\n\t\t<\/span><span class=\"aioseo-breadcrumb-separator\">&raquo;<\/span><span class=\"aioseo-breadcrumb\">\n\t\t\tRozstrzygni\u0119cie konkursu na projekt zaproszenia na wydarzenie czytelnicze\n\t\t<\/span><\/div>","aioseo_breadcrumb_json":[{"label":"Home","link":"https:\/\/filiawieruszow.bpsieradz.pl"},{"label":"Aktualno\u015bci","link":"https:\/\/filiawieruszow.bpsieradz.pl\/index.php\/category\/aktualnosci\/"},{"label":"Rozstrzygni\u0119cie konkursu na projekt zaproszenia na wydarzenie czytelnicze","link":"https:\/\/filiawieruszow.bpsieradz.pl\/index.php\/2024\/05\/16\/rozstrzygniecie-konkursu-na-projekt-zaproszenia-na-wydarzenie-czytelnicze\/"}],"rttpg_featured_image_url":{"full":["https:\/\/filiawieruszow.bpsieradz.pl\/wp-content\/uploads\/2024\/05\/konkurs_3.jpg",2040,1530,false],"landscape":["https:\/\/filiawieruszow.bpsieradz.pl\/wp-content\/uploads\/2024\/05\/konkurs_3.jpg",2040,1530,false],"portraits":["https:\/\/filiawieruszow.bpsieradz.pl\/wp-content\/uploads\/2024\/05\/konkurs_3.jpg",2040,1530,false],"thumbnail":["https:\/\/filiawieruszow.bpsieradz.pl\/wp-content\/uploads\/2024\/05\/konkurs_3-150x150.jpg",150,150,true],"medium":["https:\/\/filiawieruszow.bpsieradz.pl\/wp-content\/uploads\/2024\/05\/konkurs_3-300x225.jpg",300,225,true],"large":["https:\/\/filiawieruszow.bpsieradz.pl\/wp-content\/uploads\/2024\/05\/konkurs_3-1024x768.jpg",800,600,true],"1536x1536":["https:\/\/filiawieruszow.bpsieradz.pl\/wp-content\/uploads\/2024\/05\/konkurs_3-1536x1152.jpg",1536,1152,true],"2048x2048":["https:\/\/filiawieruszow.bpsieradz.pl\/wp-content\/uploads\/2024\/05\/konkurs_3.jpg",2040,1530,false],"onepress-blog-small":["https:\/\/filiawieruszow.bpsieradz.pl\/wp-content\/uploads\/2024\/05\/konkurs_3-300x150.jpg",300,150,true],"onepress-small":["https:\/\/filiawieruszow.bpsieradz.pl\/wp-content\/uploads\/2024\/05\/konkurs_3-480x300.jpg",480,300,true],"onepress-medium":["https:\/\/filiawieruszow.bpsieradz.pl\/wp-content\/uploads\/2024\/05\/konkurs_3-640x400.jpg",640,400,true]},"rttpg_author":{"display_name":"admin","author_link":"https:\/\/filiawieruszow.bpsieradz.pl\/index.php\/author\/admin\/"},"rttpg_comment":0,"rttpg_category":"<a href=\"https:\/\/filiawieruszow.bpsieradz.pl\/index.php\/category\/aktualnosci\/\" rel=\"category tag\">Aktualno\u015bci<\/a>","rttpg_excerpt":"Ka\u017cdego roku w maju w czasie odbywaj\u0105cego si\u0119 \u015bwi\u0119ta bibliotekarzy i bibliotek obchodzonego pod nazw\u0105 TYDZIE\u0143 BIBLIOTEK jest rozstrzygany mi\u0119dzyszkolny konkurs organizowany przez Centrum Rozwoju Edukacji Wojew\u00f3dztwa \u0141\u00f3dzkiego w Sieradzu ...","_links":{"self":[{"href":"https:\/\/filiawieruszow.bpsieradz.pl\/index.php\/wp-json\/wp\/v2\/posts\/3759","targetHints":{"allow":["GET"]}}],"collection":[{"href":"https:\/\/filiawieruszow.bpsieradz.pl\/index.php\/wp-json\/wp\/v2\/posts"}],"about":[{"href":"https:\/\/filiawieruszow.bpsieradz.pl\/index.php\/wp-json\/wp\/v2\/types\/post"}],"author":[{"embeddable":true,"href":"https:\/\/filiawieruszow.bpsieradz.pl\/index.php\/wp-json\/wp\/v2\/users\/1"}],"replies":[{"embeddable":true,"href":"https:\/\/filiawieruszow.bpsieradz.pl\/index.php\/wp-json\/wp\/v2\/comments?post=3759"}],"version-history":[{"count":1,"href":"https:\/\/filiawieruszow.bpsieradz.pl\/index.php\/wp-json\/wp\/v2\/posts\/3759\/revisions"}],"predecessor-version":[{"id":3881,"href":"https:\/\/filiawieruszow.bpsieradz.pl\/index.php\/wp-json\/wp\/v2\/posts\/3759\/revisions\/3881"}],"wp:featuredmedia":[{"embeddable":true,"href":"https:\/\/filiawieruszow.bpsieradz.pl\/index.php\/wp-json\/wp\/v2\/media\/3754"}],"wp:attachment":[{"href":"https:\/\/filiawieruszow.bpsieradz.pl\/index.php\/wp-json\/wp\/v2\/media?parent=3759"}],"wp:term":[{"taxonomy":"category","embeddable":true,"href":"https:\/\/filiawieruszow.bpsieradz.pl\/index.php\/wp-json\/wp\/v2\/categories?post=3759"},{"taxonomy":"post_tag","embeddable":true,"href":"https:\/\/filiawieruszow.bpsieradz.pl\/index.php\/wp-json\/wp\/v2\/tags?post=3759"}],"curies":[{"name":"wp","href":"https:\/\/api.w.org\/{rel}","templated":true}]}}