{"id":3741,"date":"2023-10-26T09:42:02","date_gmt":"2023-10-26T09:42:02","guid":{"rendered":"http:\/\/wieruszowfilia.bpsieradz.pl\/index.php\/2023\/10\/26\/noc-bibliotek-2023\/"},"modified":"2025-11-14T14:32:28","modified_gmt":"2025-11-14T14:32:28","slug":"noc-bibliotek-2023","status":"publish","type":"post","link":"https:\/\/filiawieruszow.bpsieradz.pl\/index.php\/2023\/10\/26\/noc-bibliotek-2023\/","title":{"rendered":"Noc Bibliotek 2023 &#8211; \u201eAbsurd nie czyta\u0107\u201d"},"content":{"rendered":"\n<p class=\"has-text-align-left wp-block-paragraph\"><span style=\"font-size: 12pt;\">Noc Bibliotek kolejny raz sta\u0142a si\u0119 faktem, w tym roku pod has\u0142em \u201eAbsurd nie czyta\u0107\u201d. Tym razem jako pierwsze odwiedzi\u0142y nas dzieci z przedszkola, kt\u00f3re bardzo si\u0119 zdziwi\u0142y zamkni\u0119tymi drzwiami czytelni i brakiem pani Eli, kt\u00f3ra zawsze ich wita\u0142a. Kartka na drzwiach sugerowa\u0142a, \u017ce kto\u015b \u015bpi w \u015brodku, dzieci z paniami po cichutku wesz\u0142y i wtedy zaskoczenie by\u0142o najwi\u0119ksze. Ot\u00f3\u017c na pod\u0142odze pod kocykiem \u201espa\u0142a\u201d pani Ela, a przed ni\u0105 le\u017ca\u0142a otwarta ksi\u0105\u017cka. Pobudka by\u0142a szybka i g\u0142o\u015bna, dzieci z weso\u0142ymi humorami usiad\u0142y na dywanie i aktywnie w\u0142\u0105czy\u0142y si\u0119 w opowie\u015b\u0107 \u201eDiabe\u0142 i jego trzy z\u0142ote w\u0142osy\u201d, kt\u00f3ra pop\u0142yn\u0119\u0142a z pomoc\u0105 teatrzyku Kamishibai. <\/span><\/p>\n\n\n\n<p class=\"wp-block-paragraph\"><span style=\"font-size: 12pt;\"><br>Kolejne dwie grupy to uczniowie szk\u00f3\u0142 , kt\u00f3rzy przyszli obejrze\u0107 pokaz iluzji klasycznej w wykonaniu Magic Jokera. Czeg\u00f3\u017c tu nie by\u0142o, chustki znikaj\u0105ce w uszach, sznurki rozdzielaj\u0105ce si\u0119 i \u0142\u0105cz\u0105ce si\u0119 w jeden, puste talie kart z pojawiaj\u0105cymi si\u0119 symbolami, a jako wisienka na torcie \u017cywy kr\u00f3lik, kt\u00f3ry pojawi\u0142 si\u0119 z magicznej skrzyni.<\/span><\/p>\n\n\n\nngg_shortcode_0_placeholder\n","protected":false},"excerpt":{"rendered":"<p>Noc Bibliotek kolejny raz sta\u0142a si\u0119 faktem, w tym roku pod has\u0142em \u201eAbsurd nie czyta\u0107\u201d. Tym razem jako pierwsze odwiedzi\u0142y nas dzieci z przedszkola, kt\u00f3re bardzo si\u0119 zdziwi\u0142y zamkni\u0119tymi drzwiami &#8230;<\/p>\n","protected":false},"author":1,"featured_media":3740,"comment_status":"closed","ping_status":"open","sticky":true,"template":"","format":"standard","meta":{"om_disable_all_campaigns":false,"ngg_post_thumbnail":0,"footnotes":""},"categories":[3],"tags":[],"class_list":["post-3741","post","type-post","status-publish","format-standard","has-post-thumbnail","hentry","category-aktualnosci"],"aioseo_notices":[],"aioseo_head":"\n\t\t<!-- All in One SEO 4.9.10 - aioseo.com -->\n\t<meta name=\"description\" content=\"Noc Bibliotek kolejny raz sta\u0142a si\u0119 faktem, w tym roku pod has\u0142em \u201eAbsurd nie czyta\u0107\u201d. Tym razem jako pierwsze odwiedzi\u0142y nas dzieci z przedszkola, kt\u00f3re bardzo si\u0119 zdziwi\u0142y zamkni\u0119tymi drzwiami czytelni i brakiem pani Eli, kt\u00f3ra zawsze ich wita\u0142a. Kartka na drzwiach sugerowa\u0142a, \u017ce kto\u015b \u015bpi w \u015brodku, dzieci z paniami po cichutku wesz\u0142y i\" \/>\n\t<meta name=\"robots\" content=\"max-image-preview:large\" \/>\n\t<meta name=\"author\" content=\"admin\"\/>\n\t<link rel=\"canonical\" href=\"https:\/\/filiawieruszow.bpsieradz.pl\/index.php\/2023\/10\/26\/noc-bibliotek-2023\/\" \/>\n\t<meta name=\"generator\" content=\"All in One SEO (AIOSEO) 4.9.10\" \/>\n\t\t<meta property=\"og:locale\" content=\"pl_PL\" \/>\n\t\t<meta property=\"og:site_name\" content=\"Biblioteka Pedagogiczna w Sieradzu Filia w Wieruszowie -\" \/>\n\t\t<meta property=\"og:type\" content=\"article\" \/>\n\t\t<meta property=\"og:title\" content=\"Noc Bibliotek 2023 \u2013 \u201eAbsurd nie czyta\u0107\u201d\" \/>\n\t\t<meta property=\"og:description\" content=\"Noc Bibliotek kolejny raz sta\u0142a si\u0119 faktem, w tym roku pod has\u0142em \u201eAbsurd nie czyta\u0107\u201d. Tym razem jako pierwsze odwiedzi\u0142y nas dzieci z przedszkola, kt\u00f3re bardzo si\u0119 zdziwi\u0142y zamkni\u0119tymi drzwiami czytelni i brakiem pani Eli, kt\u00f3ra zawsze ich wita\u0142a. Kartka na drzwiach sugerowa\u0142a, \u017ce kto\u015b \u015bpi w \u015brodku, dzieci z paniami po cichutku wesz\u0142y i\" \/>\n\t\t<meta property=\"og:url\" content=\"https:\/\/filiawieruszow.bpsieradz.pl\/index.php\/2023\/10\/26\/noc-bibliotek-2023\/\" \/>\n\t\t<meta property=\"og:image\" content=\"https:\/\/filiawieruszow.bpsieradz.pl\/wp-content\/uploads\/2025\/02\/CRE_lodzkie.jpg\" \/>\n\t\t<meta property=\"og:image:secure_url\" content=\"https:\/\/filiawieruszow.bpsieradz.pl\/wp-content\/uploads\/2025\/02\/CRE_lodzkie.jpg\" \/>\n\t\t<meta property=\"article:published_time\" content=\"2023-10-26T09:42:02+00:00\" \/>\n\t\t<meta property=\"article:modified_time\" content=\"2025-11-14T14:32:28+00:00\" \/>\n\t\t<meta name=\"twitter:card\" content=\"summary_large_image\" \/>\n\t\t<meta name=\"twitter:title\" content=\"Noc Bibliotek 2023 \u2013 \u201eAbsurd nie czyta\u0107\u201d\" \/>\n\t\t<meta name=\"twitter:description\" content=\"Noc Bibliotek kolejny raz sta\u0142a si\u0119 faktem, w tym roku pod has\u0142em \u201eAbsurd nie czyta\u0107\u201d. Tym razem jako pierwsze odwiedzi\u0142y nas dzieci z przedszkola, kt\u00f3re bardzo si\u0119 zdziwi\u0142y zamkni\u0119tymi drzwiami czytelni i brakiem pani Eli, kt\u00f3ra zawsze ich wita\u0142a. Kartka na drzwiach sugerowa\u0142a, \u017ce kto\u015b \u015bpi w \u015brodku, dzieci z paniami po cichutku wesz\u0142y i\" \/>\n\t\t<meta name=\"twitter:image\" content=\"https:\/\/filiawieruszow.bpsieradz.pl\/wp-content\/uploads\/2025\/02\/CRE_lodzkie.jpg\" \/>\n\t\t<script type=\"application\/ld+json\" class=\"aioseo-schema\">\n\t\t\t{\"@context\":\"https:\\\/\\\/schema.org\",\"@graph\":[{\"@type\":\"BlogPosting\",\"@id\":\"https:\\\/\\\/filiawieruszow.bpsieradz.pl\\\/index.php\\\/2023\\\/10\\\/26\\\/noc-bibliotek-2023\\\/#blogposting\",\"name\":\"Noc Bibliotek 2023 \\u2013 \\u201eAbsurd nie czyta\\u0107\\u201d\",\"headline\":\"Noc Bibliotek 2023 &#8211; \\u201eAbsurd nie czyta\\u0107\\u201d\",\"author\":{\"@id\":\"https:\\\/\\\/filiawieruszow.bpsieradz.pl\\\/index.php\\\/author\\\/admin\\\/#author\"},\"publisher\":{\"@id\":\"https:\\\/\\\/filiawieruszow.bpsieradz.pl\\\/#organization\"},\"image\":{\"@type\":\"ImageObject\",\"url\":\"https:\\\/\\\/filiawieruszow.bpsieradz.pl\\\/wp-content\\\/uploads\\\/2023\\\/10\\\/S_3.jpg\",\"width\":2000,\"height\":1500,\"caption\":\"Noc Bibliotek 2023\"},\"datePublished\":\"2023-10-26T09:42:02+00:00\",\"dateModified\":\"2025-11-14T14:32:28+00:00\",\"inLanguage\":\"pl-PL\",\"mainEntityOfPage\":{\"@id\":\"https:\\\/\\\/filiawieruszow.bpsieradz.pl\\\/index.php\\\/2023\\\/10\\\/26\\\/noc-bibliotek-2023\\\/#webpage\"},\"isPartOf\":{\"@id\":\"https:\\\/\\\/filiawieruszow.bpsieradz.pl\\\/index.php\\\/2023\\\/10\\\/26\\\/noc-bibliotek-2023\\\/#webpage\"},\"articleSection\":\"Aktualno\\u015bci\"},{\"@type\":\"BreadcrumbList\",\"@id\":\"https:\\\/\\\/filiawieruszow.bpsieradz.pl\\\/index.php\\\/2023\\\/10\\\/26\\\/noc-bibliotek-2023\\\/#breadcrumblist\",\"itemListElement\":[{\"@type\":\"ListItem\",\"@id\":\"https:\\\/\\\/filiawieruszow.bpsieradz.pl#listItem\",\"position\":1,\"name\":\"Home\",\"item\":\"https:\\\/\\\/filiawieruszow.bpsieradz.pl\",\"nextItem\":{\"@type\":\"ListItem\",\"@id\":\"https:\\\/\\\/filiawieruszow.bpsieradz.pl\\\/index.php\\\/category\\\/aktualnosci\\\/#listItem\",\"name\":\"Aktualno\\u015bci\"}},{\"@type\":\"ListItem\",\"@id\":\"https:\\\/\\\/filiawieruszow.bpsieradz.pl\\\/index.php\\\/category\\\/aktualnosci\\\/#listItem\",\"position\":2,\"name\":\"Aktualno\\u015bci\",\"item\":\"https:\\\/\\\/filiawieruszow.bpsieradz.pl\\\/index.php\\\/category\\\/aktualnosci\\\/\",\"nextItem\":{\"@type\":\"ListItem\",\"@id\":\"https:\\\/\\\/filiawieruszow.bpsieradz.pl\\\/index.php\\\/2023\\\/10\\\/26\\\/noc-bibliotek-2023\\\/#listItem\",\"name\":\"Noc Bibliotek 2023 &#8211; \\u201eAbsurd nie czyta\\u0107\\u201d\"},\"previousItem\":{\"@type\":\"ListItem\",\"@id\":\"https:\\\/\\\/filiawieruszow.bpsieradz.pl#listItem\",\"name\":\"Home\"}},{\"@type\":\"ListItem\",\"@id\":\"https:\\\/\\\/filiawieruszow.bpsieradz.pl\\\/index.php\\\/2023\\\/10\\\/26\\\/noc-bibliotek-2023\\\/#listItem\",\"position\":3,\"name\":\"Noc Bibliotek 2023 &#8211; \\u201eAbsurd nie czyta\\u0107\\u201d\",\"previousItem\":{\"@type\":\"ListItem\",\"@id\":\"https:\\\/\\\/filiawieruszow.bpsieradz.pl\\\/index.php\\\/category\\\/aktualnosci\\\/#listItem\",\"name\":\"Aktualno\\u015bci\"}}]},{\"@type\":\"Organization\",\"@id\":\"https:\\\/\\\/filiawieruszow.bpsieradz.pl\\\/#organization\",\"name\":\"Biblioteka Pedagogiczna w Sieradzu Filia w Wieruszowie\",\"url\":\"https:\\\/\\\/filiawieruszow.bpsieradz.pl\\\/\",\"logo\":{\"@type\":\"ImageObject\",\"url\":\"https:\\\/\\\/filiawieruszow.bpsieradz.pl\\\/wp-content\\\/uploads\\\/2025\\\/02\\\/CRE_lodzkie.jpg\",\"@id\":\"https:\\\/\\\/filiawieruszow.bpsieradz.pl\\\/index.php\\\/2023\\\/10\\\/26\\\/noc-bibliotek-2023\\\/#organizationLogo\",\"width\":323,\"height\":50},\"image\":{\"@id\":\"https:\\\/\\\/filiawieruszow.bpsieradz.pl\\\/index.php\\\/2023\\\/10\\\/26\\\/noc-bibliotek-2023\\\/#organizationLogo\"}},{\"@type\":\"Person\",\"@id\":\"https:\\\/\\\/filiawieruszow.bpsieradz.pl\\\/index.php\\\/author\\\/admin\\\/#author\",\"url\":\"https:\\\/\\\/filiawieruszow.bpsieradz.pl\\\/index.php\\\/author\\\/admin\\\/\",\"name\":\"admin\",\"image\":{\"@type\":\"ImageObject\",\"@id\":\"https:\\\/\\\/filiawieruszow.bpsieradz.pl\\\/index.php\\\/2023\\\/10\\\/26\\\/noc-bibliotek-2023\\\/#authorImage\",\"url\":\"https:\\\/\\\/secure.gravatar.com\\\/avatar\\\/7c9baecea61c950fa0ace417ade1d91ec20251533a476dc4eb52114bf5576b3a?s=96&d=mm&r=g\",\"width\":96,\"height\":96,\"caption\":\"admin\"}},{\"@type\":\"WebPage\",\"@id\":\"https:\\\/\\\/filiawieruszow.bpsieradz.pl\\\/index.php\\\/2023\\\/10\\\/26\\\/noc-bibliotek-2023\\\/#webpage\",\"url\":\"https:\\\/\\\/filiawieruszow.bpsieradz.pl\\\/index.php\\\/2023\\\/10\\\/26\\\/noc-bibliotek-2023\\\/\",\"name\":\"Noc Bibliotek 2023 \\u2013 \\u201eAbsurd nie czyta\\u0107\\u201d\",\"description\":\"Noc Bibliotek kolejny raz sta\\u0142a si\\u0119 faktem, w tym roku pod has\\u0142em \\u201eAbsurd nie czyta\\u0107\\u201d. Tym razem jako pierwsze odwiedzi\\u0142y nas dzieci z przedszkola, kt\\u00f3re bardzo si\\u0119 zdziwi\\u0142y zamkni\\u0119tymi drzwiami czytelni i brakiem pani Eli, kt\\u00f3ra zawsze ich wita\\u0142a. Kartka na drzwiach sugerowa\\u0142a, \\u017ce kto\\u015b \\u015bpi w \\u015brodku, dzieci z paniami po cichutku wesz\\u0142y i\",\"inLanguage\":\"pl-PL\",\"isPartOf\":{\"@id\":\"https:\\\/\\\/filiawieruszow.bpsieradz.pl\\\/#website\"},\"breadcrumb\":{\"@id\":\"https:\\\/\\\/filiawieruszow.bpsieradz.pl\\\/index.php\\\/2023\\\/10\\\/26\\\/noc-bibliotek-2023\\\/#breadcrumblist\"},\"author\":{\"@id\":\"https:\\\/\\\/filiawieruszow.bpsieradz.pl\\\/index.php\\\/author\\\/admin\\\/#author\"},\"creator\":{\"@id\":\"https:\\\/\\\/filiawieruszow.bpsieradz.pl\\\/index.php\\\/author\\\/admin\\\/#author\"},\"image\":{\"@type\":\"ImageObject\",\"url\":\"https:\\\/\\\/filiawieruszow.bpsieradz.pl\\\/wp-content\\\/uploads\\\/2023\\\/10\\\/S_3.jpg\",\"@id\":\"https:\\\/\\\/filiawieruszow.bpsieradz.pl\\\/index.php\\\/2023\\\/10\\\/26\\\/noc-bibliotek-2023\\\/#mainImage\",\"width\":2000,\"height\":1500,\"caption\":\"Noc Bibliotek 2023\"},\"primaryImageOfPage\":{\"@id\":\"https:\\\/\\\/filiawieruszow.bpsieradz.pl\\\/index.php\\\/2023\\\/10\\\/26\\\/noc-bibliotek-2023\\\/#mainImage\"},\"datePublished\":\"2023-10-26T09:42:02+00:00\",\"dateModified\":\"2025-11-14T14:32:28+00:00\"},{\"@type\":\"WebSite\",\"@id\":\"https:\\\/\\\/filiawieruszow.bpsieradz.pl\\\/#website\",\"url\":\"https:\\\/\\\/filiawieruszow.bpsieradz.pl\\\/\",\"name\":\"Biblioteka Pedagogiczna w Sieradzu Filia w Wieruszowie\",\"inLanguage\":\"pl-PL\",\"publisher\":{\"@id\":\"https:\\\/\\\/filiawieruszow.bpsieradz.pl\\\/#organization\"}}]}\n\t\t<\/script>\n\t\t<!-- All in One SEO -->\n\n","aioseo_head_json":{"title":"Noc Bibliotek 2023 \u2013 \u201eAbsurd nie czyta\u0107\u201d","description":"Noc Bibliotek kolejny raz sta\u0142a si\u0119 faktem, w tym roku pod has\u0142em \u201eAbsurd nie czyta\u0107\u201d. Tym razem jako pierwsze odwiedzi\u0142y nas dzieci z przedszkola, kt\u00f3re bardzo si\u0119 zdziwi\u0142y zamkni\u0119tymi drzwiami czytelni i brakiem pani Eli, kt\u00f3ra zawsze ich wita\u0142a. Kartka na drzwiach sugerowa\u0142a, \u017ce kto\u015b \u015bpi w \u015brodku, dzieci z paniami po cichutku wesz\u0142y i","canonical_url":"https:\/\/filiawieruszow.bpsieradz.pl\/index.php\/2023\/10\/26\/noc-bibliotek-2023\/","robots":"max-image-preview:large","keywords":"","webmasterTools":{"miscellaneous":""},"schema":{"@context":"https:\/\/schema.org","@graph":[{"@type":"BlogPosting","@id":"https:\/\/filiawieruszow.bpsieradz.pl\/index.php\/2023\/10\/26\/noc-bibliotek-2023\/#blogposting","name":"Noc Bibliotek 2023 \u2013 \u201eAbsurd nie czyta\u0107\u201d","headline":"Noc Bibliotek 2023 &#8211; \u201eAbsurd nie czyta\u0107\u201d","author":{"@id":"https:\/\/filiawieruszow.bpsieradz.pl\/index.php\/author\/admin\/#author"},"publisher":{"@id":"https:\/\/filiawieruszow.bpsieradz.pl\/#organization"},"image":{"@type":"ImageObject","url":"https:\/\/filiawieruszow.bpsieradz.pl\/wp-content\/uploads\/2023\/10\/S_3.jpg","width":2000,"height":1500,"caption":"Noc Bibliotek 2023"},"datePublished":"2023-10-26T09:42:02+00:00","dateModified":"2025-11-14T14:32:28+00:00","inLanguage":"pl-PL","mainEntityOfPage":{"@id":"https:\/\/filiawieruszow.bpsieradz.pl\/index.php\/2023\/10\/26\/noc-bibliotek-2023\/#webpage"},"isPartOf":{"@id":"https:\/\/filiawieruszow.bpsieradz.pl\/index.php\/2023\/10\/26\/noc-bibliotek-2023\/#webpage"},"articleSection":"Aktualno\u015bci"},{"@type":"BreadcrumbList","@id":"https:\/\/filiawieruszow.bpsieradz.pl\/index.php\/2023\/10\/26\/noc-bibliotek-2023\/#breadcrumblist","itemListElement":[{"@type":"ListItem","@id":"https:\/\/filiawieruszow.bpsieradz.pl#listItem","position":1,"name":"Home","item":"https:\/\/filiawieruszow.bpsieradz.pl","nextItem":{"@type":"ListItem","@id":"https:\/\/filiawieruszow.bpsieradz.pl\/index.php\/category\/aktualnosci\/#listItem","name":"Aktualno\u015bci"}},{"@type":"ListItem","@id":"https:\/\/filiawieruszow.bpsieradz.pl\/index.php\/category\/aktualnosci\/#listItem","position":2,"name":"Aktualno\u015bci","item":"https:\/\/filiawieruszow.bpsieradz.pl\/index.php\/category\/aktualnosci\/","nextItem":{"@type":"ListItem","@id":"https:\/\/filiawieruszow.bpsieradz.pl\/index.php\/2023\/10\/26\/noc-bibliotek-2023\/#listItem","name":"Noc Bibliotek 2023 &#8211; \u201eAbsurd nie czyta\u0107\u201d"},"previousItem":{"@type":"ListItem","@id":"https:\/\/filiawieruszow.bpsieradz.pl#listItem","name":"Home"}},{"@type":"ListItem","@id":"https:\/\/filiawieruszow.bpsieradz.pl\/index.php\/2023\/10\/26\/noc-bibliotek-2023\/#listItem","position":3,"name":"Noc Bibliotek 2023 &#8211; \u201eAbsurd nie czyta\u0107\u201d","previousItem":{"@type":"ListItem","@id":"https:\/\/filiawieruszow.bpsieradz.pl\/index.php\/category\/aktualnosci\/#listItem","name":"Aktualno\u015bci"}}]},{"@type":"Organization","@id":"https:\/\/filiawieruszow.bpsieradz.pl\/#organization","name":"Biblioteka Pedagogiczna w Sieradzu Filia w Wieruszowie","url":"https:\/\/filiawieruszow.bpsieradz.pl\/","logo":{"@type":"ImageObject","url":"https:\/\/filiawieruszow.bpsieradz.pl\/wp-content\/uploads\/2025\/02\/CRE_lodzkie.jpg","@id":"https:\/\/filiawieruszow.bpsieradz.pl\/index.php\/2023\/10\/26\/noc-bibliotek-2023\/#organizationLogo","width":323,"height":50},"image":{"@id":"https:\/\/filiawieruszow.bpsieradz.pl\/index.php\/2023\/10\/26\/noc-bibliotek-2023\/#organizationLogo"}},{"@type":"Person","@id":"https:\/\/filiawieruszow.bpsieradz.pl\/index.php\/author\/admin\/#author","url":"https:\/\/filiawieruszow.bpsieradz.pl\/index.php\/author\/admin\/","name":"admin","image":{"@type":"ImageObject","@id":"https:\/\/filiawieruszow.bpsieradz.pl\/index.php\/2023\/10\/26\/noc-bibliotek-2023\/#authorImage","url":"https:\/\/secure.gravatar.com\/avatar\/7c9baecea61c950fa0ace417ade1d91ec20251533a476dc4eb52114bf5576b3a?s=96&d=mm&r=g","width":96,"height":96,"caption":"admin"}},{"@type":"WebPage","@id":"https:\/\/filiawieruszow.bpsieradz.pl\/index.php\/2023\/10\/26\/noc-bibliotek-2023\/#webpage","url":"https:\/\/filiawieruszow.bpsieradz.pl\/index.php\/2023\/10\/26\/noc-bibliotek-2023\/","name":"Noc Bibliotek 2023 \u2013 \u201eAbsurd nie czyta\u0107\u201d","description":"Noc Bibliotek kolejny raz sta\u0142a si\u0119 faktem, w tym roku pod has\u0142em \u201eAbsurd nie czyta\u0107\u201d. Tym razem jako pierwsze odwiedzi\u0142y nas dzieci z przedszkola, kt\u00f3re bardzo si\u0119 zdziwi\u0142y zamkni\u0119tymi drzwiami czytelni i brakiem pani Eli, kt\u00f3ra zawsze ich wita\u0142a. Kartka na drzwiach sugerowa\u0142a, \u017ce kto\u015b \u015bpi w \u015brodku, dzieci z paniami po cichutku wesz\u0142y i","inLanguage":"pl-PL","isPartOf":{"@id":"https:\/\/filiawieruszow.bpsieradz.pl\/#website"},"breadcrumb":{"@id":"https:\/\/filiawieruszow.bpsieradz.pl\/index.php\/2023\/10\/26\/noc-bibliotek-2023\/#breadcrumblist"},"author":{"@id":"https:\/\/filiawieruszow.bpsieradz.pl\/index.php\/author\/admin\/#author"},"creator":{"@id":"https:\/\/filiawieruszow.bpsieradz.pl\/index.php\/author\/admin\/#author"},"image":{"@type":"ImageObject","url":"https:\/\/filiawieruszow.bpsieradz.pl\/wp-content\/uploads\/2023\/10\/S_3.jpg","@id":"https:\/\/filiawieruszow.bpsieradz.pl\/index.php\/2023\/10\/26\/noc-bibliotek-2023\/#mainImage","width":2000,"height":1500,"caption":"Noc Bibliotek 2023"},"primaryImageOfPage":{"@id":"https:\/\/filiawieruszow.bpsieradz.pl\/index.php\/2023\/10\/26\/noc-bibliotek-2023\/#mainImage"},"datePublished":"2023-10-26T09:42:02+00:00","dateModified":"2025-11-14T14:32:28+00:00"},{"@type":"WebSite","@id":"https:\/\/filiawieruszow.bpsieradz.pl\/#website","url":"https:\/\/filiawieruszow.bpsieradz.pl\/","name":"Biblioteka Pedagogiczna w Sieradzu Filia w Wieruszowie","inLanguage":"pl-PL","publisher":{"@id":"https:\/\/filiawieruszow.bpsieradz.pl\/#organization"}}]},"og:locale":"pl_PL","og:site_name":"Biblioteka Pedagogiczna w Sieradzu Filia w Wieruszowie -","og:type":"article","og:title":"Noc Bibliotek 2023 \u2013 \u201eAbsurd nie czyta\u0107\u201d","og:description":"Noc Bibliotek kolejny raz sta\u0142a si\u0119 faktem, w tym roku pod has\u0142em \u201eAbsurd nie czyta\u0107\u201d. Tym razem jako pierwsze odwiedzi\u0142y nas dzieci z przedszkola, kt\u00f3re bardzo si\u0119 zdziwi\u0142y zamkni\u0119tymi drzwiami czytelni i brakiem pani Eli, kt\u00f3ra zawsze ich wita\u0142a. Kartka na drzwiach sugerowa\u0142a, \u017ce kto\u015b \u015bpi w \u015brodku, dzieci z paniami po cichutku wesz\u0142y i","og:url":"https:\/\/filiawieruszow.bpsieradz.pl\/index.php\/2023\/10\/26\/noc-bibliotek-2023\/","og:image":"https:\/\/filiawieruszow.bpsieradz.pl\/wp-content\/uploads\/2025\/02\/CRE_lodzkie.jpg","og:image:secure_url":"https:\/\/filiawieruszow.bpsieradz.pl\/wp-content\/uploads\/2025\/02\/CRE_lodzkie.jpg","article:published_time":"2023-10-26T09:42:02+00:00","article:modified_time":"2025-11-14T14:32:28+00:00","twitter:card":"summary_large_image","twitter:title":"Noc Bibliotek 2023 \u2013 \u201eAbsurd nie czyta\u0107\u201d","twitter:description":"Noc Bibliotek kolejny raz sta\u0142a si\u0119 faktem, w tym roku pod has\u0142em \u201eAbsurd nie czyta\u0107\u201d. Tym razem jako pierwsze odwiedzi\u0142y nas dzieci z przedszkola, kt\u00f3re bardzo si\u0119 zdziwi\u0142y zamkni\u0119tymi drzwiami czytelni i brakiem pani Eli, kt\u00f3ra zawsze ich wita\u0142a. Kartka na drzwiach sugerowa\u0142a, \u017ce kto\u015b \u015bpi w \u015brodku, dzieci z paniami po cichutku wesz\u0142y i","twitter:image":"https:\/\/filiawieruszow.bpsieradz.pl\/wp-content\/uploads\/2025\/02\/CRE_lodzkie.jpg"},"aioseo_meta_data":{"post_id":"3741","title":"#post_title","description":null,"keywords":null,"keyphrases":{"focus":{"keyphrase":"","score":0,"analysis":{"keyphraseInTitle":{"score":0,"maxScore":9,"error":1}}},"additional":[]},"primary_term":null,"canonical_url":null,"og_title":null,"og_description":null,"og_object_type":"default","og_image_type":"default","og_image_url":null,"og_image_width":null,"og_image_height":null,"og_image_custom_url":null,"og_image_custom_fields":null,"og_video":"","og_custom_url":null,"og_article_section":null,"og_article_tags":null,"twitter_use_og":false,"twitter_card":"default","twitter_image_type":"default","twitter_image_url":null,"twitter_image_custom_url":null,"twitter_image_custom_fields":null,"twitter_title":null,"twitter_description":null,"schema":{"blockGraphs":[],"customGraphs":[],"default":{"data":{"Article":[],"Course":[],"Dataset":[],"FAQPage":[],"Movie":[],"Person":[],"Product":[],"ProductReview":[],"Car":[],"Recipe":[],"Service":[],"SoftwareApplication":[],"WebPage":[]},"graphName":"BlogPosting","isEnabled":true},"graphs":[]},"schema_type":"default","schema_type_options":null,"pillar_content":false,"robots_default":true,"robots_noindex":false,"robots_noarchive":false,"robots_nosnippet":false,"robots_nofollow":false,"robots_noimageindex":false,"robots_noodp":false,"robots_notranslate":false,"robots_max_snippet":"-1","robots_max_videopreview":"-1","robots_max_imagepreview":"large","priority":null,"frequency":"default","local_seo":null,"breadcrumb_settings":null,"limit_modified_date":false,"ai":{"faqs":[],"keyPoints":[],"titles":[],"descriptions":[],"socialPosts":{"email":[],"linkedin":[],"twitter":[],"facebook":[],"instagram":[]}},"created":"2025-11-14 10:13:59","updated":"2025-11-15 02:10:21","seo_analyzer_scan_date":null},"aioseo_breadcrumb":"<div class=\"aioseo-breadcrumbs\"><span class=\"aioseo-breadcrumb\">\n\t\t\t<a href=\"https:\/\/filiawieruszow.bpsieradz.pl\" title=\"Home\">Home<\/a>\n\t\t<\/span><span class=\"aioseo-breadcrumb-separator\">&raquo;<\/span><span class=\"aioseo-breadcrumb\">\n\t\t\t<a href=\"https:\/\/filiawieruszow.bpsieradz.pl\/index.php\/category\/aktualnosci\/\" title=\"Aktualno\u015bci\">Aktualno\u015bci<\/a>\n\t\t<\/span><span class=\"aioseo-breadcrumb-separator\">&raquo;<\/span><span class=\"aioseo-breadcrumb\">\n\t\t\tNoc Bibliotek 2023 \u2013 \u201eAbsurd nie czyta\u0107\u201d\n\t\t<\/span><\/div>","aioseo_breadcrumb_json":[{"label":"Home","link":"https:\/\/filiawieruszow.bpsieradz.pl"},{"label":"Aktualno\u015bci","link":"https:\/\/filiawieruszow.bpsieradz.pl\/index.php\/category\/aktualnosci\/"},{"label":"Noc Bibliotek 2023 &#8211; \u201eAbsurd nie czyta\u0107\u201d","link":"https:\/\/filiawieruszow.bpsieradz.pl\/index.php\/2023\/10\/26\/noc-bibliotek-2023\/"}],"rttpg_featured_image_url":{"full":["https:\/\/filiawieruszow.bpsieradz.pl\/wp-content\/uploads\/2023\/10\/S_3.jpg",2000,1500,false],"landscape":["https:\/\/filiawieruszow.bpsieradz.pl\/wp-content\/uploads\/2023\/10\/S_3.jpg",2000,1500,false],"portraits":["https:\/\/filiawieruszow.bpsieradz.pl\/wp-content\/uploads\/2023\/10\/S_3.jpg",2000,1500,false],"thumbnail":["https:\/\/filiawieruszow.bpsieradz.pl\/wp-content\/uploads\/2023\/10\/S_3-150x150.jpg",150,150,true],"medium":["https:\/\/filiawieruszow.bpsieradz.pl\/wp-content\/uploads\/2023\/10\/S_3-300x225.jpg",300,225,true],"large":["https:\/\/filiawieruszow.bpsieradz.pl\/wp-content\/uploads\/2023\/10\/S_3-1024x768.jpg",800,600,true],"1536x1536":["https:\/\/filiawieruszow.bpsieradz.pl\/wp-content\/uploads\/2023\/10\/S_3-1536x1152.jpg",1536,1152,true],"2048x2048":["https:\/\/filiawieruszow.bpsieradz.pl\/wp-content\/uploads\/2023\/10\/S_3.jpg",2000,1500,false],"onepress-blog-small":["https:\/\/filiawieruszow.bpsieradz.pl\/wp-content\/uploads\/2023\/10\/S_3-300x150.jpg",300,150,true],"onepress-small":["https:\/\/filiawieruszow.bpsieradz.pl\/wp-content\/uploads\/2023\/10\/S_3-480x300.jpg",480,300,true],"onepress-medium":["https:\/\/filiawieruszow.bpsieradz.pl\/wp-content\/uploads\/2023\/10\/S_3-640x400.jpg",640,400,true]},"rttpg_author":{"display_name":"admin","author_link":"https:\/\/filiawieruszow.bpsieradz.pl\/index.php\/author\/admin\/"},"rttpg_comment":0,"rttpg_category":"<a href=\"https:\/\/filiawieruszow.bpsieradz.pl\/index.php\/category\/aktualnosci\/\" rel=\"category tag\">Aktualno\u015bci<\/a>","rttpg_excerpt":"Noc Bibliotek kolejny raz sta\u0142a si\u0119 faktem, w tym roku pod has\u0142em \u201eAbsurd nie czyta\u0107\u201d. Tym razem jako pierwsze odwiedzi\u0142y nas dzieci z przedszkola, kt\u00f3re bardzo si\u0119 zdziwi\u0142y zamkni\u0119tymi drzwiami ...","_links":{"self":[{"href":"https:\/\/filiawieruszow.bpsieradz.pl\/index.php\/wp-json\/wp\/v2\/posts\/3741","targetHints":{"allow":["GET"]}}],"collection":[{"href":"https:\/\/filiawieruszow.bpsieradz.pl\/index.php\/wp-json\/wp\/v2\/posts"}],"about":[{"href":"https:\/\/filiawieruszow.bpsieradz.pl\/index.php\/wp-json\/wp\/v2\/types\/post"}],"author":[{"embeddable":true,"href":"https:\/\/filiawieruszow.bpsieradz.pl\/index.php\/wp-json\/wp\/v2\/users\/1"}],"replies":[{"embeddable":true,"href":"https:\/\/filiawieruszow.bpsieradz.pl\/index.php\/wp-json\/wp\/v2\/comments?post=3741"}],"version-history":[{"count":1,"href":"https:\/\/filiawieruszow.bpsieradz.pl\/index.php\/wp-json\/wp\/v2\/posts\/3741\/revisions"}],"predecessor-version":[{"id":3902,"href":"https:\/\/filiawieruszow.bpsieradz.pl\/index.php\/wp-json\/wp\/v2\/posts\/3741\/revisions\/3902"}],"wp:featuredmedia":[{"embeddable":true,"href":"https:\/\/filiawieruszow.bpsieradz.pl\/index.php\/wp-json\/wp\/v2\/media\/3740"}],"wp:attachment":[{"href":"https:\/\/filiawieruszow.bpsieradz.pl\/index.php\/wp-json\/wp\/v2\/media?parent=3741"}],"wp:term":[{"taxonomy":"category","embeddable":true,"href":"https:\/\/filiawieruszow.bpsieradz.pl\/index.php\/wp-json\/wp\/v2\/categories?post=3741"},{"taxonomy":"post_tag","embeddable":true,"href":"https:\/\/filiawieruszow.bpsieradz.pl\/index.php\/wp-json\/wp\/v2\/tags?post=3741"}],"curies":[{"name":"wp","href":"https:\/\/api.w.org\/{rel}","templated":true}]}}