{"id":3739,"date":"2023-10-19T08:24:02","date_gmt":"2023-10-19T08:24:02","guid":{"rendered":"http:\/\/wieruszowfilia.bpsieradz.pl\/index.php\/2023\/10\/19\/v-happening-czytelniczy-w-wieruszowie\/"},"modified":"2025-11-18T08:54:14","modified_gmt":"2025-11-18T08:54:14","slug":"v-happening-czytelniczy-w-wieruszowie","status":"publish","type":"post","link":"https:\/\/filiawieruszow.bpsieradz.pl\/index.php\/2023\/10\/19\/v-happening-czytelniczy-w-wieruszowie\/","title":{"rendered":"V Happening czytelniczy w Wieruszowie"},"content":{"rendered":"\n<p class=\"has-text-align-left wp-block-paragraph\"><span style=\"font-size: 12pt;\">Tegoroczny Happening czytelniczy, kt\u00f3ry odbywa si\u0119 w Mi\u0119dzynarodowym Miesi\u0105cu Bibliotek Szkolnych ju\u017c za nami. 5 pa\u017adziernika ponad 400 uczestnik\u00f3w wyruszy\u0142o w d\u0142ugi przemarsz, by g\u0142o\u015bno promowa\u0107 czytelnictwo, ksi\u0105\u017cki i podkre\u015bla\u0107 dzia\u0142alno\u015b\u0107 i rol\u0119 bibliotek szkolnych w kszta\u0142ceniu m\u0142odych ludzi. Trasa przebiega\u0142a w pobli\u017cu 6 plac\u00f3wek o\u015bwiatowych (przedszkola i szko\u0142y), bo to w\u0142a\u015bnie tam niejednokrotnie odbywa si\u0119 pierwszy kontakt dziecka z ksi\u0105\u017ck\u0105. Tym happeningiem chcemy zwr\u00f3ci\u0107 si\u0119 r\u00f3wnie\u017c do rodzic\u00f3w, by si\u0119gali po ksi\u0105\u017cki i czytali sobie i dzieciom. <\/span><\/p>\n\n\n\n<p class=\"wp-block-paragraph\"><span style=\"font-size: 12pt;\">Cieszy nas niezmiernie fakt, \u017ce w tym roku nasza akcja wysz\u0142a poza granice powiatu, a nawet wojew\u00f3dztwa. Do\u0142\u0105czy\u0142a do nas Szko\u0142a Podstawowa im. Jana Brzechwy w \u015awibie (powiat k\u0119pi\u0144ski \u2013 Wojew\u00f3dztwo wielkopolskie). Go\u015bcili\u015bmy r\u00f3wnie\u017c kolejny raz Zesp\u00f3\u0142 Szkolno-Przedszkolny w Galewicach. Pierwszy i za pewno nie ostatni aktywnie w\u0142\u0105czyli si\u0119 do naszej akcji przedstawiciele Warsztat\u00f3w Terapii Zaj\u0119ciowej w Wieruszowie. W happeningu uczestniczyli jak co roku: <\/span><\/p>\n\n\n\n<ul class=\"wp-block-list\">\n<li><span style=\"font-size: 12pt;\">Szko\u0142a Podstawowa Nr 1 im. Janusza Korczaka w Wieruszowie <\/span><\/li>\n\n\n\n<li><span style=\"font-size: 12pt;\">Szko\u0142a Podstawowa Nr 2 im. Marsza\u0142ka J\u00f3zefa Pi\u0142sudskiego w Wieruszowie <\/span><\/li>\n\n\n\n<li><span style=\"font-size: 12pt;\">Szko\u0142a Podstawowa nr 3 im. Jana Paw\u0142a II w Wieruszowie <\/span><\/li>\n\n\n\n<li><span style=\"font-size: 12pt;\">Zesp\u00f3\u0142 Szk\u00f3\u0142 Ponadpodstawowych im. Stanis\u0142awa Staszica w Wieruszowie <\/span><\/li>\n\n\n\n<li><span style=\"font-size: 12pt;\">Liceum Og\u00f3lnokszta\u0142c\u0105ce im. Miko\u0142aja Kopernika w Wieruszowie <\/span><\/li>\n\n\n\n<li><span style=\"font-size: 12pt;\">Oddzia\u0142 przedszkolny ze Szko\u0142y Podstawowej Nr 1 im. Janusza Korczaka w Wieruszowie <\/span><\/li>\n\n\n\n<li><span style=\"font-size: 12pt;\">Przedszkole Nr 1 im. Krzysztofa Bezena w Wieruszowie <\/span><\/li>\n\n\n\n<li><span style=\"font-size: 12pt;\">Przedszkole Nr 2 w Wieruszowie <\/span><\/li>\n\n\n\n<li><span style=\"font-size: 12pt;\">Przedszkole Zielony Listek w Wieruszowie <\/span><\/li>\n\n\n\n<li><span style=\"font-size: 12pt;\">Miejsko-Gminna Biblioteka Publiczna w Wieruszowie <\/span><\/li>\n\n\n\n<li><span style=\"font-size: 12pt;\">Powiatowa Biblioteka Publiczna w Wieruszowie <\/span><\/li>\n\n\n\n<li><span style=\"font-size: 12pt;\">Ochotniczy Hufiec Pracy w Wieruszowie\u00a0<\/span><\/li>\n<\/ul>\n\n\n\n<p class=\"wp-block-paragraph\"><span style=\"font-size: 12pt;\"> Wszystkim serdecznie dzi\u0119kujemy i zapraszamy za rok<\/span><\/p>\n\n\n\n<p class=\"wp-block-paragraph\"><span style=\"font-size: 12pt;\"><a href=\"https:\/\/www.youtube.com\/watch?v=eGUK25piH7A\">Happening czytelniczy w Wieruszowie &#8211; YouTube<\/a><\/span><\/p>\n\n\n\nngg_shortcode_0_placeholder\n","protected":false},"excerpt":{"rendered":"<p>Tegoroczny Happening czytelniczy, kt\u00f3ry odbywa si\u0119 w Mi\u0119dzynarodowym Miesi\u0105cu Bibliotek Szkolnych ju\u017c za nami. 5 pa\u017adziernika ponad 400 uczestnik\u00f3w wyruszy\u0142o w d\u0142ugi przemarsz, by g\u0142o\u015bno promowa\u0107 czytelnictwo, ksi\u0105\u017cki i podkre\u015bla\u0107 &#8230;<\/p>\n","protected":false},"author":1,"featured_media":3731,"comment_status":"closed","ping_status":"open","sticky":true,"template":"","format":"standard","meta":{"om_disable_all_campaigns":false,"ngg_post_thumbnail":0,"footnotes":""},"categories":[3],"tags":[],"class_list":["post-3739","post","type-post","status-publish","format-standard","has-post-thumbnail","hentry","category-aktualnosci"],"aioseo_notices":[],"aioseo_head":"\n\t\t<!-- All in One SEO 4.9.10 - aioseo.com -->\n\t<meta name=\"description\" content=\"Tegoroczny Happening czytelniczy, kt\u00f3ry odbywa si\u0119 w Mi\u0119dzynarodowym Miesi\u0105cu Bibliotek Szkolnych ju\u017c za nami. 5 pa\u017adziernika ponad 400 uczestnik\u00f3w wyruszy\u0142o w d\u0142ugi przemarsz, by g\u0142o\u015bno promowa\u0107 czytelnictwo, ksi\u0105\u017cki i podkre\u015bla\u0107 dzia\u0142alno\u015b\u0107 i rol\u0119 bibliotek szkolnych w kszta\u0142ceniu m\u0142odych ludzi. Trasa przebiega\u0142a w pobli\u017cu 6 plac\u00f3wek o\u015bwiatowych (przedszkola i szko\u0142y), bo to w\u0142a\u015bnie tam niejednokrotnie odbywa\" \/>\n\t<meta name=\"robots\" content=\"max-image-preview:large\" \/>\n\t<meta name=\"author\" content=\"admin\"\/>\n\t<link rel=\"canonical\" href=\"https:\/\/filiawieruszow.bpsieradz.pl\/index.php\/2023\/10\/19\/v-happening-czytelniczy-w-wieruszowie\/\" \/>\n\t<meta name=\"generator\" content=\"All in One SEO (AIOSEO) 4.9.10\" \/>\n\t\t<meta property=\"og:locale\" content=\"pl_PL\" \/>\n\t\t<meta property=\"og:site_name\" content=\"Biblioteka Pedagogiczna w Sieradzu Filia w Wieruszowie -\" \/>\n\t\t<meta property=\"og:type\" content=\"article\" \/>\n\t\t<meta property=\"og:title\" content=\"V Happening czytelniczy w Wieruszowie\" \/>\n\t\t<meta property=\"og:description\" content=\"Tegoroczny Happening czytelniczy, kt\u00f3ry odbywa si\u0119 w Mi\u0119dzynarodowym Miesi\u0105cu Bibliotek Szkolnych ju\u017c za nami. 5 pa\u017adziernika ponad 400 uczestnik\u00f3w wyruszy\u0142o w d\u0142ugi przemarsz, by g\u0142o\u015bno promowa\u0107 czytelnictwo, ksi\u0105\u017cki i podkre\u015bla\u0107 dzia\u0142alno\u015b\u0107 i rol\u0119 bibliotek szkolnych w kszta\u0142ceniu m\u0142odych ludzi. Trasa przebiega\u0142a w pobli\u017cu 6 plac\u00f3wek o\u015bwiatowych (przedszkola i szko\u0142y), bo to w\u0142a\u015bnie tam niejednokrotnie odbywa\" \/>\n\t\t<meta property=\"og:url\" content=\"https:\/\/filiawieruszow.bpsieradz.pl\/index.php\/2023\/10\/19\/v-happening-czytelniczy-w-wieruszowie\/\" \/>\n\t\t<meta property=\"og:image\" content=\"https:\/\/filiawieruszow.bpsieradz.pl\/wp-content\/uploads\/2025\/02\/CRE_lodzkie.jpg\" \/>\n\t\t<meta property=\"og:image:secure_url\" content=\"https:\/\/filiawieruszow.bpsieradz.pl\/wp-content\/uploads\/2025\/02\/CRE_lodzkie.jpg\" \/>\n\t\t<meta property=\"article:published_time\" content=\"2023-10-19T08:24:02+00:00\" \/>\n\t\t<meta property=\"article:modified_time\" content=\"2025-11-18T08:54:14+00:00\" \/>\n\t\t<meta name=\"twitter:card\" content=\"summary_large_image\" \/>\n\t\t<meta name=\"twitter:title\" content=\"V Happening czytelniczy w Wieruszowie\" \/>\n\t\t<meta name=\"twitter:description\" content=\"Tegoroczny Happening czytelniczy, kt\u00f3ry odbywa si\u0119 w Mi\u0119dzynarodowym Miesi\u0105cu Bibliotek Szkolnych ju\u017c za nami. 5 pa\u017adziernika ponad 400 uczestnik\u00f3w wyruszy\u0142o w d\u0142ugi przemarsz, by g\u0142o\u015bno promowa\u0107 czytelnictwo, ksi\u0105\u017cki i podkre\u015bla\u0107 dzia\u0142alno\u015b\u0107 i rol\u0119 bibliotek szkolnych w kszta\u0142ceniu m\u0142odych ludzi. Trasa przebiega\u0142a w pobli\u017cu 6 plac\u00f3wek o\u015bwiatowych (przedszkola i szko\u0142y), bo to w\u0142a\u015bnie tam niejednokrotnie odbywa\" \/>\n\t\t<meta name=\"twitter:image\" content=\"https:\/\/filiawieruszow.bpsieradz.pl\/wp-content\/uploads\/2025\/02\/CRE_lodzkie.jpg\" \/>\n\t\t<script type=\"application\/ld+json\" class=\"aioseo-schema\">\n\t\t\t{\"@context\":\"https:\\\/\\\/schema.org\",\"@graph\":[{\"@type\":\"BlogPosting\",\"@id\":\"https:\\\/\\\/filiawieruszow.bpsieradz.pl\\\/index.php\\\/2023\\\/10\\\/19\\\/v-happening-czytelniczy-w-wieruszowie\\\/#blogposting\",\"name\":\"V Happening czytelniczy w Wieruszowie\",\"headline\":\"V Happening czytelniczy w Wieruszowie\",\"author\":{\"@id\":\"https:\\\/\\\/filiawieruszow.bpsieradz.pl\\\/index.php\\\/author\\\/admin\\\/#author\"},\"publisher\":{\"@id\":\"https:\\\/\\\/filiawieruszow.bpsieradz.pl\\\/#organization\"},\"image\":{\"@type\":\"ImageObject\",\"url\":\"https:\\\/\\\/filiawieruszow.bpsieradz.pl\\\/wp-content\\\/uploads\\\/2023\\\/10\\\/V_Happening_czytelniczy_w_Wieruszowie_1.jpg\",\"width\":1000,\"height\":750,\"caption\":\"V Happening czytelniczy w Wieruszowie\"},\"datePublished\":\"2023-10-19T08:24:02+00:00\",\"dateModified\":\"2025-11-18T08:54:14+00:00\",\"inLanguage\":\"pl-PL\",\"mainEntityOfPage\":{\"@id\":\"https:\\\/\\\/filiawieruszow.bpsieradz.pl\\\/index.php\\\/2023\\\/10\\\/19\\\/v-happening-czytelniczy-w-wieruszowie\\\/#webpage\"},\"isPartOf\":{\"@id\":\"https:\\\/\\\/filiawieruszow.bpsieradz.pl\\\/index.php\\\/2023\\\/10\\\/19\\\/v-happening-czytelniczy-w-wieruszowie\\\/#webpage\"},\"articleSection\":\"Aktualno\\u015bci\"},{\"@type\":\"BreadcrumbList\",\"@id\":\"https:\\\/\\\/filiawieruszow.bpsieradz.pl\\\/index.php\\\/2023\\\/10\\\/19\\\/v-happening-czytelniczy-w-wieruszowie\\\/#breadcrumblist\",\"itemListElement\":[{\"@type\":\"ListItem\",\"@id\":\"https:\\\/\\\/filiawieruszow.bpsieradz.pl#listItem\",\"position\":1,\"name\":\"Home\",\"item\":\"https:\\\/\\\/filiawieruszow.bpsieradz.pl\",\"nextItem\":{\"@type\":\"ListItem\",\"@id\":\"https:\\\/\\\/filiawieruszow.bpsieradz.pl\\\/index.php\\\/category\\\/aktualnosci\\\/#listItem\",\"name\":\"Aktualno\\u015bci\"}},{\"@type\":\"ListItem\",\"@id\":\"https:\\\/\\\/filiawieruszow.bpsieradz.pl\\\/index.php\\\/category\\\/aktualnosci\\\/#listItem\",\"position\":2,\"name\":\"Aktualno\\u015bci\",\"item\":\"https:\\\/\\\/filiawieruszow.bpsieradz.pl\\\/index.php\\\/category\\\/aktualnosci\\\/\",\"nextItem\":{\"@type\":\"ListItem\",\"@id\":\"https:\\\/\\\/filiawieruszow.bpsieradz.pl\\\/index.php\\\/2023\\\/10\\\/19\\\/v-happening-czytelniczy-w-wieruszowie\\\/#listItem\",\"name\":\"V Happening czytelniczy w Wieruszowie\"},\"previousItem\":{\"@type\":\"ListItem\",\"@id\":\"https:\\\/\\\/filiawieruszow.bpsieradz.pl#listItem\",\"name\":\"Home\"}},{\"@type\":\"ListItem\",\"@id\":\"https:\\\/\\\/filiawieruszow.bpsieradz.pl\\\/index.php\\\/2023\\\/10\\\/19\\\/v-happening-czytelniczy-w-wieruszowie\\\/#listItem\",\"position\":3,\"name\":\"V Happening czytelniczy w Wieruszowie\",\"previousItem\":{\"@type\":\"ListItem\",\"@id\":\"https:\\\/\\\/filiawieruszow.bpsieradz.pl\\\/index.php\\\/category\\\/aktualnosci\\\/#listItem\",\"name\":\"Aktualno\\u015bci\"}}]},{\"@type\":\"Organization\",\"@id\":\"https:\\\/\\\/filiawieruszow.bpsieradz.pl\\\/#organization\",\"name\":\"Biblioteka Pedagogiczna w Sieradzu Filia w Wieruszowie\",\"url\":\"https:\\\/\\\/filiawieruszow.bpsieradz.pl\\\/\",\"logo\":{\"@type\":\"ImageObject\",\"url\":\"https:\\\/\\\/filiawieruszow.bpsieradz.pl\\\/wp-content\\\/uploads\\\/2025\\\/02\\\/CRE_lodzkie.jpg\",\"@id\":\"https:\\\/\\\/filiawieruszow.bpsieradz.pl\\\/index.php\\\/2023\\\/10\\\/19\\\/v-happening-czytelniczy-w-wieruszowie\\\/#organizationLogo\",\"width\":323,\"height\":50},\"image\":{\"@id\":\"https:\\\/\\\/filiawieruszow.bpsieradz.pl\\\/index.php\\\/2023\\\/10\\\/19\\\/v-happening-czytelniczy-w-wieruszowie\\\/#organizationLogo\"}},{\"@type\":\"Person\",\"@id\":\"https:\\\/\\\/filiawieruszow.bpsieradz.pl\\\/index.php\\\/author\\\/admin\\\/#author\",\"url\":\"https:\\\/\\\/filiawieruszow.bpsieradz.pl\\\/index.php\\\/author\\\/admin\\\/\",\"name\":\"admin\",\"image\":{\"@type\":\"ImageObject\",\"@id\":\"https:\\\/\\\/filiawieruszow.bpsieradz.pl\\\/index.php\\\/2023\\\/10\\\/19\\\/v-happening-czytelniczy-w-wieruszowie\\\/#authorImage\",\"url\":\"https:\\\/\\\/secure.gravatar.com\\\/avatar\\\/7c9baecea61c950fa0ace417ade1d91ec20251533a476dc4eb52114bf5576b3a?s=96&d=mm&r=g\",\"width\":96,\"height\":96,\"caption\":\"admin\"}},{\"@type\":\"WebPage\",\"@id\":\"https:\\\/\\\/filiawieruszow.bpsieradz.pl\\\/index.php\\\/2023\\\/10\\\/19\\\/v-happening-czytelniczy-w-wieruszowie\\\/#webpage\",\"url\":\"https:\\\/\\\/filiawieruszow.bpsieradz.pl\\\/index.php\\\/2023\\\/10\\\/19\\\/v-happening-czytelniczy-w-wieruszowie\\\/\",\"name\":\"V Happening czytelniczy w Wieruszowie\",\"description\":\"Tegoroczny Happening czytelniczy, kt\\u00f3ry odbywa si\\u0119 w Mi\\u0119dzynarodowym Miesi\\u0105cu Bibliotek Szkolnych ju\\u017c za nami. 5 pa\\u017adziernika ponad 400 uczestnik\\u00f3w wyruszy\\u0142o w d\\u0142ugi przemarsz, by g\\u0142o\\u015bno promowa\\u0107 czytelnictwo, ksi\\u0105\\u017cki i podkre\\u015bla\\u0107 dzia\\u0142alno\\u015b\\u0107 i rol\\u0119 bibliotek szkolnych w kszta\\u0142ceniu m\\u0142odych ludzi. Trasa przebiega\\u0142a w pobli\\u017cu 6 plac\\u00f3wek o\\u015bwiatowych (przedszkola i szko\\u0142y), bo to w\\u0142a\\u015bnie tam niejednokrotnie odbywa\",\"inLanguage\":\"pl-PL\",\"isPartOf\":{\"@id\":\"https:\\\/\\\/filiawieruszow.bpsieradz.pl\\\/#website\"},\"breadcrumb\":{\"@id\":\"https:\\\/\\\/filiawieruszow.bpsieradz.pl\\\/index.php\\\/2023\\\/10\\\/19\\\/v-happening-czytelniczy-w-wieruszowie\\\/#breadcrumblist\"},\"author\":{\"@id\":\"https:\\\/\\\/filiawieruszow.bpsieradz.pl\\\/index.php\\\/author\\\/admin\\\/#author\"},\"creator\":{\"@id\":\"https:\\\/\\\/filiawieruszow.bpsieradz.pl\\\/index.php\\\/author\\\/admin\\\/#author\"},\"image\":{\"@type\":\"ImageObject\",\"url\":\"https:\\\/\\\/filiawieruszow.bpsieradz.pl\\\/wp-content\\\/uploads\\\/2023\\\/10\\\/V_Happening_czytelniczy_w_Wieruszowie_1.jpg\",\"@id\":\"https:\\\/\\\/filiawieruszow.bpsieradz.pl\\\/index.php\\\/2023\\\/10\\\/19\\\/v-happening-czytelniczy-w-wieruszowie\\\/#mainImage\",\"width\":1000,\"height\":750,\"caption\":\"V Happening czytelniczy w Wieruszowie\"},\"primaryImageOfPage\":{\"@id\":\"https:\\\/\\\/filiawieruszow.bpsieradz.pl\\\/index.php\\\/2023\\\/10\\\/19\\\/v-happening-czytelniczy-w-wieruszowie\\\/#mainImage\"},\"datePublished\":\"2023-10-19T08:24:02+00:00\",\"dateModified\":\"2025-11-18T08:54:14+00:00\"},{\"@type\":\"WebSite\",\"@id\":\"https:\\\/\\\/filiawieruszow.bpsieradz.pl\\\/#website\",\"url\":\"https:\\\/\\\/filiawieruszow.bpsieradz.pl\\\/\",\"name\":\"Biblioteka Pedagogiczna w Sieradzu Filia w Wieruszowie\",\"inLanguage\":\"pl-PL\",\"publisher\":{\"@id\":\"https:\\\/\\\/filiawieruszow.bpsieradz.pl\\\/#organization\"}}]}\n\t\t<\/script>\n\t\t<!-- All in One SEO -->\n\n","aioseo_head_json":{"title":"V Happening czytelniczy w Wieruszowie","description":"Tegoroczny Happening czytelniczy, kt\u00f3ry odbywa si\u0119 w Mi\u0119dzynarodowym Miesi\u0105cu Bibliotek Szkolnych ju\u017c za nami. 5 pa\u017adziernika ponad 400 uczestnik\u00f3w wyruszy\u0142o w d\u0142ugi przemarsz, by g\u0142o\u015bno promowa\u0107 czytelnictwo, ksi\u0105\u017cki i podkre\u015bla\u0107 dzia\u0142alno\u015b\u0107 i rol\u0119 bibliotek szkolnych w kszta\u0142ceniu m\u0142odych ludzi. Trasa przebiega\u0142a w pobli\u017cu 6 plac\u00f3wek o\u015bwiatowych (przedszkola i szko\u0142y), bo to w\u0142a\u015bnie tam niejednokrotnie odbywa","canonical_url":"https:\/\/filiawieruszow.bpsieradz.pl\/index.php\/2023\/10\/19\/v-happening-czytelniczy-w-wieruszowie\/","robots":"max-image-preview:large","keywords":"","webmasterTools":{"miscellaneous":""},"schema":{"@context":"https:\/\/schema.org","@graph":[{"@type":"BlogPosting","@id":"https:\/\/filiawieruszow.bpsieradz.pl\/index.php\/2023\/10\/19\/v-happening-czytelniczy-w-wieruszowie\/#blogposting","name":"V Happening czytelniczy w Wieruszowie","headline":"V Happening czytelniczy w Wieruszowie","author":{"@id":"https:\/\/filiawieruszow.bpsieradz.pl\/index.php\/author\/admin\/#author"},"publisher":{"@id":"https:\/\/filiawieruszow.bpsieradz.pl\/#organization"},"image":{"@type":"ImageObject","url":"https:\/\/filiawieruszow.bpsieradz.pl\/wp-content\/uploads\/2023\/10\/V_Happening_czytelniczy_w_Wieruszowie_1.jpg","width":1000,"height":750,"caption":"V Happening czytelniczy w Wieruszowie"},"datePublished":"2023-10-19T08:24:02+00:00","dateModified":"2025-11-18T08:54:14+00:00","inLanguage":"pl-PL","mainEntityOfPage":{"@id":"https:\/\/filiawieruszow.bpsieradz.pl\/index.php\/2023\/10\/19\/v-happening-czytelniczy-w-wieruszowie\/#webpage"},"isPartOf":{"@id":"https:\/\/filiawieruszow.bpsieradz.pl\/index.php\/2023\/10\/19\/v-happening-czytelniczy-w-wieruszowie\/#webpage"},"articleSection":"Aktualno\u015bci"},{"@type":"BreadcrumbList","@id":"https:\/\/filiawieruszow.bpsieradz.pl\/index.php\/2023\/10\/19\/v-happening-czytelniczy-w-wieruszowie\/#breadcrumblist","itemListElement":[{"@type":"ListItem","@id":"https:\/\/filiawieruszow.bpsieradz.pl#listItem","position":1,"name":"Home","item":"https:\/\/filiawieruszow.bpsieradz.pl","nextItem":{"@type":"ListItem","@id":"https:\/\/filiawieruszow.bpsieradz.pl\/index.php\/category\/aktualnosci\/#listItem","name":"Aktualno\u015bci"}},{"@type":"ListItem","@id":"https:\/\/filiawieruszow.bpsieradz.pl\/index.php\/category\/aktualnosci\/#listItem","position":2,"name":"Aktualno\u015bci","item":"https:\/\/filiawieruszow.bpsieradz.pl\/index.php\/category\/aktualnosci\/","nextItem":{"@type":"ListItem","@id":"https:\/\/filiawieruszow.bpsieradz.pl\/index.php\/2023\/10\/19\/v-happening-czytelniczy-w-wieruszowie\/#listItem","name":"V Happening czytelniczy w Wieruszowie"},"previousItem":{"@type":"ListItem","@id":"https:\/\/filiawieruszow.bpsieradz.pl#listItem","name":"Home"}},{"@type":"ListItem","@id":"https:\/\/filiawieruszow.bpsieradz.pl\/index.php\/2023\/10\/19\/v-happening-czytelniczy-w-wieruszowie\/#listItem","position":3,"name":"V Happening czytelniczy w Wieruszowie","previousItem":{"@type":"ListItem","@id":"https:\/\/filiawieruszow.bpsieradz.pl\/index.php\/category\/aktualnosci\/#listItem","name":"Aktualno\u015bci"}}]},{"@type":"Organization","@id":"https:\/\/filiawieruszow.bpsieradz.pl\/#organization","name":"Biblioteka Pedagogiczna w Sieradzu Filia w Wieruszowie","url":"https:\/\/filiawieruszow.bpsieradz.pl\/","logo":{"@type":"ImageObject","url":"https:\/\/filiawieruszow.bpsieradz.pl\/wp-content\/uploads\/2025\/02\/CRE_lodzkie.jpg","@id":"https:\/\/filiawieruszow.bpsieradz.pl\/index.php\/2023\/10\/19\/v-happening-czytelniczy-w-wieruszowie\/#organizationLogo","width":323,"height":50},"image":{"@id":"https:\/\/filiawieruszow.bpsieradz.pl\/index.php\/2023\/10\/19\/v-happening-czytelniczy-w-wieruszowie\/#organizationLogo"}},{"@type":"Person","@id":"https:\/\/filiawieruszow.bpsieradz.pl\/index.php\/author\/admin\/#author","url":"https:\/\/filiawieruszow.bpsieradz.pl\/index.php\/author\/admin\/","name":"admin","image":{"@type":"ImageObject","@id":"https:\/\/filiawieruszow.bpsieradz.pl\/index.php\/2023\/10\/19\/v-happening-czytelniczy-w-wieruszowie\/#authorImage","url":"https:\/\/secure.gravatar.com\/avatar\/7c9baecea61c950fa0ace417ade1d91ec20251533a476dc4eb52114bf5576b3a?s=96&d=mm&r=g","width":96,"height":96,"caption":"admin"}},{"@type":"WebPage","@id":"https:\/\/filiawieruszow.bpsieradz.pl\/index.php\/2023\/10\/19\/v-happening-czytelniczy-w-wieruszowie\/#webpage","url":"https:\/\/filiawieruszow.bpsieradz.pl\/index.php\/2023\/10\/19\/v-happening-czytelniczy-w-wieruszowie\/","name":"V Happening czytelniczy w Wieruszowie","description":"Tegoroczny Happening czytelniczy, kt\u00f3ry odbywa si\u0119 w Mi\u0119dzynarodowym Miesi\u0105cu Bibliotek Szkolnych ju\u017c za nami. 5 pa\u017adziernika ponad 400 uczestnik\u00f3w wyruszy\u0142o w d\u0142ugi przemarsz, by g\u0142o\u015bno promowa\u0107 czytelnictwo, ksi\u0105\u017cki i podkre\u015bla\u0107 dzia\u0142alno\u015b\u0107 i rol\u0119 bibliotek szkolnych w kszta\u0142ceniu m\u0142odych ludzi. Trasa przebiega\u0142a w pobli\u017cu 6 plac\u00f3wek o\u015bwiatowych (przedszkola i szko\u0142y), bo to w\u0142a\u015bnie tam niejednokrotnie odbywa","inLanguage":"pl-PL","isPartOf":{"@id":"https:\/\/filiawieruszow.bpsieradz.pl\/#website"},"breadcrumb":{"@id":"https:\/\/filiawieruszow.bpsieradz.pl\/index.php\/2023\/10\/19\/v-happening-czytelniczy-w-wieruszowie\/#breadcrumblist"},"author":{"@id":"https:\/\/filiawieruszow.bpsieradz.pl\/index.php\/author\/admin\/#author"},"creator":{"@id":"https:\/\/filiawieruszow.bpsieradz.pl\/index.php\/author\/admin\/#author"},"image":{"@type":"ImageObject","url":"https:\/\/filiawieruszow.bpsieradz.pl\/wp-content\/uploads\/2023\/10\/V_Happening_czytelniczy_w_Wieruszowie_1.jpg","@id":"https:\/\/filiawieruszow.bpsieradz.pl\/index.php\/2023\/10\/19\/v-happening-czytelniczy-w-wieruszowie\/#mainImage","width":1000,"height":750,"caption":"V Happening czytelniczy w Wieruszowie"},"primaryImageOfPage":{"@id":"https:\/\/filiawieruszow.bpsieradz.pl\/index.php\/2023\/10\/19\/v-happening-czytelniczy-w-wieruszowie\/#mainImage"},"datePublished":"2023-10-19T08:24:02+00:00","dateModified":"2025-11-18T08:54:14+00:00"},{"@type":"WebSite","@id":"https:\/\/filiawieruszow.bpsieradz.pl\/#website","url":"https:\/\/filiawieruszow.bpsieradz.pl\/","name":"Biblioteka Pedagogiczna w Sieradzu Filia w Wieruszowie","inLanguage":"pl-PL","publisher":{"@id":"https:\/\/filiawieruszow.bpsieradz.pl\/#organization"}}]},"og:locale":"pl_PL","og:site_name":"Biblioteka Pedagogiczna w Sieradzu Filia w Wieruszowie -","og:type":"article","og:title":"V Happening czytelniczy w Wieruszowie","og:description":"Tegoroczny Happening czytelniczy, kt\u00f3ry odbywa si\u0119 w Mi\u0119dzynarodowym Miesi\u0105cu Bibliotek Szkolnych ju\u017c za nami. 5 pa\u017adziernika ponad 400 uczestnik\u00f3w wyruszy\u0142o w d\u0142ugi przemarsz, by g\u0142o\u015bno promowa\u0107 czytelnictwo, ksi\u0105\u017cki i podkre\u015bla\u0107 dzia\u0142alno\u015b\u0107 i rol\u0119 bibliotek szkolnych w kszta\u0142ceniu m\u0142odych ludzi. Trasa przebiega\u0142a w pobli\u017cu 6 plac\u00f3wek o\u015bwiatowych (przedszkola i szko\u0142y), bo to w\u0142a\u015bnie tam niejednokrotnie odbywa","og:url":"https:\/\/filiawieruszow.bpsieradz.pl\/index.php\/2023\/10\/19\/v-happening-czytelniczy-w-wieruszowie\/","og:image":"https:\/\/filiawieruszow.bpsieradz.pl\/wp-content\/uploads\/2025\/02\/CRE_lodzkie.jpg","og:image:secure_url":"https:\/\/filiawieruszow.bpsieradz.pl\/wp-content\/uploads\/2025\/02\/CRE_lodzkie.jpg","article:published_time":"2023-10-19T08:24:02+00:00","article:modified_time":"2025-11-18T08:54:14+00:00","twitter:card":"summary_large_image","twitter:title":"V Happening czytelniczy w Wieruszowie","twitter:description":"Tegoroczny Happening czytelniczy, kt\u00f3ry odbywa si\u0119 w Mi\u0119dzynarodowym Miesi\u0105cu Bibliotek Szkolnych ju\u017c za nami. 5 pa\u017adziernika ponad 400 uczestnik\u00f3w wyruszy\u0142o w d\u0142ugi przemarsz, by g\u0142o\u015bno promowa\u0107 czytelnictwo, ksi\u0105\u017cki i podkre\u015bla\u0107 dzia\u0142alno\u015b\u0107 i rol\u0119 bibliotek szkolnych w kszta\u0142ceniu m\u0142odych ludzi. Trasa przebiega\u0142a w pobli\u017cu 6 plac\u00f3wek o\u015bwiatowych (przedszkola i szko\u0142y), bo to w\u0142a\u015bnie tam niejednokrotnie odbywa","twitter:image":"https:\/\/filiawieruszow.bpsieradz.pl\/wp-content\/uploads\/2025\/02\/CRE_lodzkie.jpg"},"aioseo_meta_data":{"post_id":"3739","title":"#post_title","description":null,"keywords":null,"keyphrases":{"focus":{"keyphrase":"","score":0,"analysis":{"keyphraseInTitle":{"score":0,"maxScore":9,"error":1}}},"additional":[]},"primary_term":null,"canonical_url":null,"og_title":null,"og_description":null,"og_object_type":"default","og_image_type":"default","og_image_url":null,"og_image_width":null,"og_image_height":null,"og_image_custom_url":null,"og_image_custom_fields":null,"og_video":"","og_custom_url":null,"og_article_section":null,"og_article_tags":null,"twitter_use_og":false,"twitter_card":"default","twitter_image_type":"default","twitter_image_url":null,"twitter_image_custom_url":null,"twitter_image_custom_fields":null,"twitter_title":null,"twitter_description":null,"schema":{"blockGraphs":[],"customGraphs":[],"default":{"data":{"Article":[],"Course":[],"Dataset":[],"FAQPage":[],"Movie":[],"Person":[],"Product":[],"ProductReview":[],"Car":[],"Recipe":[],"Service":[],"SoftwareApplication":[],"WebPage":[]},"graphName":"BlogPosting","isEnabled":true},"graphs":[]},"schema_type":"default","schema_type_options":null,"pillar_content":false,"robots_default":true,"robots_noindex":false,"robots_noarchive":false,"robots_nosnippet":false,"robots_nofollow":false,"robots_noimageindex":false,"robots_noodp":false,"robots_notranslate":false,"robots_max_snippet":"-1","robots_max_videopreview":"-1","robots_max_imagepreview":"large","priority":null,"frequency":"default","local_seo":null,"breadcrumb_settings":null,"limit_modified_date":false,"ai":{"faqs":[],"keyPoints":[],"titles":[],"descriptions":[],"socialPosts":{"email":[],"linkedin":[],"twitter":[],"facebook":[],"instagram":[]}},"created":"2025-11-14 10:13:59","updated":"2025-11-18 09:07:56","seo_analyzer_scan_date":null},"aioseo_breadcrumb":"<div class=\"aioseo-breadcrumbs\"><span class=\"aioseo-breadcrumb\">\n\t\t\t<a href=\"https:\/\/filiawieruszow.bpsieradz.pl\" title=\"Home\">Home<\/a>\n\t\t<\/span><span class=\"aioseo-breadcrumb-separator\">&raquo;<\/span><span class=\"aioseo-breadcrumb\">\n\t\t\t<a href=\"https:\/\/filiawieruszow.bpsieradz.pl\/index.php\/category\/aktualnosci\/\" title=\"Aktualno\u015bci\">Aktualno\u015bci<\/a>\n\t\t<\/span><span class=\"aioseo-breadcrumb-separator\">&raquo;<\/span><span class=\"aioseo-breadcrumb\">\n\t\t\tV Happening czytelniczy w Wieruszowie\n\t\t<\/span><\/div>","aioseo_breadcrumb_json":[{"label":"Home","link":"https:\/\/filiawieruszow.bpsieradz.pl"},{"label":"Aktualno\u015bci","link":"https:\/\/filiawieruszow.bpsieradz.pl\/index.php\/category\/aktualnosci\/"},{"label":"V Happening czytelniczy w Wieruszowie","link":"https:\/\/filiawieruszow.bpsieradz.pl\/index.php\/2023\/10\/19\/v-happening-czytelniczy-w-wieruszowie\/"}],"rttpg_featured_image_url":{"full":["https:\/\/filiawieruszow.bpsieradz.pl\/wp-content\/uploads\/2023\/10\/V_Happening_czytelniczy_w_Wieruszowie_1.jpg",1000,750,false],"landscape":["https:\/\/filiawieruszow.bpsieradz.pl\/wp-content\/uploads\/2023\/10\/V_Happening_czytelniczy_w_Wieruszowie_1.jpg",1000,750,false],"portraits":["https:\/\/filiawieruszow.bpsieradz.pl\/wp-content\/uploads\/2023\/10\/V_Happening_czytelniczy_w_Wieruszowie_1.jpg",1000,750,false],"thumbnail":["https:\/\/filiawieruszow.bpsieradz.pl\/wp-content\/uploads\/2023\/10\/V_Happening_czytelniczy_w_Wieruszowie_1-150x150.jpg",150,150,true],"medium":["https:\/\/filiawieruszow.bpsieradz.pl\/wp-content\/uploads\/2023\/10\/V_Happening_czytelniczy_w_Wieruszowie_1-300x225.jpg",300,225,true],"large":["https:\/\/filiawieruszow.bpsieradz.pl\/wp-content\/uploads\/2023\/10\/V_Happening_czytelniczy_w_Wieruszowie_1.jpg",800,600,false],"1536x1536":["https:\/\/filiawieruszow.bpsieradz.pl\/wp-content\/uploads\/2023\/10\/V_Happening_czytelniczy_w_Wieruszowie_1.jpg",1000,750,false],"2048x2048":["https:\/\/filiawieruszow.bpsieradz.pl\/wp-content\/uploads\/2023\/10\/V_Happening_czytelniczy_w_Wieruszowie_1.jpg",1000,750,false],"onepress-blog-small":["https:\/\/filiawieruszow.bpsieradz.pl\/wp-content\/uploads\/2023\/10\/V_Happening_czytelniczy_w_Wieruszowie_1-300x150.jpg",300,150,true],"onepress-small":["https:\/\/filiawieruszow.bpsieradz.pl\/wp-content\/uploads\/2023\/10\/V_Happening_czytelniczy_w_Wieruszowie_1-480x300.jpg",480,300,true],"onepress-medium":["https:\/\/filiawieruszow.bpsieradz.pl\/wp-content\/uploads\/2023\/10\/V_Happening_czytelniczy_w_Wieruszowie_1-640x400.jpg",640,400,true]},"rttpg_author":{"display_name":"admin","author_link":"https:\/\/filiawieruszow.bpsieradz.pl\/index.php\/author\/admin\/"},"rttpg_comment":0,"rttpg_category":"<a href=\"https:\/\/filiawieruszow.bpsieradz.pl\/index.php\/category\/aktualnosci\/\" rel=\"category tag\">Aktualno\u015bci<\/a>","rttpg_excerpt":"Tegoroczny Happening czytelniczy, kt\u00f3ry odbywa si\u0119 w Mi\u0119dzynarodowym Miesi\u0105cu Bibliotek Szkolnych ju\u017c za nami. 5 pa\u017adziernika ponad 400 uczestnik\u00f3w wyruszy\u0142o w d\u0142ugi przemarsz, by g\u0142o\u015bno promowa\u0107 czytelnictwo, ksi\u0105\u017cki i podkre\u015bla\u0107 ...","_links":{"self":[{"href":"https:\/\/filiawieruszow.bpsieradz.pl\/index.php\/wp-json\/wp\/v2\/posts\/3739","targetHints":{"allow":["GET"]}}],"collection":[{"href":"https:\/\/filiawieruszow.bpsieradz.pl\/index.php\/wp-json\/wp\/v2\/posts"}],"about":[{"href":"https:\/\/filiawieruszow.bpsieradz.pl\/index.php\/wp-json\/wp\/v2\/types\/post"}],"author":[{"embeddable":true,"href":"https:\/\/filiawieruszow.bpsieradz.pl\/index.php\/wp-json\/wp\/v2\/users\/1"}],"replies":[{"embeddable":true,"href":"https:\/\/filiawieruszow.bpsieradz.pl\/index.php\/wp-json\/wp\/v2\/comments?post=3739"}],"version-history":[{"count":1,"href":"https:\/\/filiawieruszow.bpsieradz.pl\/index.php\/wp-json\/wp\/v2\/posts\/3739\/revisions"}],"predecessor-version":[{"id":3921,"href":"https:\/\/filiawieruszow.bpsieradz.pl\/index.php\/wp-json\/wp\/v2\/posts\/3739\/revisions\/3921"}],"wp:featuredmedia":[{"embeddable":true,"href":"https:\/\/filiawieruszow.bpsieradz.pl\/index.php\/wp-json\/wp\/v2\/media\/3731"}],"wp:attachment":[{"href":"https:\/\/filiawieruszow.bpsieradz.pl\/index.php\/wp-json\/wp\/v2\/media?parent=3739"}],"wp:term":[{"taxonomy":"category","embeddable":true,"href":"https:\/\/filiawieruszow.bpsieradz.pl\/index.php\/wp-json\/wp\/v2\/categories?post=3739"},{"taxonomy":"post_tag","embeddable":true,"href":"https:\/\/filiawieruszow.bpsieradz.pl\/index.php\/wp-json\/wp\/v2\/tags?post=3739"}],"curies":[{"name":"wp","href":"https:\/\/api.w.org\/{rel}","templated":true}]}}