{"id":3730,"date":"2023-09-11T11:44:11","date_gmt":"2023-09-11T11:44:11","guid":{"rendered":"http:\/\/wieruszowfilia.bpsieradz.pl\/index.php\/2023\/09\/11\/narodowe-czytanie-nad-niemnem-elizy-orzeszkowej\/"},"modified":"2025-11-18T09:29:39","modified_gmt":"2025-11-18T09:29:39","slug":"narodowe-czytanie-nad-niemnem-elizy-orzeszkowej","status":"publish","type":"post","link":"https:\/\/filiawieruszow.bpsieradz.pl\/index.php\/2023\/09\/11\/narodowe-czytanie-nad-niemnem-elizy-orzeszkowej\/","title":{"rendered":"Narodowe Czytanie &#8222;Nad Niemnem&#8221; Elizy Orzeszkowej"},"content":{"rendered":"\n<p class=\"wp-block-paragraph\">Tak jak ka\u017cdego roku \u015brodowisko bibliotekarzy zorganizowa\u0142o barwny przemarsz przez miasto i czytanie fragment\u00f3w powie\u015bci Elizy Orzeszkowej w rynku pod pomnikiem \u015bw. Floriana. Udzia\u0142 wzi\u0119\u0142y wszystkie szko\u0142y z terenu miasta:<br>Szko\u0142a Podstawowa nr 1 im. Janusza Korczaka w Wieruszowie &#8211; wraz z oddzia\u0142em przedszkolnym<br>Szko\u0142a Podstawowa nr 2 im. Marsza\u0142ka J\u00f3zefa Pi\u0142sudskiego w Wieruszowie<br>Szko\u0142a Podstawowa nr3 im. Jana Paw\u0142a II w Wieruszowie<br>Zesp\u00f3\u0142 Szk\u00f3\u0142 Ponadpodstawowych im. Stanis\u0142awa Staszica w Wieruszowie<br>Zesp\u00f3\u0142 Szk\u00f3\u0142 Og\u00f3lnokszta\u0142c\u0105cych w Wieruszowie<br>Do\u0142\u0105czy\u0142y do nas r\u00f3wnie\u017c dzieci z Przedszkole Nr 1 im. Krzysztofa Bezena w Wieruszowie.<br>Nie zabrak\u0142o w\u0142adz miasta, czytali:<br>Starosta Wieruszowski &#8211; Stefan Pietras<br>Burmistrz Wieruszowa &#8211; Rafa\u0142 Przyby\u0142<br>Zast\u0119pca Burmistrza Wieruszowa &#8211; Marta Siubijak.<br>Biblioteki, kt\u00f3re bra\u0142y udzia\u0142:<br>Miejsko-Gminna Biblioteka Publiczna w Wieruszowie<br>Powiatowa Biblioteka Publiczna w Wieruszowie<br>CREW\u0141 w Sieradzu Biblioteka Pedagogiczna Filia w Wieruszowie<br>Do\u0142\u0105czyli r\u00f3wnie\u017c cz\u0142onkowie:<\/p>\n\n\n\nngg_shortcode_0_placeholder\n","protected":false},"excerpt":{"rendered":"<p>Tak jak ka\u017cdego roku \u015brodowisko bibliotekarzy zorganizowa\u0142o barwny przemarsz przez miasto i czytanie fragment\u00f3w powie\u015bci Elizy Orzeszkowej w rynku pod pomnikiem \u015bw. Floriana. Udzia\u0142 wzi\u0119\u0142y wszystkie szko\u0142y z terenu miasta:Szko\u0142a &#8230;<\/p>\n","protected":false},"author":1,"featured_media":3715,"comment_status":"closed","ping_status":"open","sticky":true,"template":"","format":"standard","meta":{"om_disable_all_campaigns":false,"ngg_post_thumbnail":0,"footnotes":""},"categories":[3],"tags":[],"class_list":["post-3730","post","type-post","status-publish","format-standard","has-post-thumbnail","hentry","category-aktualnosci"],"aioseo_notices":[],"aioseo_head":"\n\t\t<!-- All in One SEO 4.9.10 - aioseo.com -->\n\t<meta name=\"description\" content=\"Tak jak ka\u017cdego roku \u015brodowisko bibliotekarzy zorganizowa\u0142o barwny przemarsz przez miasto i czytanie fragment\u00f3w powie\u015bci Elizy Orzeszkowej w rynku pod pomnikiem \u015bw. Floriana. Udzia\u0142 wzi\u0119\u0142y wszystkie szko\u0142y z terenu miasta:Szko\u0142a Podstawowa nr 1 im. Janusza Korczaka w Wieruszowie - wraz z oddzia\u0142em przedszkolnymSzko\u0142a Podstawowa nr 2 im. Marsza\u0142ka J\u00f3zefa Pi\u0142sudskiego w WieruszowieSzko\u0142a Podstawowa nr3 im.\" \/>\n\t<meta name=\"robots\" content=\"max-image-preview:large\" \/>\n\t<meta name=\"author\" content=\"admin\"\/>\n\t<link rel=\"canonical\" href=\"https:\/\/filiawieruszow.bpsieradz.pl\/index.php\/2023\/09\/11\/narodowe-czytanie-nad-niemnem-elizy-orzeszkowej\/\" \/>\n\t<meta name=\"generator\" content=\"All in One SEO (AIOSEO) 4.9.10\" \/>\n\t\t<meta property=\"og:locale\" content=\"pl_PL\" \/>\n\t\t<meta property=\"og:site_name\" content=\"Biblioteka Pedagogiczna w Sieradzu Filia w Wieruszowie -\" \/>\n\t\t<meta property=\"og:type\" content=\"article\" \/>\n\t\t<meta property=\"og:title\" content=\"Narodowe Czytanie \u201eNad Niemnem\u201d Elizy Orzeszkowej\" \/>\n\t\t<meta property=\"og:description\" content=\"Tak jak ka\u017cdego roku \u015brodowisko bibliotekarzy zorganizowa\u0142o barwny przemarsz przez miasto i czytanie fragment\u00f3w powie\u015bci Elizy Orzeszkowej w rynku pod pomnikiem \u015bw. Floriana. Udzia\u0142 wzi\u0119\u0142y wszystkie szko\u0142y z terenu miasta:Szko\u0142a Podstawowa nr 1 im. Janusza Korczaka w Wieruszowie - wraz z oddzia\u0142em przedszkolnymSzko\u0142a Podstawowa nr 2 im. Marsza\u0142ka J\u00f3zefa Pi\u0142sudskiego w WieruszowieSzko\u0142a Podstawowa nr3 im.\" \/>\n\t\t<meta property=\"og:url\" content=\"https:\/\/filiawieruszow.bpsieradz.pl\/index.php\/2023\/09\/11\/narodowe-czytanie-nad-niemnem-elizy-orzeszkowej\/\" \/>\n\t\t<meta property=\"og:image\" content=\"https:\/\/filiawieruszow.bpsieradz.pl\/wp-content\/uploads\/2025\/02\/CRE_lodzkie.jpg\" \/>\n\t\t<meta property=\"og:image:secure_url\" content=\"https:\/\/filiawieruszow.bpsieradz.pl\/wp-content\/uploads\/2025\/02\/CRE_lodzkie.jpg\" \/>\n\t\t<meta property=\"article:published_time\" content=\"2023-09-11T11:44:11+00:00\" \/>\n\t\t<meta property=\"article:modified_time\" content=\"2025-11-18T09:29:39+00:00\" \/>\n\t\t<meta name=\"twitter:card\" content=\"summary_large_image\" \/>\n\t\t<meta name=\"twitter:title\" content=\"Narodowe Czytanie \u201eNad Niemnem\u201d Elizy Orzeszkowej\" \/>\n\t\t<meta name=\"twitter:description\" content=\"Tak jak ka\u017cdego roku \u015brodowisko bibliotekarzy zorganizowa\u0142o barwny przemarsz przez miasto i czytanie fragment\u00f3w powie\u015bci Elizy Orzeszkowej w rynku pod pomnikiem \u015bw. Floriana. Udzia\u0142 wzi\u0119\u0142y wszystkie szko\u0142y z terenu miasta:Szko\u0142a Podstawowa nr 1 im. Janusza Korczaka w Wieruszowie - wraz z oddzia\u0142em przedszkolnymSzko\u0142a Podstawowa nr 2 im. Marsza\u0142ka J\u00f3zefa Pi\u0142sudskiego w WieruszowieSzko\u0142a Podstawowa nr3 im.\" \/>\n\t\t<meta name=\"twitter:image\" content=\"https:\/\/filiawieruszow.bpsieradz.pl\/wp-content\/uploads\/2025\/02\/CRE_lodzkie.jpg\" \/>\n\t\t<script type=\"application\/ld+json\" class=\"aioseo-schema\">\n\t\t\t{\"@context\":\"https:\\\/\\\/schema.org\",\"@graph\":[{\"@type\":\"BlogPosting\",\"@id\":\"https:\\\/\\\/filiawieruszow.bpsieradz.pl\\\/index.php\\\/2023\\\/09\\\/11\\\/narodowe-czytanie-nad-niemnem-elizy-orzeszkowej\\\/#blogposting\",\"name\":\"Narodowe Czytanie \\u201eNad Niemnem\\u201d Elizy Orzeszkowej\",\"headline\":\"Narodowe Czytanie &#8222;Nad Niemnem&#8221; Elizy Orzeszkowej\",\"author\":{\"@id\":\"https:\\\/\\\/filiawieruszow.bpsieradz.pl\\\/index.php\\\/author\\\/admin\\\/#author\"},\"publisher\":{\"@id\":\"https:\\\/\\\/filiawieruszow.bpsieradz.pl\\\/#organization\"},\"image\":{\"@type\":\"ImageObject\",\"url\":\"https:\\\/\\\/filiawieruszow.bpsieradz.pl\\\/wp-content\\\/uploads\\\/2023\\\/09\\\/Narodowe_Czytanie_01.jpg\",\"width\":750,\"height\":422,\"caption\":\"Narodowe Czytanie\"},\"datePublished\":\"2023-09-11T11:44:11+00:00\",\"dateModified\":\"2025-11-18T09:29:39+00:00\",\"inLanguage\":\"pl-PL\",\"mainEntityOfPage\":{\"@id\":\"https:\\\/\\\/filiawieruszow.bpsieradz.pl\\\/index.php\\\/2023\\\/09\\\/11\\\/narodowe-czytanie-nad-niemnem-elizy-orzeszkowej\\\/#webpage\"},\"isPartOf\":{\"@id\":\"https:\\\/\\\/filiawieruszow.bpsieradz.pl\\\/index.php\\\/2023\\\/09\\\/11\\\/narodowe-czytanie-nad-niemnem-elizy-orzeszkowej\\\/#webpage\"},\"articleSection\":\"Aktualno\\u015bci\"},{\"@type\":\"BreadcrumbList\",\"@id\":\"https:\\\/\\\/filiawieruszow.bpsieradz.pl\\\/index.php\\\/2023\\\/09\\\/11\\\/narodowe-czytanie-nad-niemnem-elizy-orzeszkowej\\\/#breadcrumblist\",\"itemListElement\":[{\"@type\":\"ListItem\",\"@id\":\"https:\\\/\\\/filiawieruszow.bpsieradz.pl#listItem\",\"position\":1,\"name\":\"Home\",\"item\":\"https:\\\/\\\/filiawieruszow.bpsieradz.pl\",\"nextItem\":{\"@type\":\"ListItem\",\"@id\":\"https:\\\/\\\/filiawieruszow.bpsieradz.pl\\\/index.php\\\/category\\\/aktualnosci\\\/#listItem\",\"name\":\"Aktualno\\u015bci\"}},{\"@type\":\"ListItem\",\"@id\":\"https:\\\/\\\/filiawieruszow.bpsieradz.pl\\\/index.php\\\/category\\\/aktualnosci\\\/#listItem\",\"position\":2,\"name\":\"Aktualno\\u015bci\",\"item\":\"https:\\\/\\\/filiawieruszow.bpsieradz.pl\\\/index.php\\\/category\\\/aktualnosci\\\/\",\"nextItem\":{\"@type\":\"ListItem\",\"@id\":\"https:\\\/\\\/filiawieruszow.bpsieradz.pl\\\/index.php\\\/2023\\\/09\\\/11\\\/narodowe-czytanie-nad-niemnem-elizy-orzeszkowej\\\/#listItem\",\"name\":\"Narodowe Czytanie &#8222;Nad Niemnem&#8221; Elizy Orzeszkowej\"},\"previousItem\":{\"@type\":\"ListItem\",\"@id\":\"https:\\\/\\\/filiawieruszow.bpsieradz.pl#listItem\",\"name\":\"Home\"}},{\"@type\":\"ListItem\",\"@id\":\"https:\\\/\\\/filiawieruszow.bpsieradz.pl\\\/index.php\\\/2023\\\/09\\\/11\\\/narodowe-czytanie-nad-niemnem-elizy-orzeszkowej\\\/#listItem\",\"position\":3,\"name\":\"Narodowe Czytanie &#8222;Nad Niemnem&#8221; Elizy Orzeszkowej\",\"previousItem\":{\"@type\":\"ListItem\",\"@id\":\"https:\\\/\\\/filiawieruszow.bpsieradz.pl\\\/index.php\\\/category\\\/aktualnosci\\\/#listItem\",\"name\":\"Aktualno\\u015bci\"}}]},{\"@type\":\"Organization\",\"@id\":\"https:\\\/\\\/filiawieruszow.bpsieradz.pl\\\/#organization\",\"name\":\"Biblioteka Pedagogiczna w Sieradzu Filia w Wieruszowie\",\"url\":\"https:\\\/\\\/filiawieruszow.bpsieradz.pl\\\/\",\"logo\":{\"@type\":\"ImageObject\",\"url\":\"https:\\\/\\\/filiawieruszow.bpsieradz.pl\\\/wp-content\\\/uploads\\\/2025\\\/02\\\/CRE_lodzkie.jpg\",\"@id\":\"https:\\\/\\\/filiawieruszow.bpsieradz.pl\\\/index.php\\\/2023\\\/09\\\/11\\\/narodowe-czytanie-nad-niemnem-elizy-orzeszkowej\\\/#organizationLogo\",\"width\":323,\"height\":50},\"image\":{\"@id\":\"https:\\\/\\\/filiawieruszow.bpsieradz.pl\\\/index.php\\\/2023\\\/09\\\/11\\\/narodowe-czytanie-nad-niemnem-elizy-orzeszkowej\\\/#organizationLogo\"}},{\"@type\":\"Person\",\"@id\":\"https:\\\/\\\/filiawieruszow.bpsieradz.pl\\\/index.php\\\/author\\\/admin\\\/#author\",\"url\":\"https:\\\/\\\/filiawieruszow.bpsieradz.pl\\\/index.php\\\/author\\\/admin\\\/\",\"name\":\"admin\",\"image\":{\"@type\":\"ImageObject\",\"@id\":\"https:\\\/\\\/filiawieruszow.bpsieradz.pl\\\/index.php\\\/2023\\\/09\\\/11\\\/narodowe-czytanie-nad-niemnem-elizy-orzeszkowej\\\/#authorImage\",\"url\":\"https:\\\/\\\/secure.gravatar.com\\\/avatar\\\/7c9baecea61c950fa0ace417ade1d91ec20251533a476dc4eb52114bf5576b3a?s=96&d=mm&r=g\",\"width\":96,\"height\":96,\"caption\":\"admin\"}},{\"@type\":\"WebPage\",\"@id\":\"https:\\\/\\\/filiawieruszow.bpsieradz.pl\\\/index.php\\\/2023\\\/09\\\/11\\\/narodowe-czytanie-nad-niemnem-elizy-orzeszkowej\\\/#webpage\",\"url\":\"https:\\\/\\\/filiawieruszow.bpsieradz.pl\\\/index.php\\\/2023\\\/09\\\/11\\\/narodowe-czytanie-nad-niemnem-elizy-orzeszkowej\\\/\",\"name\":\"Narodowe Czytanie \\u201eNad Niemnem\\u201d Elizy Orzeszkowej\",\"description\":\"Tak jak ka\\u017cdego roku \\u015brodowisko bibliotekarzy zorganizowa\\u0142o barwny przemarsz przez miasto i czytanie fragment\\u00f3w powie\\u015bci Elizy Orzeszkowej w rynku pod pomnikiem \\u015bw. Floriana. Udzia\\u0142 wzi\\u0119\\u0142y wszystkie szko\\u0142y z terenu miasta:Szko\\u0142a Podstawowa nr 1 im. Janusza Korczaka w Wieruszowie - wraz z oddzia\\u0142em przedszkolnymSzko\\u0142a Podstawowa nr 2 im. Marsza\\u0142ka J\\u00f3zefa Pi\\u0142sudskiego w WieruszowieSzko\\u0142a Podstawowa nr3 im.\",\"inLanguage\":\"pl-PL\",\"isPartOf\":{\"@id\":\"https:\\\/\\\/filiawieruszow.bpsieradz.pl\\\/#website\"},\"breadcrumb\":{\"@id\":\"https:\\\/\\\/filiawieruszow.bpsieradz.pl\\\/index.php\\\/2023\\\/09\\\/11\\\/narodowe-czytanie-nad-niemnem-elizy-orzeszkowej\\\/#breadcrumblist\"},\"author\":{\"@id\":\"https:\\\/\\\/filiawieruszow.bpsieradz.pl\\\/index.php\\\/author\\\/admin\\\/#author\"},\"creator\":{\"@id\":\"https:\\\/\\\/filiawieruszow.bpsieradz.pl\\\/index.php\\\/author\\\/admin\\\/#author\"},\"image\":{\"@type\":\"ImageObject\",\"url\":\"https:\\\/\\\/filiawieruszow.bpsieradz.pl\\\/wp-content\\\/uploads\\\/2023\\\/09\\\/Narodowe_Czytanie_01.jpg\",\"@id\":\"https:\\\/\\\/filiawieruszow.bpsieradz.pl\\\/index.php\\\/2023\\\/09\\\/11\\\/narodowe-czytanie-nad-niemnem-elizy-orzeszkowej\\\/#mainImage\",\"width\":750,\"height\":422,\"caption\":\"Narodowe Czytanie\"},\"primaryImageOfPage\":{\"@id\":\"https:\\\/\\\/filiawieruszow.bpsieradz.pl\\\/index.php\\\/2023\\\/09\\\/11\\\/narodowe-czytanie-nad-niemnem-elizy-orzeszkowej\\\/#mainImage\"},\"datePublished\":\"2023-09-11T11:44:11+00:00\",\"dateModified\":\"2025-11-18T09:29:39+00:00\"},{\"@type\":\"WebSite\",\"@id\":\"https:\\\/\\\/filiawieruszow.bpsieradz.pl\\\/#website\",\"url\":\"https:\\\/\\\/filiawieruszow.bpsieradz.pl\\\/\",\"name\":\"Biblioteka Pedagogiczna w Sieradzu Filia w Wieruszowie\",\"inLanguage\":\"pl-PL\",\"publisher\":{\"@id\":\"https:\\\/\\\/filiawieruszow.bpsieradz.pl\\\/#organization\"}}]}\n\t\t<\/script>\n\t\t<!-- All in One SEO -->\n\n","aioseo_head_json":{"title":"Narodowe Czytanie \u201eNad Niemnem\u201d Elizy Orzeszkowej","description":"Tak jak ka\u017cdego roku \u015brodowisko bibliotekarzy zorganizowa\u0142o barwny przemarsz przez miasto i czytanie fragment\u00f3w powie\u015bci Elizy Orzeszkowej w rynku pod pomnikiem \u015bw. Floriana. Udzia\u0142 wzi\u0119\u0142y wszystkie szko\u0142y z terenu miasta:Szko\u0142a Podstawowa nr 1 im. Janusza Korczaka w Wieruszowie - wraz z oddzia\u0142em przedszkolnymSzko\u0142a Podstawowa nr 2 im. Marsza\u0142ka J\u00f3zefa Pi\u0142sudskiego w WieruszowieSzko\u0142a Podstawowa nr3 im.","canonical_url":"https:\/\/filiawieruszow.bpsieradz.pl\/index.php\/2023\/09\/11\/narodowe-czytanie-nad-niemnem-elizy-orzeszkowej\/","robots":"max-image-preview:large","keywords":"","webmasterTools":{"miscellaneous":""},"schema":{"@context":"https:\/\/schema.org","@graph":[{"@type":"BlogPosting","@id":"https:\/\/filiawieruszow.bpsieradz.pl\/index.php\/2023\/09\/11\/narodowe-czytanie-nad-niemnem-elizy-orzeszkowej\/#blogposting","name":"Narodowe Czytanie \u201eNad Niemnem\u201d Elizy Orzeszkowej","headline":"Narodowe Czytanie &#8222;Nad Niemnem&#8221; Elizy Orzeszkowej","author":{"@id":"https:\/\/filiawieruszow.bpsieradz.pl\/index.php\/author\/admin\/#author"},"publisher":{"@id":"https:\/\/filiawieruszow.bpsieradz.pl\/#organization"},"image":{"@type":"ImageObject","url":"https:\/\/filiawieruszow.bpsieradz.pl\/wp-content\/uploads\/2023\/09\/Narodowe_Czytanie_01.jpg","width":750,"height":422,"caption":"Narodowe Czytanie"},"datePublished":"2023-09-11T11:44:11+00:00","dateModified":"2025-11-18T09:29:39+00:00","inLanguage":"pl-PL","mainEntityOfPage":{"@id":"https:\/\/filiawieruszow.bpsieradz.pl\/index.php\/2023\/09\/11\/narodowe-czytanie-nad-niemnem-elizy-orzeszkowej\/#webpage"},"isPartOf":{"@id":"https:\/\/filiawieruszow.bpsieradz.pl\/index.php\/2023\/09\/11\/narodowe-czytanie-nad-niemnem-elizy-orzeszkowej\/#webpage"},"articleSection":"Aktualno\u015bci"},{"@type":"BreadcrumbList","@id":"https:\/\/filiawieruszow.bpsieradz.pl\/index.php\/2023\/09\/11\/narodowe-czytanie-nad-niemnem-elizy-orzeszkowej\/#breadcrumblist","itemListElement":[{"@type":"ListItem","@id":"https:\/\/filiawieruszow.bpsieradz.pl#listItem","position":1,"name":"Home","item":"https:\/\/filiawieruszow.bpsieradz.pl","nextItem":{"@type":"ListItem","@id":"https:\/\/filiawieruszow.bpsieradz.pl\/index.php\/category\/aktualnosci\/#listItem","name":"Aktualno\u015bci"}},{"@type":"ListItem","@id":"https:\/\/filiawieruszow.bpsieradz.pl\/index.php\/category\/aktualnosci\/#listItem","position":2,"name":"Aktualno\u015bci","item":"https:\/\/filiawieruszow.bpsieradz.pl\/index.php\/category\/aktualnosci\/","nextItem":{"@type":"ListItem","@id":"https:\/\/filiawieruszow.bpsieradz.pl\/index.php\/2023\/09\/11\/narodowe-czytanie-nad-niemnem-elizy-orzeszkowej\/#listItem","name":"Narodowe Czytanie &#8222;Nad Niemnem&#8221; Elizy Orzeszkowej"},"previousItem":{"@type":"ListItem","@id":"https:\/\/filiawieruszow.bpsieradz.pl#listItem","name":"Home"}},{"@type":"ListItem","@id":"https:\/\/filiawieruszow.bpsieradz.pl\/index.php\/2023\/09\/11\/narodowe-czytanie-nad-niemnem-elizy-orzeszkowej\/#listItem","position":3,"name":"Narodowe Czytanie &#8222;Nad Niemnem&#8221; Elizy Orzeszkowej","previousItem":{"@type":"ListItem","@id":"https:\/\/filiawieruszow.bpsieradz.pl\/index.php\/category\/aktualnosci\/#listItem","name":"Aktualno\u015bci"}}]},{"@type":"Organization","@id":"https:\/\/filiawieruszow.bpsieradz.pl\/#organization","name":"Biblioteka Pedagogiczna w Sieradzu Filia w Wieruszowie","url":"https:\/\/filiawieruszow.bpsieradz.pl\/","logo":{"@type":"ImageObject","url":"https:\/\/filiawieruszow.bpsieradz.pl\/wp-content\/uploads\/2025\/02\/CRE_lodzkie.jpg","@id":"https:\/\/filiawieruszow.bpsieradz.pl\/index.php\/2023\/09\/11\/narodowe-czytanie-nad-niemnem-elizy-orzeszkowej\/#organizationLogo","width":323,"height":50},"image":{"@id":"https:\/\/filiawieruszow.bpsieradz.pl\/index.php\/2023\/09\/11\/narodowe-czytanie-nad-niemnem-elizy-orzeszkowej\/#organizationLogo"}},{"@type":"Person","@id":"https:\/\/filiawieruszow.bpsieradz.pl\/index.php\/author\/admin\/#author","url":"https:\/\/filiawieruszow.bpsieradz.pl\/index.php\/author\/admin\/","name":"admin","image":{"@type":"ImageObject","@id":"https:\/\/filiawieruszow.bpsieradz.pl\/index.php\/2023\/09\/11\/narodowe-czytanie-nad-niemnem-elizy-orzeszkowej\/#authorImage","url":"https:\/\/secure.gravatar.com\/avatar\/7c9baecea61c950fa0ace417ade1d91ec20251533a476dc4eb52114bf5576b3a?s=96&d=mm&r=g","width":96,"height":96,"caption":"admin"}},{"@type":"WebPage","@id":"https:\/\/filiawieruszow.bpsieradz.pl\/index.php\/2023\/09\/11\/narodowe-czytanie-nad-niemnem-elizy-orzeszkowej\/#webpage","url":"https:\/\/filiawieruszow.bpsieradz.pl\/index.php\/2023\/09\/11\/narodowe-czytanie-nad-niemnem-elizy-orzeszkowej\/","name":"Narodowe Czytanie \u201eNad Niemnem\u201d Elizy Orzeszkowej","description":"Tak jak ka\u017cdego roku \u015brodowisko bibliotekarzy zorganizowa\u0142o barwny przemarsz przez miasto i czytanie fragment\u00f3w powie\u015bci Elizy Orzeszkowej w rynku pod pomnikiem \u015bw. Floriana. Udzia\u0142 wzi\u0119\u0142y wszystkie szko\u0142y z terenu miasta:Szko\u0142a Podstawowa nr 1 im. Janusza Korczaka w Wieruszowie - wraz z oddzia\u0142em przedszkolnymSzko\u0142a Podstawowa nr 2 im. Marsza\u0142ka J\u00f3zefa Pi\u0142sudskiego w WieruszowieSzko\u0142a Podstawowa nr3 im.","inLanguage":"pl-PL","isPartOf":{"@id":"https:\/\/filiawieruszow.bpsieradz.pl\/#website"},"breadcrumb":{"@id":"https:\/\/filiawieruszow.bpsieradz.pl\/index.php\/2023\/09\/11\/narodowe-czytanie-nad-niemnem-elizy-orzeszkowej\/#breadcrumblist"},"author":{"@id":"https:\/\/filiawieruszow.bpsieradz.pl\/index.php\/author\/admin\/#author"},"creator":{"@id":"https:\/\/filiawieruszow.bpsieradz.pl\/index.php\/author\/admin\/#author"},"image":{"@type":"ImageObject","url":"https:\/\/filiawieruszow.bpsieradz.pl\/wp-content\/uploads\/2023\/09\/Narodowe_Czytanie_01.jpg","@id":"https:\/\/filiawieruszow.bpsieradz.pl\/index.php\/2023\/09\/11\/narodowe-czytanie-nad-niemnem-elizy-orzeszkowej\/#mainImage","width":750,"height":422,"caption":"Narodowe Czytanie"},"primaryImageOfPage":{"@id":"https:\/\/filiawieruszow.bpsieradz.pl\/index.php\/2023\/09\/11\/narodowe-czytanie-nad-niemnem-elizy-orzeszkowej\/#mainImage"},"datePublished":"2023-09-11T11:44:11+00:00","dateModified":"2025-11-18T09:29:39+00:00"},{"@type":"WebSite","@id":"https:\/\/filiawieruszow.bpsieradz.pl\/#website","url":"https:\/\/filiawieruszow.bpsieradz.pl\/","name":"Biblioteka Pedagogiczna w Sieradzu Filia w Wieruszowie","inLanguage":"pl-PL","publisher":{"@id":"https:\/\/filiawieruszow.bpsieradz.pl\/#organization"}}]},"og:locale":"pl_PL","og:site_name":"Biblioteka Pedagogiczna w Sieradzu Filia w Wieruszowie -","og:type":"article","og:title":"Narodowe Czytanie \u201eNad Niemnem\u201d Elizy Orzeszkowej","og:description":"Tak jak ka\u017cdego roku \u015brodowisko bibliotekarzy zorganizowa\u0142o barwny przemarsz przez miasto i czytanie fragment\u00f3w powie\u015bci Elizy Orzeszkowej w rynku pod pomnikiem \u015bw. Floriana. Udzia\u0142 wzi\u0119\u0142y wszystkie szko\u0142y z terenu miasta:Szko\u0142a Podstawowa nr 1 im. Janusza Korczaka w Wieruszowie - wraz z oddzia\u0142em przedszkolnymSzko\u0142a Podstawowa nr 2 im. Marsza\u0142ka J\u00f3zefa Pi\u0142sudskiego w WieruszowieSzko\u0142a Podstawowa nr3 im.","og:url":"https:\/\/filiawieruszow.bpsieradz.pl\/index.php\/2023\/09\/11\/narodowe-czytanie-nad-niemnem-elizy-orzeszkowej\/","og:image":"https:\/\/filiawieruszow.bpsieradz.pl\/wp-content\/uploads\/2025\/02\/CRE_lodzkie.jpg","og:image:secure_url":"https:\/\/filiawieruszow.bpsieradz.pl\/wp-content\/uploads\/2025\/02\/CRE_lodzkie.jpg","article:published_time":"2023-09-11T11:44:11+00:00","article:modified_time":"2025-11-18T09:29:39+00:00","twitter:card":"summary_large_image","twitter:title":"Narodowe Czytanie \u201eNad Niemnem\u201d Elizy Orzeszkowej","twitter:description":"Tak jak ka\u017cdego roku \u015brodowisko bibliotekarzy zorganizowa\u0142o barwny przemarsz przez miasto i czytanie fragment\u00f3w powie\u015bci Elizy Orzeszkowej w rynku pod pomnikiem \u015bw. Floriana. Udzia\u0142 wzi\u0119\u0142y wszystkie szko\u0142y z terenu miasta:Szko\u0142a Podstawowa nr 1 im. Janusza Korczaka w Wieruszowie - wraz z oddzia\u0142em przedszkolnymSzko\u0142a Podstawowa nr 2 im. Marsza\u0142ka J\u00f3zefa Pi\u0142sudskiego w WieruszowieSzko\u0142a Podstawowa nr3 im.","twitter:image":"https:\/\/filiawieruszow.bpsieradz.pl\/wp-content\/uploads\/2025\/02\/CRE_lodzkie.jpg"},"aioseo_meta_data":{"post_id":"3730","title":"#post_title","description":null,"keywords":null,"keyphrases":{"focus":{"keyphrase":"","score":0,"analysis":{"keyphraseInTitle":{"score":0,"maxScore":9,"error":1}}},"additional":[]},"primary_term":null,"canonical_url":null,"og_title":null,"og_description":null,"og_object_type":"default","og_image_type":"default","og_image_url":null,"og_image_width":null,"og_image_height":null,"og_image_custom_url":null,"og_image_custom_fields":null,"og_video":"","og_custom_url":null,"og_article_section":null,"og_article_tags":null,"twitter_use_og":false,"twitter_card":"default","twitter_image_type":"default","twitter_image_url":null,"twitter_image_custom_url":null,"twitter_image_custom_fields":null,"twitter_title":null,"twitter_description":null,"schema":{"blockGraphs":[],"customGraphs":[],"default":{"data":{"Article":[],"Course":[],"Dataset":[],"FAQPage":[],"Movie":[],"Person":[],"Product":[],"ProductReview":[],"Car":[],"Recipe":[],"Service":[],"SoftwareApplication":[],"WebPage":[]},"graphName":"BlogPosting","isEnabled":true},"graphs":[]},"schema_type":"default","schema_type_options":null,"pillar_content":false,"robots_default":true,"robots_noindex":false,"robots_noarchive":false,"robots_nosnippet":false,"robots_nofollow":false,"robots_noimageindex":false,"robots_noodp":false,"robots_notranslate":false,"robots_max_snippet":"-1","robots_max_videopreview":"-1","robots_max_imagepreview":"large","priority":null,"frequency":"default","local_seo":null,"breadcrumb_settings":null,"limit_modified_date":false,"ai":{"faqs":[],"keyPoints":[],"titles":[],"descriptions":[],"socialPosts":{"email":[],"linkedin":[],"twitter":[],"facebook":[],"instagram":[]}},"created":"2025-11-14 10:13:02","updated":"2025-11-18 09:42:26","seo_analyzer_scan_date":null},"aioseo_breadcrumb":"<div class=\"aioseo-breadcrumbs\"><span class=\"aioseo-breadcrumb\">\n\t\t\t<a href=\"https:\/\/filiawieruszow.bpsieradz.pl\" title=\"Home\">Home<\/a>\n\t\t<\/span><span class=\"aioseo-breadcrumb-separator\">&raquo;<\/span><span class=\"aioseo-breadcrumb\">\n\t\t\t<a href=\"https:\/\/filiawieruszow.bpsieradz.pl\/index.php\/category\/aktualnosci\/\" title=\"Aktualno\u015bci\">Aktualno\u015bci<\/a>\n\t\t<\/span><span class=\"aioseo-breadcrumb-separator\">&raquo;<\/span><span class=\"aioseo-breadcrumb\">\n\t\t\tNarodowe Czytanie \u201eNad Niemnem\u201d Elizy Orzeszkowej\n\t\t<\/span><\/div>","aioseo_breadcrumb_json":[{"label":"Home","link":"https:\/\/filiawieruszow.bpsieradz.pl"},{"label":"Aktualno\u015bci","link":"https:\/\/filiawieruszow.bpsieradz.pl\/index.php\/category\/aktualnosci\/"},{"label":"Narodowe Czytanie &#8222;Nad Niemnem&#8221; Elizy Orzeszkowej","link":"https:\/\/filiawieruszow.bpsieradz.pl\/index.php\/2023\/09\/11\/narodowe-czytanie-nad-niemnem-elizy-orzeszkowej\/"}],"rttpg_featured_image_url":{"full":["https:\/\/filiawieruszow.bpsieradz.pl\/wp-content\/uploads\/2023\/09\/Narodowe_Czytanie_01.jpg",750,422,false],"landscape":["https:\/\/filiawieruszow.bpsieradz.pl\/wp-content\/uploads\/2023\/09\/Narodowe_Czytanie_01.jpg",750,422,false],"portraits":["https:\/\/filiawieruszow.bpsieradz.pl\/wp-content\/uploads\/2023\/09\/Narodowe_Czytanie_01.jpg",750,422,false],"thumbnail":["https:\/\/filiawieruszow.bpsieradz.pl\/wp-content\/uploads\/2023\/09\/Narodowe_Czytanie_01-150x150.jpg",150,150,true],"medium":["https:\/\/filiawieruszow.bpsieradz.pl\/wp-content\/uploads\/2023\/09\/Narodowe_Czytanie_01-300x169.jpg",300,169,true],"large":["https:\/\/filiawieruszow.bpsieradz.pl\/wp-content\/uploads\/2023\/09\/Narodowe_Czytanie_01.jpg",750,422,false],"1536x1536":["https:\/\/filiawieruszow.bpsieradz.pl\/wp-content\/uploads\/2023\/09\/Narodowe_Czytanie_01.jpg",750,422,false],"2048x2048":["https:\/\/filiawieruszow.bpsieradz.pl\/wp-content\/uploads\/2023\/09\/Narodowe_Czytanie_01.jpg",750,422,false],"onepress-blog-small":["https:\/\/filiawieruszow.bpsieradz.pl\/wp-content\/uploads\/2023\/09\/Narodowe_Czytanie_01-300x150.jpg",300,150,true],"onepress-small":["https:\/\/filiawieruszow.bpsieradz.pl\/wp-content\/uploads\/2023\/09\/Narodowe_Czytanie_01-480x300.jpg",480,300,true],"onepress-medium":["https:\/\/filiawieruszow.bpsieradz.pl\/wp-content\/uploads\/2023\/09\/Narodowe_Czytanie_01-640x400.jpg",640,400,true]},"rttpg_author":{"display_name":"admin","author_link":"https:\/\/filiawieruszow.bpsieradz.pl\/index.php\/author\/admin\/"},"rttpg_comment":0,"rttpg_category":"<a href=\"https:\/\/filiawieruszow.bpsieradz.pl\/index.php\/category\/aktualnosci\/\" rel=\"category tag\">Aktualno\u015bci<\/a>","rttpg_excerpt":"Tak jak ka\u017cdego roku \u015brodowisko bibliotekarzy zorganizowa\u0142o barwny przemarsz przez miasto i czytanie fragment\u00f3w powie\u015bci Elizy Orzeszkowej w rynku pod pomnikiem \u015bw. Floriana. Udzia\u0142 wzi\u0119\u0142y wszystkie szko\u0142y z terenu miasta:Szko\u0142a ...","_links":{"self":[{"href":"https:\/\/filiawieruszow.bpsieradz.pl\/index.php\/wp-json\/wp\/v2\/posts\/3730","targetHints":{"allow":["GET"]}}],"collection":[{"href":"https:\/\/filiawieruszow.bpsieradz.pl\/index.php\/wp-json\/wp\/v2\/posts"}],"about":[{"href":"https:\/\/filiawieruszow.bpsieradz.pl\/index.php\/wp-json\/wp\/v2\/types\/post"}],"author":[{"embeddable":true,"href":"https:\/\/filiawieruszow.bpsieradz.pl\/index.php\/wp-json\/wp\/v2\/users\/1"}],"replies":[{"embeddable":true,"href":"https:\/\/filiawieruszow.bpsieradz.pl\/index.php\/wp-json\/wp\/v2\/comments?post=3730"}],"version-history":[{"count":1,"href":"https:\/\/filiawieruszow.bpsieradz.pl\/index.php\/wp-json\/wp\/v2\/posts\/3730\/revisions"}],"predecessor-version":[{"id":3974,"href":"https:\/\/filiawieruszow.bpsieradz.pl\/index.php\/wp-json\/wp\/v2\/posts\/3730\/revisions\/3974"}],"wp:featuredmedia":[{"embeddable":true,"href":"https:\/\/filiawieruszow.bpsieradz.pl\/index.php\/wp-json\/wp\/v2\/media\/3715"}],"wp:attachment":[{"href":"https:\/\/filiawieruszow.bpsieradz.pl\/index.php\/wp-json\/wp\/v2\/media?parent=3730"}],"wp:term":[{"taxonomy":"category","embeddable":true,"href":"https:\/\/filiawieruszow.bpsieradz.pl\/index.php\/wp-json\/wp\/v2\/categories?post=3730"},{"taxonomy":"post_tag","embeddable":true,"href":"https:\/\/filiawieruszow.bpsieradz.pl\/index.php\/wp-json\/wp\/v2\/tags?post=3730"}],"curies":[{"name":"wp","href":"https:\/\/api.w.org\/{rel}","templated":true}]}}