{"id":3714,"date":"2023-09-11T11:34:29","date_gmt":"2023-09-11T11:34:29","guid":{"rendered":"http:\/\/wieruszowfilia.bpsieradz.pl\/index.php\/2023\/09\/11\/narodowe-czytanie\/"},"modified":"2025-11-18T09:24:54","modified_gmt":"2025-11-18T09:24:54","slug":"narodowe-czytanie","status":"publish","type":"post","link":"https:\/\/filiawieruszow.bpsieradz.pl\/index.php\/2023\/09\/11\/narodowe-czytanie\/","title":{"rendered":"Narodowe Czytanie &#8211; &#8222;Nad Niemnem&#8221;"},"content":{"rendered":"\n<p class=\"has-text-align-left wp-block-paragraph\"><span style=\"color: #993300;\"> <\/span><span style=\"font-size: 12pt;\">Narodowe Czytanie nasza filia rozpocz\u0119\u0142a we wsp\u00f3\u0142pracy z <span class=\"xt0psk2\">Przedszkole Nr 1 im. Krzysztofa Bezena w Wieruszowie<\/span>. Dzieci wszystkich grup wys\u0142ucha\u0142y fragmentu powie\u015bci Elizy Orzeszkowej &#8222;Nad Niemnem&#8221; w interpretacji bibliotekarki, jej wierszowanego wst\u0119pu oraz kilku informacji o idei spotkania.<\/span><\/p>\n\n\n\nngg_shortcode_0_placeholder\n","protected":false},"excerpt":{"rendered":"<p>Narodowe Czytanie nasza filia rozpocz\u0119\u0142a we wsp\u00f3\u0142pracy z Przedszkole Nr 1 im. Krzysztofa Bezena w Wieruszowie. Dzieci wszystkich grup wys\u0142ucha\u0142y fragmentu powie\u015bci Elizy Orzeszkowej &#8222;Nad Niemnem&#8221; w interpretacji bibliotekarki, jej &#8230;<\/p>\n","protected":false},"author":1,"featured_media":3706,"comment_status":"closed","ping_status":"open","sticky":true,"template":"","format":"standard","meta":{"om_disable_all_campaigns":false,"ngg_post_thumbnail":0,"footnotes":""},"categories":[3],"tags":[],"class_list":["post-3714","post","type-post","status-publish","format-standard","has-post-thumbnail","hentry","category-aktualnosci"],"aioseo_notices":[],"aioseo_head":"\n\t\t<!-- All in One SEO 4.9.10 - aioseo.com -->\n\t<meta name=\"description\" content=\"Narodowe Czytanie nasza filia rozpocz\u0119\u0142a we wsp\u00f3\u0142pracy z Przedszkole Nr 1 im. Krzysztofa Bezena w Wieruszowie. Dzieci wszystkich grup wys\u0142ucha\u0142y fragmentu powie\u015bci Elizy Orzeszkowej &quot;Nad Niemnem&quot; w interpretacji bibliotekarki, jej wierszowanego wst\u0119pu oraz kilku informacji o idei spotkania.\" \/>\n\t<meta name=\"robots\" content=\"max-image-preview:large\" \/>\n\t<meta name=\"author\" content=\"admin\"\/>\n\t<link rel=\"canonical\" href=\"https:\/\/filiawieruszow.bpsieradz.pl\/index.php\/2023\/09\/11\/narodowe-czytanie\/\" \/>\n\t<meta name=\"generator\" content=\"All in One SEO (AIOSEO) 4.9.10\" \/>\n\t\t<meta property=\"og:locale\" content=\"pl_PL\" \/>\n\t\t<meta property=\"og:site_name\" content=\"Biblioteka Pedagogiczna w Sieradzu Filia w Wieruszowie -\" \/>\n\t\t<meta property=\"og:type\" content=\"article\" \/>\n\t\t<meta property=\"og:title\" content=\"Narodowe Czytanie \u2013 \u201eNad Niemnem\u201d\" \/>\n\t\t<meta property=\"og:description\" content=\"Narodowe Czytanie nasza filia rozpocz\u0119\u0142a we wsp\u00f3\u0142pracy z Przedszkole Nr 1 im. Krzysztofa Bezena w Wieruszowie. Dzieci wszystkich grup wys\u0142ucha\u0142y fragmentu powie\u015bci Elizy Orzeszkowej &quot;Nad Niemnem&quot; w interpretacji bibliotekarki, jej wierszowanego wst\u0119pu oraz kilku informacji o idei spotkania.\" \/>\n\t\t<meta property=\"og:url\" content=\"https:\/\/filiawieruszow.bpsieradz.pl\/index.php\/2023\/09\/11\/narodowe-czytanie\/\" \/>\n\t\t<meta property=\"og:image\" content=\"https:\/\/filiawieruszow.bpsieradz.pl\/wp-content\/uploads\/2025\/02\/CRE_lodzkie.jpg\" \/>\n\t\t<meta property=\"og:image:secure_url\" content=\"https:\/\/filiawieruszow.bpsieradz.pl\/wp-content\/uploads\/2025\/02\/CRE_lodzkie.jpg\" \/>\n\t\t<meta property=\"article:published_time\" content=\"2023-09-11T11:34:29+00:00\" \/>\n\t\t<meta property=\"article:modified_time\" content=\"2025-11-18T09:24:54+00:00\" \/>\n\t\t<meta name=\"twitter:card\" content=\"summary_large_image\" \/>\n\t\t<meta name=\"twitter:title\" content=\"Narodowe Czytanie \u2013 \u201eNad Niemnem\u201d\" \/>\n\t\t<meta name=\"twitter:description\" content=\"Narodowe Czytanie nasza filia rozpocz\u0119\u0142a we wsp\u00f3\u0142pracy z Przedszkole Nr 1 im. Krzysztofa Bezena w Wieruszowie. Dzieci wszystkich grup wys\u0142ucha\u0142y fragmentu powie\u015bci Elizy Orzeszkowej &quot;Nad Niemnem&quot; w interpretacji bibliotekarki, jej wierszowanego wst\u0119pu oraz kilku informacji o idei spotkania.\" \/>\n\t\t<meta name=\"twitter:image\" content=\"https:\/\/filiawieruszow.bpsieradz.pl\/wp-content\/uploads\/2025\/02\/CRE_lodzkie.jpg\" \/>\n\t\t<script type=\"application\/ld+json\" class=\"aioseo-schema\">\n\t\t\t{\"@context\":\"https:\\\/\\\/schema.org\",\"@graph\":[{\"@type\":\"BlogPosting\",\"@id\":\"https:\\\/\\\/filiawieruszow.bpsieradz.pl\\\/index.php\\\/2023\\\/09\\\/11\\\/narodowe-czytanie\\\/#blogposting\",\"name\":\"Narodowe Czytanie \\u2013 \\u201eNad Niemnem\\u201d\",\"headline\":\"Narodowe Czytanie &#8211; &#8222;Nad Niemnem&#8221;\",\"author\":{\"@id\":\"https:\\\/\\\/filiawieruszow.bpsieradz.pl\\\/index.php\\\/author\\\/admin\\\/#author\"},\"publisher\":{\"@id\":\"https:\\\/\\\/filiawieruszow.bpsieradz.pl\\\/#organization\"},\"image\":{\"@type\":\"ImageObject\",\"url\":\"https:\\\/\\\/filiawieruszow.bpsieradz.pl\\\/wp-content\\\/uploads\\\/2023\\\/09\\\/1.jpg\",\"width\":2048,\"height\":921,\"caption\":\"Narodowe Czytanie\"},\"datePublished\":\"2023-09-11T11:34:29+00:00\",\"dateModified\":\"2025-11-18T09:24:54+00:00\",\"inLanguage\":\"pl-PL\",\"mainEntityOfPage\":{\"@id\":\"https:\\\/\\\/filiawieruszow.bpsieradz.pl\\\/index.php\\\/2023\\\/09\\\/11\\\/narodowe-czytanie\\\/#webpage\"},\"isPartOf\":{\"@id\":\"https:\\\/\\\/filiawieruszow.bpsieradz.pl\\\/index.php\\\/2023\\\/09\\\/11\\\/narodowe-czytanie\\\/#webpage\"},\"articleSection\":\"Aktualno\\u015bci\"},{\"@type\":\"BreadcrumbList\",\"@id\":\"https:\\\/\\\/filiawieruszow.bpsieradz.pl\\\/index.php\\\/2023\\\/09\\\/11\\\/narodowe-czytanie\\\/#breadcrumblist\",\"itemListElement\":[{\"@type\":\"ListItem\",\"@id\":\"https:\\\/\\\/filiawieruszow.bpsieradz.pl#listItem\",\"position\":1,\"name\":\"Home\",\"item\":\"https:\\\/\\\/filiawieruszow.bpsieradz.pl\",\"nextItem\":{\"@type\":\"ListItem\",\"@id\":\"https:\\\/\\\/filiawieruszow.bpsieradz.pl\\\/index.php\\\/category\\\/aktualnosci\\\/#listItem\",\"name\":\"Aktualno\\u015bci\"}},{\"@type\":\"ListItem\",\"@id\":\"https:\\\/\\\/filiawieruszow.bpsieradz.pl\\\/index.php\\\/category\\\/aktualnosci\\\/#listItem\",\"position\":2,\"name\":\"Aktualno\\u015bci\",\"item\":\"https:\\\/\\\/filiawieruszow.bpsieradz.pl\\\/index.php\\\/category\\\/aktualnosci\\\/\",\"nextItem\":{\"@type\":\"ListItem\",\"@id\":\"https:\\\/\\\/filiawieruszow.bpsieradz.pl\\\/index.php\\\/2023\\\/09\\\/11\\\/narodowe-czytanie\\\/#listItem\",\"name\":\"Narodowe Czytanie &#8211; &#8222;Nad Niemnem&#8221;\"},\"previousItem\":{\"@type\":\"ListItem\",\"@id\":\"https:\\\/\\\/filiawieruszow.bpsieradz.pl#listItem\",\"name\":\"Home\"}},{\"@type\":\"ListItem\",\"@id\":\"https:\\\/\\\/filiawieruszow.bpsieradz.pl\\\/index.php\\\/2023\\\/09\\\/11\\\/narodowe-czytanie\\\/#listItem\",\"position\":3,\"name\":\"Narodowe Czytanie &#8211; &#8222;Nad Niemnem&#8221;\",\"previousItem\":{\"@type\":\"ListItem\",\"@id\":\"https:\\\/\\\/filiawieruszow.bpsieradz.pl\\\/index.php\\\/category\\\/aktualnosci\\\/#listItem\",\"name\":\"Aktualno\\u015bci\"}}]},{\"@type\":\"Organization\",\"@id\":\"https:\\\/\\\/filiawieruszow.bpsieradz.pl\\\/#organization\",\"name\":\"Biblioteka Pedagogiczna w Sieradzu Filia w Wieruszowie\",\"url\":\"https:\\\/\\\/filiawieruszow.bpsieradz.pl\\\/\",\"logo\":{\"@type\":\"ImageObject\",\"url\":\"https:\\\/\\\/filiawieruszow.bpsieradz.pl\\\/wp-content\\\/uploads\\\/2025\\\/02\\\/CRE_lodzkie.jpg\",\"@id\":\"https:\\\/\\\/filiawieruszow.bpsieradz.pl\\\/index.php\\\/2023\\\/09\\\/11\\\/narodowe-czytanie\\\/#organizationLogo\",\"width\":323,\"height\":50},\"image\":{\"@id\":\"https:\\\/\\\/filiawieruszow.bpsieradz.pl\\\/index.php\\\/2023\\\/09\\\/11\\\/narodowe-czytanie\\\/#organizationLogo\"}},{\"@type\":\"Person\",\"@id\":\"https:\\\/\\\/filiawieruszow.bpsieradz.pl\\\/index.php\\\/author\\\/admin\\\/#author\",\"url\":\"https:\\\/\\\/filiawieruszow.bpsieradz.pl\\\/index.php\\\/author\\\/admin\\\/\",\"name\":\"admin\",\"image\":{\"@type\":\"ImageObject\",\"@id\":\"https:\\\/\\\/filiawieruszow.bpsieradz.pl\\\/index.php\\\/2023\\\/09\\\/11\\\/narodowe-czytanie\\\/#authorImage\",\"url\":\"https:\\\/\\\/secure.gravatar.com\\\/avatar\\\/7c9baecea61c950fa0ace417ade1d91ec20251533a476dc4eb52114bf5576b3a?s=96&d=mm&r=g\",\"width\":96,\"height\":96,\"caption\":\"admin\"}},{\"@type\":\"WebPage\",\"@id\":\"https:\\\/\\\/filiawieruszow.bpsieradz.pl\\\/index.php\\\/2023\\\/09\\\/11\\\/narodowe-czytanie\\\/#webpage\",\"url\":\"https:\\\/\\\/filiawieruszow.bpsieradz.pl\\\/index.php\\\/2023\\\/09\\\/11\\\/narodowe-czytanie\\\/\",\"name\":\"Narodowe Czytanie \\u2013 \\u201eNad Niemnem\\u201d\",\"description\":\"Narodowe Czytanie nasza filia rozpocz\\u0119\\u0142a we wsp\\u00f3\\u0142pracy z Przedszkole Nr 1 im. Krzysztofa Bezena w Wieruszowie. Dzieci wszystkich grup wys\\u0142ucha\\u0142y fragmentu powie\\u015bci Elizy Orzeszkowej \\\"Nad Niemnem\\\" w interpretacji bibliotekarki, jej wierszowanego wst\\u0119pu oraz kilku informacji o idei spotkania.\",\"inLanguage\":\"pl-PL\",\"isPartOf\":{\"@id\":\"https:\\\/\\\/filiawieruszow.bpsieradz.pl\\\/#website\"},\"breadcrumb\":{\"@id\":\"https:\\\/\\\/filiawieruszow.bpsieradz.pl\\\/index.php\\\/2023\\\/09\\\/11\\\/narodowe-czytanie\\\/#breadcrumblist\"},\"author\":{\"@id\":\"https:\\\/\\\/filiawieruszow.bpsieradz.pl\\\/index.php\\\/author\\\/admin\\\/#author\"},\"creator\":{\"@id\":\"https:\\\/\\\/filiawieruszow.bpsieradz.pl\\\/index.php\\\/author\\\/admin\\\/#author\"},\"image\":{\"@type\":\"ImageObject\",\"url\":\"https:\\\/\\\/filiawieruszow.bpsieradz.pl\\\/wp-content\\\/uploads\\\/2023\\\/09\\\/1.jpg\",\"@id\":\"https:\\\/\\\/filiawieruszow.bpsieradz.pl\\\/index.php\\\/2023\\\/09\\\/11\\\/narodowe-czytanie\\\/#mainImage\",\"width\":2048,\"height\":921,\"caption\":\"Narodowe Czytanie\"},\"primaryImageOfPage\":{\"@id\":\"https:\\\/\\\/filiawieruszow.bpsieradz.pl\\\/index.php\\\/2023\\\/09\\\/11\\\/narodowe-czytanie\\\/#mainImage\"},\"datePublished\":\"2023-09-11T11:34:29+00:00\",\"dateModified\":\"2025-11-18T09:24:54+00:00\"},{\"@type\":\"WebSite\",\"@id\":\"https:\\\/\\\/filiawieruszow.bpsieradz.pl\\\/#website\",\"url\":\"https:\\\/\\\/filiawieruszow.bpsieradz.pl\\\/\",\"name\":\"Biblioteka Pedagogiczna w Sieradzu Filia w Wieruszowie\",\"inLanguage\":\"pl-PL\",\"publisher\":{\"@id\":\"https:\\\/\\\/filiawieruszow.bpsieradz.pl\\\/#organization\"}}]}\n\t\t<\/script>\n\t\t<!-- All in One SEO -->\n\n","aioseo_head_json":{"title":"Narodowe Czytanie \u2013 \u201eNad Niemnem\u201d","description":"Narodowe Czytanie nasza filia rozpocz\u0119\u0142a we wsp\u00f3\u0142pracy z Przedszkole Nr 1 im. Krzysztofa Bezena w Wieruszowie. Dzieci wszystkich grup wys\u0142ucha\u0142y fragmentu powie\u015bci Elizy Orzeszkowej \"Nad Niemnem\" w interpretacji bibliotekarki, jej wierszowanego wst\u0119pu oraz kilku informacji o idei spotkania.","canonical_url":"https:\/\/filiawieruszow.bpsieradz.pl\/index.php\/2023\/09\/11\/narodowe-czytanie\/","robots":"max-image-preview:large","keywords":"","webmasterTools":{"miscellaneous":""},"schema":{"@context":"https:\/\/schema.org","@graph":[{"@type":"BlogPosting","@id":"https:\/\/filiawieruszow.bpsieradz.pl\/index.php\/2023\/09\/11\/narodowe-czytanie\/#blogposting","name":"Narodowe Czytanie \u2013 \u201eNad Niemnem\u201d","headline":"Narodowe Czytanie &#8211; &#8222;Nad Niemnem&#8221;","author":{"@id":"https:\/\/filiawieruszow.bpsieradz.pl\/index.php\/author\/admin\/#author"},"publisher":{"@id":"https:\/\/filiawieruszow.bpsieradz.pl\/#organization"},"image":{"@type":"ImageObject","url":"https:\/\/filiawieruszow.bpsieradz.pl\/wp-content\/uploads\/2023\/09\/1.jpg","width":2048,"height":921,"caption":"Narodowe Czytanie"},"datePublished":"2023-09-11T11:34:29+00:00","dateModified":"2025-11-18T09:24:54+00:00","inLanguage":"pl-PL","mainEntityOfPage":{"@id":"https:\/\/filiawieruszow.bpsieradz.pl\/index.php\/2023\/09\/11\/narodowe-czytanie\/#webpage"},"isPartOf":{"@id":"https:\/\/filiawieruszow.bpsieradz.pl\/index.php\/2023\/09\/11\/narodowe-czytanie\/#webpage"},"articleSection":"Aktualno\u015bci"},{"@type":"BreadcrumbList","@id":"https:\/\/filiawieruszow.bpsieradz.pl\/index.php\/2023\/09\/11\/narodowe-czytanie\/#breadcrumblist","itemListElement":[{"@type":"ListItem","@id":"https:\/\/filiawieruszow.bpsieradz.pl#listItem","position":1,"name":"Home","item":"https:\/\/filiawieruszow.bpsieradz.pl","nextItem":{"@type":"ListItem","@id":"https:\/\/filiawieruszow.bpsieradz.pl\/index.php\/category\/aktualnosci\/#listItem","name":"Aktualno\u015bci"}},{"@type":"ListItem","@id":"https:\/\/filiawieruszow.bpsieradz.pl\/index.php\/category\/aktualnosci\/#listItem","position":2,"name":"Aktualno\u015bci","item":"https:\/\/filiawieruszow.bpsieradz.pl\/index.php\/category\/aktualnosci\/","nextItem":{"@type":"ListItem","@id":"https:\/\/filiawieruszow.bpsieradz.pl\/index.php\/2023\/09\/11\/narodowe-czytanie\/#listItem","name":"Narodowe Czytanie &#8211; &#8222;Nad Niemnem&#8221;"},"previousItem":{"@type":"ListItem","@id":"https:\/\/filiawieruszow.bpsieradz.pl#listItem","name":"Home"}},{"@type":"ListItem","@id":"https:\/\/filiawieruszow.bpsieradz.pl\/index.php\/2023\/09\/11\/narodowe-czytanie\/#listItem","position":3,"name":"Narodowe Czytanie &#8211; &#8222;Nad Niemnem&#8221;","previousItem":{"@type":"ListItem","@id":"https:\/\/filiawieruszow.bpsieradz.pl\/index.php\/category\/aktualnosci\/#listItem","name":"Aktualno\u015bci"}}]},{"@type":"Organization","@id":"https:\/\/filiawieruszow.bpsieradz.pl\/#organization","name":"Biblioteka Pedagogiczna w Sieradzu Filia w Wieruszowie","url":"https:\/\/filiawieruszow.bpsieradz.pl\/","logo":{"@type":"ImageObject","url":"https:\/\/filiawieruszow.bpsieradz.pl\/wp-content\/uploads\/2025\/02\/CRE_lodzkie.jpg","@id":"https:\/\/filiawieruszow.bpsieradz.pl\/index.php\/2023\/09\/11\/narodowe-czytanie\/#organizationLogo","width":323,"height":50},"image":{"@id":"https:\/\/filiawieruszow.bpsieradz.pl\/index.php\/2023\/09\/11\/narodowe-czytanie\/#organizationLogo"}},{"@type":"Person","@id":"https:\/\/filiawieruszow.bpsieradz.pl\/index.php\/author\/admin\/#author","url":"https:\/\/filiawieruszow.bpsieradz.pl\/index.php\/author\/admin\/","name":"admin","image":{"@type":"ImageObject","@id":"https:\/\/filiawieruszow.bpsieradz.pl\/index.php\/2023\/09\/11\/narodowe-czytanie\/#authorImage","url":"https:\/\/secure.gravatar.com\/avatar\/7c9baecea61c950fa0ace417ade1d91ec20251533a476dc4eb52114bf5576b3a?s=96&d=mm&r=g","width":96,"height":96,"caption":"admin"}},{"@type":"WebPage","@id":"https:\/\/filiawieruszow.bpsieradz.pl\/index.php\/2023\/09\/11\/narodowe-czytanie\/#webpage","url":"https:\/\/filiawieruszow.bpsieradz.pl\/index.php\/2023\/09\/11\/narodowe-czytanie\/","name":"Narodowe Czytanie \u2013 \u201eNad Niemnem\u201d","description":"Narodowe Czytanie nasza filia rozpocz\u0119\u0142a we wsp\u00f3\u0142pracy z Przedszkole Nr 1 im. Krzysztofa Bezena w Wieruszowie. Dzieci wszystkich grup wys\u0142ucha\u0142y fragmentu powie\u015bci Elizy Orzeszkowej \"Nad Niemnem\" w interpretacji bibliotekarki, jej wierszowanego wst\u0119pu oraz kilku informacji o idei spotkania.","inLanguage":"pl-PL","isPartOf":{"@id":"https:\/\/filiawieruszow.bpsieradz.pl\/#website"},"breadcrumb":{"@id":"https:\/\/filiawieruszow.bpsieradz.pl\/index.php\/2023\/09\/11\/narodowe-czytanie\/#breadcrumblist"},"author":{"@id":"https:\/\/filiawieruszow.bpsieradz.pl\/index.php\/author\/admin\/#author"},"creator":{"@id":"https:\/\/filiawieruszow.bpsieradz.pl\/index.php\/author\/admin\/#author"},"image":{"@type":"ImageObject","url":"https:\/\/filiawieruszow.bpsieradz.pl\/wp-content\/uploads\/2023\/09\/1.jpg","@id":"https:\/\/filiawieruszow.bpsieradz.pl\/index.php\/2023\/09\/11\/narodowe-czytanie\/#mainImage","width":2048,"height":921,"caption":"Narodowe Czytanie"},"primaryImageOfPage":{"@id":"https:\/\/filiawieruszow.bpsieradz.pl\/index.php\/2023\/09\/11\/narodowe-czytanie\/#mainImage"},"datePublished":"2023-09-11T11:34:29+00:00","dateModified":"2025-11-18T09:24:54+00:00"},{"@type":"WebSite","@id":"https:\/\/filiawieruszow.bpsieradz.pl\/#website","url":"https:\/\/filiawieruszow.bpsieradz.pl\/","name":"Biblioteka Pedagogiczna w Sieradzu Filia w Wieruszowie","inLanguage":"pl-PL","publisher":{"@id":"https:\/\/filiawieruszow.bpsieradz.pl\/#organization"}}]},"og:locale":"pl_PL","og:site_name":"Biblioteka Pedagogiczna w Sieradzu Filia w Wieruszowie -","og:type":"article","og:title":"Narodowe Czytanie \u2013 \u201eNad Niemnem\u201d","og:description":"Narodowe Czytanie nasza filia rozpocz\u0119\u0142a we wsp\u00f3\u0142pracy z Przedszkole Nr 1 im. Krzysztofa Bezena w Wieruszowie. Dzieci wszystkich grup wys\u0142ucha\u0142y fragmentu powie\u015bci Elizy Orzeszkowej &quot;Nad Niemnem&quot; w interpretacji bibliotekarki, jej wierszowanego wst\u0119pu oraz kilku informacji o idei spotkania.","og:url":"https:\/\/filiawieruszow.bpsieradz.pl\/index.php\/2023\/09\/11\/narodowe-czytanie\/","og:image":"https:\/\/filiawieruszow.bpsieradz.pl\/wp-content\/uploads\/2025\/02\/CRE_lodzkie.jpg","og:image:secure_url":"https:\/\/filiawieruszow.bpsieradz.pl\/wp-content\/uploads\/2025\/02\/CRE_lodzkie.jpg","article:published_time":"2023-09-11T11:34:29+00:00","article:modified_time":"2025-11-18T09:24:54+00:00","twitter:card":"summary_large_image","twitter:title":"Narodowe Czytanie \u2013 \u201eNad Niemnem\u201d","twitter:description":"Narodowe Czytanie nasza filia rozpocz\u0119\u0142a we wsp\u00f3\u0142pracy z Przedszkole Nr 1 im. Krzysztofa Bezena w Wieruszowie. Dzieci wszystkich grup wys\u0142ucha\u0142y fragmentu powie\u015bci Elizy Orzeszkowej &quot;Nad Niemnem&quot; w interpretacji bibliotekarki, jej wierszowanego wst\u0119pu oraz kilku informacji o idei spotkania.","twitter:image":"https:\/\/filiawieruszow.bpsieradz.pl\/wp-content\/uploads\/2025\/02\/CRE_lodzkie.jpg"},"aioseo_meta_data":{"post_id":"3714","title":"#post_title","description":null,"keywords":null,"keyphrases":{"focus":{"keyphrase":"","score":0,"analysis":{"keyphraseInTitle":{"score":0,"maxScore":9,"error":1}}},"additional":[]},"primary_term":null,"canonical_url":null,"og_title":null,"og_description":null,"og_object_type":"default","og_image_type":"default","og_image_url":null,"og_image_width":null,"og_image_height":null,"og_image_custom_url":null,"og_image_custom_fields":null,"og_video":"","og_custom_url":null,"og_article_section":null,"og_article_tags":null,"twitter_use_og":false,"twitter_card":"default","twitter_image_type":"default","twitter_image_url":null,"twitter_image_custom_url":null,"twitter_image_custom_fields":null,"twitter_title":null,"twitter_description":null,"schema":{"blockGraphs":[],"customGraphs":[],"default":{"data":{"Article":[],"Course":[],"Dataset":[],"FAQPage":[],"Movie":[],"Person":[],"Product":[],"ProductReview":[],"Car":[],"Recipe":[],"Service":[],"SoftwareApplication":[],"WebPage":[]},"graphName":"BlogPosting","isEnabled":true},"graphs":[]},"schema_type":"default","schema_type_options":null,"pillar_content":false,"robots_default":true,"robots_noindex":false,"robots_noarchive":false,"robots_nosnippet":false,"robots_nofollow":false,"robots_noimageindex":false,"robots_noodp":false,"robots_notranslate":false,"robots_max_snippet":"-1","robots_max_videopreview":"-1","robots_max_imagepreview":"large","priority":null,"frequency":"default","local_seo":null,"breadcrumb_settings":null,"limit_modified_date":false,"ai":{"faqs":[],"keyPoints":[],"titles":[],"descriptions":[],"socialPosts":{"email":[],"linkedin":[],"twitter":[],"facebook":[],"instagram":[]}},"created":"2025-11-14 10:13:02","updated":"2025-11-18 09:25:43","seo_analyzer_scan_date":null},"aioseo_breadcrumb":"<div class=\"aioseo-breadcrumbs\"><span class=\"aioseo-breadcrumb\">\n\t\t\t<a href=\"https:\/\/filiawieruszow.bpsieradz.pl\" title=\"Home\">Home<\/a>\n\t\t<\/span><span class=\"aioseo-breadcrumb-separator\">&raquo;<\/span><span class=\"aioseo-breadcrumb\">\n\t\t\t<a href=\"https:\/\/filiawieruszow.bpsieradz.pl\/index.php\/category\/aktualnosci\/\" title=\"Aktualno\u015bci\">Aktualno\u015bci<\/a>\n\t\t<\/span><span class=\"aioseo-breadcrumb-separator\">&raquo;<\/span><span class=\"aioseo-breadcrumb\">\n\t\t\tNarodowe Czytanie \u2013 \u201eNad Niemnem\u201d\n\t\t<\/span><\/div>","aioseo_breadcrumb_json":[{"label":"Home","link":"https:\/\/filiawieruszow.bpsieradz.pl"},{"label":"Aktualno\u015bci","link":"https:\/\/filiawieruszow.bpsieradz.pl\/index.php\/category\/aktualnosci\/"},{"label":"Narodowe Czytanie &#8211; &#8222;Nad Niemnem&#8221;","link":"https:\/\/filiawieruszow.bpsieradz.pl\/index.php\/2023\/09\/11\/narodowe-czytanie\/"}],"rttpg_featured_image_url":{"full":["https:\/\/filiawieruszow.bpsieradz.pl\/wp-content\/uploads\/2023\/09\/1.jpg",2048,921,false],"landscape":["https:\/\/filiawieruszow.bpsieradz.pl\/wp-content\/uploads\/2023\/09\/1.jpg",2048,921,false],"portraits":["https:\/\/filiawieruszow.bpsieradz.pl\/wp-content\/uploads\/2023\/09\/1.jpg",2048,921,false],"thumbnail":["https:\/\/filiawieruszow.bpsieradz.pl\/wp-content\/uploads\/2023\/09\/1-150x150.jpg",150,150,true],"medium":["https:\/\/filiawieruszow.bpsieradz.pl\/wp-content\/uploads\/2023\/09\/1-300x135.jpg",300,135,true],"large":["https:\/\/filiawieruszow.bpsieradz.pl\/wp-content\/uploads\/2023\/09\/1-1024x461.jpg",800,360,true],"1536x1536":["https:\/\/filiawieruszow.bpsieradz.pl\/wp-content\/uploads\/2023\/09\/1-1536x691.jpg",1536,691,true],"2048x2048":["https:\/\/filiawieruszow.bpsieradz.pl\/wp-content\/uploads\/2023\/09\/1.jpg",2048,921,false],"onepress-blog-small":["https:\/\/filiawieruszow.bpsieradz.pl\/wp-content\/uploads\/2023\/09\/1-300x150.jpg",300,150,true],"onepress-small":["https:\/\/filiawieruszow.bpsieradz.pl\/wp-content\/uploads\/2023\/09\/1-480x300.jpg",480,300,true],"onepress-medium":["https:\/\/filiawieruszow.bpsieradz.pl\/wp-content\/uploads\/2023\/09\/1-640x400.jpg",640,400,true]},"rttpg_author":{"display_name":"admin","author_link":"https:\/\/filiawieruszow.bpsieradz.pl\/index.php\/author\/admin\/"},"rttpg_comment":0,"rttpg_category":"<a href=\"https:\/\/filiawieruszow.bpsieradz.pl\/index.php\/category\/aktualnosci\/\" rel=\"category tag\">Aktualno\u015bci<\/a>","rttpg_excerpt":"Narodowe Czytanie nasza filia rozpocz\u0119\u0142a we wsp\u00f3\u0142pracy z Przedszkole Nr 1 im. Krzysztofa Bezena w Wieruszowie. Dzieci wszystkich grup wys\u0142ucha\u0142y fragmentu powie\u015bci Elizy Orzeszkowej &#8222;Nad Niemnem&#8221; w interpretacji bibliotekarki, jej ...","_links":{"self":[{"href":"https:\/\/filiawieruszow.bpsieradz.pl\/index.php\/wp-json\/wp\/v2\/posts\/3714","targetHints":{"allow":["GET"]}}],"collection":[{"href":"https:\/\/filiawieruszow.bpsieradz.pl\/index.php\/wp-json\/wp\/v2\/posts"}],"about":[{"href":"https:\/\/filiawieruszow.bpsieradz.pl\/index.php\/wp-json\/wp\/v2\/types\/post"}],"author":[{"embeddable":true,"href":"https:\/\/filiawieruszow.bpsieradz.pl\/index.php\/wp-json\/wp\/v2\/users\/1"}],"replies":[{"embeddable":true,"href":"https:\/\/filiawieruszow.bpsieradz.pl\/index.php\/wp-json\/wp\/v2\/comments?post=3714"}],"version-history":[{"count":1,"href":"https:\/\/filiawieruszow.bpsieradz.pl\/index.php\/wp-json\/wp\/v2\/posts\/3714\/revisions"}],"predecessor-version":[{"id":3957,"href":"https:\/\/filiawieruszow.bpsieradz.pl\/index.php\/wp-json\/wp\/v2\/posts\/3714\/revisions\/3957"}],"wp:featuredmedia":[{"embeddable":true,"href":"https:\/\/filiawieruszow.bpsieradz.pl\/index.php\/wp-json\/wp\/v2\/media\/3706"}],"wp:attachment":[{"href":"https:\/\/filiawieruszow.bpsieradz.pl\/index.php\/wp-json\/wp\/v2\/media?parent=3714"}],"wp:term":[{"taxonomy":"category","embeddable":true,"href":"https:\/\/filiawieruszow.bpsieradz.pl\/index.php\/wp-json\/wp\/v2\/categories?post=3714"},{"taxonomy":"post_tag","embeddable":true,"href":"https:\/\/filiawieruszow.bpsieradz.pl\/index.php\/wp-json\/wp\/v2\/tags?post=3714"}],"curies":[{"name":"wp","href":"https:\/\/api.w.org\/{rel}","templated":true}]}}