{"id":3688,"date":"2023-06-01T13:04:06","date_gmt":"2023-06-01T13:04:06","guid":{"rendered":"http:\/\/wieruszowfilia.bpsieradz.pl\/index.php\/2023\/06\/01\/spotkanie-sieci-wspolpracy-i-samoksztalcenia-nauczycieli-bibliotekarzy-majowy-tydzien-bibliotek\/"},"modified":"2025-11-18T09:22:04","modified_gmt":"2025-11-18T09:22:04","slug":"spotkanie-sieci-wspolpracy-i-samoksztalcenia-nauczycieli-bibliotekarzy-majowy-tydzien-bibliotek","status":"publish","type":"post","link":"https:\/\/filiawieruszow.bpsieradz.pl\/index.php\/2023\/06\/01\/spotkanie-sieci-wspolpracy-i-samoksztalcenia-nauczycieli-bibliotekarzy-majowy-tydzien-bibliotek\/","title":{"rendered":"Spotkanie sieci wsp\u00f3\u0142pracy i samokszta\u0142cenia nauczycieli bibliotekarzy"},"content":{"rendered":"\n<p class=\"has-text-align-left wp-block-paragraph\"><span style=\"font-size: 12pt;\">Majowy TYDZIE\u0143 BIBLIOTEK to czas na umocnienie roli bibliotek w \u017cyciu spo\u0142ecznym i kulturalnym podtrzymanie presti\u017cu w \u015brodowisku, wzajemna wsp\u00f3\u0142praca, kreowanie wydarze\u0144 edukacyjnych i kulturalnych. W ramach tej akcji do siedziby biblioteki zapraszamy nauczycieli bibliotekarzy szkolnych z sieci wsp\u00f3\u0142pracy i samokszta\u0142cenia dzia\u0142aj\u0105cej pod nazw\u0105: Motywowanie ucznia do czytania z wykorzystaniem jego potencja\u0142u. <\/span><\/p>\n\n\n\n<p class=\"wp-block-paragraph\"><span style=\"font-size: 12pt;\">Tym razem nasze spotkanie toczy\u0142o si\u0119 wok\u00f3\u0142 o\u017cywienia czytelnictwa w przestrzeni publicznej z okazji XX edycj\u0119 Og\u00f3lnopolskiego \u015awi\u0119ta Wolnych Ksi\u0105\u017cek przypadaj\u0105cego 15 czerwca 2023 r. Jak wykreowa\u0107 na nowo BOOKCROSSING, wydarzenie promuj\u0105ce czytelnictwo?. Jakie podejmiemy wsp\u00f3lne i samodzielne dzia\u0142ania w \u015brodowisku szkolnym, a jakie w przestrzeni publicznej, aby da\u0107 impuls do czytania spo\u0142eczno\u015bci bookcrossingowej. Pozdrawiamy wszystkich bibliotekarzy zapraszaj\u0105c do wsp\u00f3\u0142pracy w ramach sieci wsp\u00f3\u0142pracy i samokszta\u0142cenia nauczycieli bibliotekarzy<\/span><\/p>\n\n\n\nngg_shortcode_0_placeholder\n","protected":false},"excerpt":{"rendered":"<p>Majowy TYDZIE\u0143 BIBLIOTEK to czas na umocnienie roli bibliotek w \u017cyciu spo\u0142ecznym i kulturalnym podtrzymanie presti\u017cu w \u015brodowisku, wzajemna wsp\u00f3\u0142praca, kreowanie wydarze\u0144 edukacyjnych i kulturalnych. W ramach tej akcji do &#8230;<\/p>\n","protected":false},"author":1,"featured_media":3686,"comment_status":"closed","ping_status":"open","sticky":true,"template":"","format":"standard","meta":{"om_disable_all_campaigns":false,"ngg_post_thumbnail":0,"footnotes":""},"categories":[3],"tags":[],"class_list":["post-3688","post","type-post","status-publish","format-standard","has-post-thumbnail","hentry","category-aktualnosci"],"aioseo_notices":[],"aioseo_head":"\n\t\t<!-- All in One SEO 4.9.10 - aioseo.com -->\n\t<meta name=\"description\" content=\"Majowy TYDZIE\u0143 BIBLIOTEK to czas na umocnienie roli bibliotek w \u017cyciu spo\u0142ecznym i kulturalnym podtrzymanie presti\u017cu w \u015brodowisku, wzajemna wsp\u00f3\u0142praca, kreowanie wydarze\u0144 edukacyjnych i kulturalnych. W ramach tej akcji do siedziby biblioteki zapraszamy nauczycieli bibliotekarzy szkolnych z sieci wsp\u00f3\u0142pracy i samokszta\u0142cenia dzia\u0142aj\u0105cej pod nazw\u0105: Motywowanie ucznia do czytania z wykorzystaniem jego potencja\u0142u. Tym razem nasze\" \/>\n\t<meta name=\"robots\" content=\"max-image-preview:large\" \/>\n\t<meta name=\"author\" content=\"admin\"\/>\n\t<link rel=\"canonical\" href=\"https:\/\/filiawieruszow.bpsieradz.pl\/index.php\/2023\/06\/01\/spotkanie-sieci-wspolpracy-i-samoksztalcenia-nauczycieli-bibliotekarzy-majowy-tydzien-bibliotek\/\" \/>\n\t<meta name=\"generator\" content=\"All in One SEO (AIOSEO) 4.9.10\" \/>\n\t\t<meta property=\"og:locale\" content=\"pl_PL\" \/>\n\t\t<meta property=\"og:site_name\" content=\"Biblioteka Pedagogiczna w Sieradzu Filia w Wieruszowie -\" \/>\n\t\t<meta property=\"og:type\" content=\"article\" \/>\n\t\t<meta property=\"og:title\" content=\"Spotkanie sieci wsp\u00f3\u0142pracy i samokszta\u0142cenia nauczycieli bibliotekarzy\" \/>\n\t\t<meta property=\"og:description\" content=\"Majowy TYDZIE\u0143 BIBLIOTEK to czas na umocnienie roli bibliotek w \u017cyciu spo\u0142ecznym i kulturalnym podtrzymanie presti\u017cu w \u015brodowisku, wzajemna wsp\u00f3\u0142praca, kreowanie wydarze\u0144 edukacyjnych i kulturalnych. W ramach tej akcji do siedziby biblioteki zapraszamy nauczycieli bibliotekarzy szkolnych z sieci wsp\u00f3\u0142pracy i samokszta\u0142cenia dzia\u0142aj\u0105cej pod nazw\u0105: Motywowanie ucznia do czytania z wykorzystaniem jego potencja\u0142u. Tym razem nasze\" \/>\n\t\t<meta property=\"og:url\" content=\"https:\/\/filiawieruszow.bpsieradz.pl\/index.php\/2023\/06\/01\/spotkanie-sieci-wspolpracy-i-samoksztalcenia-nauczycieli-bibliotekarzy-majowy-tydzien-bibliotek\/\" \/>\n\t\t<meta property=\"og:image\" content=\"https:\/\/filiawieruszow.bpsieradz.pl\/wp-content\/uploads\/2025\/02\/CRE_lodzkie.jpg\" \/>\n\t\t<meta property=\"og:image:secure_url\" content=\"https:\/\/filiawieruszow.bpsieradz.pl\/wp-content\/uploads\/2025\/02\/CRE_lodzkie.jpg\" \/>\n\t\t<meta property=\"article:published_time\" content=\"2023-06-01T13:04:06+00:00\" \/>\n\t\t<meta property=\"article:modified_time\" content=\"2025-11-18T09:22:04+00:00\" \/>\n\t\t<meta name=\"twitter:card\" content=\"summary_large_image\" \/>\n\t\t<meta name=\"twitter:title\" content=\"Spotkanie sieci wsp\u00f3\u0142pracy i samokszta\u0142cenia nauczycieli bibliotekarzy\" \/>\n\t\t<meta name=\"twitter:description\" content=\"Majowy TYDZIE\u0143 BIBLIOTEK to czas na umocnienie roli bibliotek w \u017cyciu spo\u0142ecznym i kulturalnym podtrzymanie presti\u017cu w \u015brodowisku, wzajemna wsp\u00f3\u0142praca, kreowanie wydarze\u0144 edukacyjnych i kulturalnych. W ramach tej akcji do siedziby biblioteki zapraszamy nauczycieli bibliotekarzy szkolnych z sieci wsp\u00f3\u0142pracy i samokszta\u0142cenia dzia\u0142aj\u0105cej pod nazw\u0105: Motywowanie ucznia do czytania z wykorzystaniem jego potencja\u0142u. Tym razem nasze\" \/>\n\t\t<meta name=\"twitter:image\" content=\"https:\/\/filiawieruszow.bpsieradz.pl\/wp-content\/uploads\/2025\/02\/CRE_lodzkie.jpg\" \/>\n\t\t<script type=\"application\/ld+json\" class=\"aioseo-schema\">\n\t\t\t{\"@context\":\"https:\\\/\\\/schema.org\",\"@graph\":[{\"@type\":\"BlogPosting\",\"@id\":\"https:\\\/\\\/filiawieruszow.bpsieradz.pl\\\/index.php\\\/2023\\\/06\\\/01\\\/spotkanie-sieci-wspolpracy-i-samoksztalcenia-nauczycieli-bibliotekarzy-majowy-tydzien-bibliotek\\\/#blogposting\",\"name\":\"Spotkanie sieci wsp\\u00f3\\u0142pracy i samokszta\\u0142cenia nauczycieli bibliotekarzy\",\"headline\":\"Spotkanie sieci wsp\\u00f3\\u0142pracy i samokszta\\u0142cenia nauczycieli bibliotekarzy\",\"author\":{\"@id\":\"https:\\\/\\\/filiawieruszow.bpsieradz.pl\\\/index.php\\\/author\\\/admin\\\/#author\"},\"publisher\":{\"@id\":\"https:\\\/\\\/filiawieruszow.bpsieradz.pl\\\/#organization\"},\"image\":{\"@type\":\"ImageObject\",\"url\":\"https:\\\/\\\/filiawieruszow.bpsieradz.pl\\\/wp-content\\\/uploads\\\/2023\\\/06\\\/346030769_1196186961070600_6338201204914498300_n.jpg\",\"width\":2000,\"height\":1124,\"caption\":\"Spotkanie sieci wsp\\u00f3\\u0142pracy i samokszta\\u0142cenia nauczycieli bibliotekarzy\"},\"datePublished\":\"2023-06-01T13:04:06+00:00\",\"dateModified\":\"2025-11-18T09:22:04+00:00\",\"inLanguage\":\"pl-PL\",\"mainEntityOfPage\":{\"@id\":\"https:\\\/\\\/filiawieruszow.bpsieradz.pl\\\/index.php\\\/2023\\\/06\\\/01\\\/spotkanie-sieci-wspolpracy-i-samoksztalcenia-nauczycieli-bibliotekarzy-majowy-tydzien-bibliotek\\\/#webpage\"},\"isPartOf\":{\"@id\":\"https:\\\/\\\/filiawieruszow.bpsieradz.pl\\\/index.php\\\/2023\\\/06\\\/01\\\/spotkanie-sieci-wspolpracy-i-samoksztalcenia-nauczycieli-bibliotekarzy-majowy-tydzien-bibliotek\\\/#webpage\"},\"articleSection\":\"Aktualno\\u015bci\"},{\"@type\":\"BreadcrumbList\",\"@id\":\"https:\\\/\\\/filiawieruszow.bpsieradz.pl\\\/index.php\\\/2023\\\/06\\\/01\\\/spotkanie-sieci-wspolpracy-i-samoksztalcenia-nauczycieli-bibliotekarzy-majowy-tydzien-bibliotek\\\/#breadcrumblist\",\"itemListElement\":[{\"@type\":\"ListItem\",\"@id\":\"https:\\\/\\\/filiawieruszow.bpsieradz.pl#listItem\",\"position\":1,\"name\":\"Home\",\"item\":\"https:\\\/\\\/filiawieruszow.bpsieradz.pl\",\"nextItem\":{\"@type\":\"ListItem\",\"@id\":\"https:\\\/\\\/filiawieruszow.bpsieradz.pl\\\/index.php\\\/category\\\/aktualnosci\\\/#listItem\",\"name\":\"Aktualno\\u015bci\"}},{\"@type\":\"ListItem\",\"@id\":\"https:\\\/\\\/filiawieruszow.bpsieradz.pl\\\/index.php\\\/category\\\/aktualnosci\\\/#listItem\",\"position\":2,\"name\":\"Aktualno\\u015bci\",\"item\":\"https:\\\/\\\/filiawieruszow.bpsieradz.pl\\\/index.php\\\/category\\\/aktualnosci\\\/\",\"nextItem\":{\"@type\":\"ListItem\",\"@id\":\"https:\\\/\\\/filiawieruszow.bpsieradz.pl\\\/index.php\\\/2023\\\/06\\\/01\\\/spotkanie-sieci-wspolpracy-i-samoksztalcenia-nauczycieli-bibliotekarzy-majowy-tydzien-bibliotek\\\/#listItem\",\"name\":\"Spotkanie sieci wsp\\u00f3\\u0142pracy i samokszta\\u0142cenia nauczycieli bibliotekarzy\"},\"previousItem\":{\"@type\":\"ListItem\",\"@id\":\"https:\\\/\\\/filiawieruszow.bpsieradz.pl#listItem\",\"name\":\"Home\"}},{\"@type\":\"ListItem\",\"@id\":\"https:\\\/\\\/filiawieruszow.bpsieradz.pl\\\/index.php\\\/2023\\\/06\\\/01\\\/spotkanie-sieci-wspolpracy-i-samoksztalcenia-nauczycieli-bibliotekarzy-majowy-tydzien-bibliotek\\\/#listItem\",\"position\":3,\"name\":\"Spotkanie sieci wsp\\u00f3\\u0142pracy i samokszta\\u0142cenia nauczycieli bibliotekarzy\",\"previousItem\":{\"@type\":\"ListItem\",\"@id\":\"https:\\\/\\\/filiawieruszow.bpsieradz.pl\\\/index.php\\\/category\\\/aktualnosci\\\/#listItem\",\"name\":\"Aktualno\\u015bci\"}}]},{\"@type\":\"Organization\",\"@id\":\"https:\\\/\\\/filiawieruszow.bpsieradz.pl\\\/#organization\",\"name\":\"Biblioteka Pedagogiczna w Sieradzu Filia w Wieruszowie\",\"url\":\"https:\\\/\\\/filiawieruszow.bpsieradz.pl\\\/\",\"logo\":{\"@type\":\"ImageObject\",\"url\":\"https:\\\/\\\/filiawieruszow.bpsieradz.pl\\\/wp-content\\\/uploads\\\/2025\\\/02\\\/CRE_lodzkie.jpg\",\"@id\":\"https:\\\/\\\/filiawieruszow.bpsieradz.pl\\\/index.php\\\/2023\\\/06\\\/01\\\/spotkanie-sieci-wspolpracy-i-samoksztalcenia-nauczycieli-bibliotekarzy-majowy-tydzien-bibliotek\\\/#organizationLogo\",\"width\":323,\"height\":50},\"image\":{\"@id\":\"https:\\\/\\\/filiawieruszow.bpsieradz.pl\\\/index.php\\\/2023\\\/06\\\/01\\\/spotkanie-sieci-wspolpracy-i-samoksztalcenia-nauczycieli-bibliotekarzy-majowy-tydzien-bibliotek\\\/#organizationLogo\"}},{\"@type\":\"Person\",\"@id\":\"https:\\\/\\\/filiawieruszow.bpsieradz.pl\\\/index.php\\\/author\\\/admin\\\/#author\",\"url\":\"https:\\\/\\\/filiawieruszow.bpsieradz.pl\\\/index.php\\\/author\\\/admin\\\/\",\"name\":\"admin\",\"image\":{\"@type\":\"ImageObject\",\"@id\":\"https:\\\/\\\/filiawieruszow.bpsieradz.pl\\\/index.php\\\/2023\\\/06\\\/01\\\/spotkanie-sieci-wspolpracy-i-samoksztalcenia-nauczycieli-bibliotekarzy-majowy-tydzien-bibliotek\\\/#authorImage\",\"url\":\"https:\\\/\\\/secure.gravatar.com\\\/avatar\\\/7c9baecea61c950fa0ace417ade1d91ec20251533a476dc4eb52114bf5576b3a?s=96&d=mm&r=g\",\"width\":96,\"height\":96,\"caption\":\"admin\"}},{\"@type\":\"WebPage\",\"@id\":\"https:\\\/\\\/filiawieruszow.bpsieradz.pl\\\/index.php\\\/2023\\\/06\\\/01\\\/spotkanie-sieci-wspolpracy-i-samoksztalcenia-nauczycieli-bibliotekarzy-majowy-tydzien-bibliotek\\\/#webpage\",\"url\":\"https:\\\/\\\/filiawieruszow.bpsieradz.pl\\\/index.php\\\/2023\\\/06\\\/01\\\/spotkanie-sieci-wspolpracy-i-samoksztalcenia-nauczycieli-bibliotekarzy-majowy-tydzien-bibliotek\\\/\",\"name\":\"Spotkanie sieci wsp\\u00f3\\u0142pracy i samokszta\\u0142cenia nauczycieli bibliotekarzy\",\"description\":\"Majowy TYDZIE\\u0143 BIBLIOTEK to czas na umocnienie roli bibliotek w \\u017cyciu spo\\u0142ecznym i kulturalnym podtrzymanie presti\\u017cu w \\u015brodowisku, wzajemna wsp\\u00f3\\u0142praca, kreowanie wydarze\\u0144 edukacyjnych i kulturalnych. W ramach tej akcji do siedziby biblioteki zapraszamy nauczycieli bibliotekarzy szkolnych z sieci wsp\\u00f3\\u0142pracy i samokszta\\u0142cenia dzia\\u0142aj\\u0105cej pod nazw\\u0105: Motywowanie ucznia do czytania z wykorzystaniem jego potencja\\u0142u. Tym razem nasze\",\"inLanguage\":\"pl-PL\",\"isPartOf\":{\"@id\":\"https:\\\/\\\/filiawieruszow.bpsieradz.pl\\\/#website\"},\"breadcrumb\":{\"@id\":\"https:\\\/\\\/filiawieruszow.bpsieradz.pl\\\/index.php\\\/2023\\\/06\\\/01\\\/spotkanie-sieci-wspolpracy-i-samoksztalcenia-nauczycieli-bibliotekarzy-majowy-tydzien-bibliotek\\\/#breadcrumblist\"},\"author\":{\"@id\":\"https:\\\/\\\/filiawieruszow.bpsieradz.pl\\\/index.php\\\/author\\\/admin\\\/#author\"},\"creator\":{\"@id\":\"https:\\\/\\\/filiawieruszow.bpsieradz.pl\\\/index.php\\\/author\\\/admin\\\/#author\"},\"image\":{\"@type\":\"ImageObject\",\"url\":\"https:\\\/\\\/filiawieruszow.bpsieradz.pl\\\/wp-content\\\/uploads\\\/2023\\\/06\\\/346030769_1196186961070600_6338201204914498300_n.jpg\",\"@id\":\"https:\\\/\\\/filiawieruszow.bpsieradz.pl\\\/index.php\\\/2023\\\/06\\\/01\\\/spotkanie-sieci-wspolpracy-i-samoksztalcenia-nauczycieli-bibliotekarzy-majowy-tydzien-bibliotek\\\/#mainImage\",\"width\":2000,\"height\":1124,\"caption\":\"Spotkanie sieci wsp\\u00f3\\u0142pracy i samokszta\\u0142cenia nauczycieli bibliotekarzy\"},\"primaryImageOfPage\":{\"@id\":\"https:\\\/\\\/filiawieruszow.bpsieradz.pl\\\/index.php\\\/2023\\\/06\\\/01\\\/spotkanie-sieci-wspolpracy-i-samoksztalcenia-nauczycieli-bibliotekarzy-majowy-tydzien-bibliotek\\\/#mainImage\"},\"datePublished\":\"2023-06-01T13:04:06+00:00\",\"dateModified\":\"2025-11-18T09:22:04+00:00\"},{\"@type\":\"WebSite\",\"@id\":\"https:\\\/\\\/filiawieruszow.bpsieradz.pl\\\/#website\",\"url\":\"https:\\\/\\\/filiawieruszow.bpsieradz.pl\\\/\",\"name\":\"Biblioteka Pedagogiczna w Sieradzu Filia w Wieruszowie\",\"inLanguage\":\"pl-PL\",\"publisher\":{\"@id\":\"https:\\\/\\\/filiawieruszow.bpsieradz.pl\\\/#organization\"}}]}\n\t\t<\/script>\n\t\t<!-- All in One SEO -->\n\n","aioseo_head_json":{"title":"Spotkanie sieci wsp\u00f3\u0142pracy i samokszta\u0142cenia nauczycieli bibliotekarzy","description":"Majowy TYDZIE\u0143 BIBLIOTEK to czas na umocnienie roli bibliotek w \u017cyciu spo\u0142ecznym i kulturalnym podtrzymanie presti\u017cu w \u015brodowisku, wzajemna wsp\u00f3\u0142praca, kreowanie wydarze\u0144 edukacyjnych i kulturalnych. W ramach tej akcji do siedziby biblioteki zapraszamy nauczycieli bibliotekarzy szkolnych z sieci wsp\u00f3\u0142pracy i samokszta\u0142cenia dzia\u0142aj\u0105cej pod nazw\u0105: Motywowanie ucznia do czytania z wykorzystaniem jego potencja\u0142u. Tym razem nasze","canonical_url":"https:\/\/filiawieruszow.bpsieradz.pl\/index.php\/2023\/06\/01\/spotkanie-sieci-wspolpracy-i-samoksztalcenia-nauczycieli-bibliotekarzy-majowy-tydzien-bibliotek\/","robots":"max-image-preview:large","keywords":"","webmasterTools":{"miscellaneous":""},"schema":{"@context":"https:\/\/schema.org","@graph":[{"@type":"BlogPosting","@id":"https:\/\/filiawieruszow.bpsieradz.pl\/index.php\/2023\/06\/01\/spotkanie-sieci-wspolpracy-i-samoksztalcenia-nauczycieli-bibliotekarzy-majowy-tydzien-bibliotek\/#blogposting","name":"Spotkanie sieci wsp\u00f3\u0142pracy i samokszta\u0142cenia nauczycieli bibliotekarzy","headline":"Spotkanie sieci wsp\u00f3\u0142pracy i samokszta\u0142cenia nauczycieli bibliotekarzy","author":{"@id":"https:\/\/filiawieruszow.bpsieradz.pl\/index.php\/author\/admin\/#author"},"publisher":{"@id":"https:\/\/filiawieruszow.bpsieradz.pl\/#organization"},"image":{"@type":"ImageObject","url":"https:\/\/filiawieruszow.bpsieradz.pl\/wp-content\/uploads\/2023\/06\/346030769_1196186961070600_6338201204914498300_n.jpg","width":2000,"height":1124,"caption":"Spotkanie sieci wsp\u00f3\u0142pracy i samokszta\u0142cenia nauczycieli bibliotekarzy"},"datePublished":"2023-06-01T13:04:06+00:00","dateModified":"2025-11-18T09:22:04+00:00","inLanguage":"pl-PL","mainEntityOfPage":{"@id":"https:\/\/filiawieruszow.bpsieradz.pl\/index.php\/2023\/06\/01\/spotkanie-sieci-wspolpracy-i-samoksztalcenia-nauczycieli-bibliotekarzy-majowy-tydzien-bibliotek\/#webpage"},"isPartOf":{"@id":"https:\/\/filiawieruszow.bpsieradz.pl\/index.php\/2023\/06\/01\/spotkanie-sieci-wspolpracy-i-samoksztalcenia-nauczycieli-bibliotekarzy-majowy-tydzien-bibliotek\/#webpage"},"articleSection":"Aktualno\u015bci"},{"@type":"BreadcrumbList","@id":"https:\/\/filiawieruszow.bpsieradz.pl\/index.php\/2023\/06\/01\/spotkanie-sieci-wspolpracy-i-samoksztalcenia-nauczycieli-bibliotekarzy-majowy-tydzien-bibliotek\/#breadcrumblist","itemListElement":[{"@type":"ListItem","@id":"https:\/\/filiawieruszow.bpsieradz.pl#listItem","position":1,"name":"Home","item":"https:\/\/filiawieruszow.bpsieradz.pl","nextItem":{"@type":"ListItem","@id":"https:\/\/filiawieruszow.bpsieradz.pl\/index.php\/category\/aktualnosci\/#listItem","name":"Aktualno\u015bci"}},{"@type":"ListItem","@id":"https:\/\/filiawieruszow.bpsieradz.pl\/index.php\/category\/aktualnosci\/#listItem","position":2,"name":"Aktualno\u015bci","item":"https:\/\/filiawieruszow.bpsieradz.pl\/index.php\/category\/aktualnosci\/","nextItem":{"@type":"ListItem","@id":"https:\/\/filiawieruszow.bpsieradz.pl\/index.php\/2023\/06\/01\/spotkanie-sieci-wspolpracy-i-samoksztalcenia-nauczycieli-bibliotekarzy-majowy-tydzien-bibliotek\/#listItem","name":"Spotkanie sieci wsp\u00f3\u0142pracy i samokszta\u0142cenia nauczycieli bibliotekarzy"},"previousItem":{"@type":"ListItem","@id":"https:\/\/filiawieruszow.bpsieradz.pl#listItem","name":"Home"}},{"@type":"ListItem","@id":"https:\/\/filiawieruszow.bpsieradz.pl\/index.php\/2023\/06\/01\/spotkanie-sieci-wspolpracy-i-samoksztalcenia-nauczycieli-bibliotekarzy-majowy-tydzien-bibliotek\/#listItem","position":3,"name":"Spotkanie sieci wsp\u00f3\u0142pracy i samokszta\u0142cenia nauczycieli bibliotekarzy","previousItem":{"@type":"ListItem","@id":"https:\/\/filiawieruszow.bpsieradz.pl\/index.php\/category\/aktualnosci\/#listItem","name":"Aktualno\u015bci"}}]},{"@type":"Organization","@id":"https:\/\/filiawieruszow.bpsieradz.pl\/#organization","name":"Biblioteka Pedagogiczna w Sieradzu Filia w Wieruszowie","url":"https:\/\/filiawieruszow.bpsieradz.pl\/","logo":{"@type":"ImageObject","url":"https:\/\/filiawieruszow.bpsieradz.pl\/wp-content\/uploads\/2025\/02\/CRE_lodzkie.jpg","@id":"https:\/\/filiawieruszow.bpsieradz.pl\/index.php\/2023\/06\/01\/spotkanie-sieci-wspolpracy-i-samoksztalcenia-nauczycieli-bibliotekarzy-majowy-tydzien-bibliotek\/#organizationLogo","width":323,"height":50},"image":{"@id":"https:\/\/filiawieruszow.bpsieradz.pl\/index.php\/2023\/06\/01\/spotkanie-sieci-wspolpracy-i-samoksztalcenia-nauczycieli-bibliotekarzy-majowy-tydzien-bibliotek\/#organizationLogo"}},{"@type":"Person","@id":"https:\/\/filiawieruszow.bpsieradz.pl\/index.php\/author\/admin\/#author","url":"https:\/\/filiawieruszow.bpsieradz.pl\/index.php\/author\/admin\/","name":"admin","image":{"@type":"ImageObject","@id":"https:\/\/filiawieruszow.bpsieradz.pl\/index.php\/2023\/06\/01\/spotkanie-sieci-wspolpracy-i-samoksztalcenia-nauczycieli-bibliotekarzy-majowy-tydzien-bibliotek\/#authorImage","url":"https:\/\/secure.gravatar.com\/avatar\/7c9baecea61c950fa0ace417ade1d91ec20251533a476dc4eb52114bf5576b3a?s=96&d=mm&r=g","width":96,"height":96,"caption":"admin"}},{"@type":"WebPage","@id":"https:\/\/filiawieruszow.bpsieradz.pl\/index.php\/2023\/06\/01\/spotkanie-sieci-wspolpracy-i-samoksztalcenia-nauczycieli-bibliotekarzy-majowy-tydzien-bibliotek\/#webpage","url":"https:\/\/filiawieruszow.bpsieradz.pl\/index.php\/2023\/06\/01\/spotkanie-sieci-wspolpracy-i-samoksztalcenia-nauczycieli-bibliotekarzy-majowy-tydzien-bibliotek\/","name":"Spotkanie sieci wsp\u00f3\u0142pracy i samokszta\u0142cenia nauczycieli bibliotekarzy","description":"Majowy TYDZIE\u0143 BIBLIOTEK to czas na umocnienie roli bibliotek w \u017cyciu spo\u0142ecznym i kulturalnym podtrzymanie presti\u017cu w \u015brodowisku, wzajemna wsp\u00f3\u0142praca, kreowanie wydarze\u0144 edukacyjnych i kulturalnych. W ramach tej akcji do siedziby biblioteki zapraszamy nauczycieli bibliotekarzy szkolnych z sieci wsp\u00f3\u0142pracy i samokszta\u0142cenia dzia\u0142aj\u0105cej pod nazw\u0105: Motywowanie ucznia do czytania z wykorzystaniem jego potencja\u0142u. Tym razem nasze","inLanguage":"pl-PL","isPartOf":{"@id":"https:\/\/filiawieruszow.bpsieradz.pl\/#website"},"breadcrumb":{"@id":"https:\/\/filiawieruszow.bpsieradz.pl\/index.php\/2023\/06\/01\/spotkanie-sieci-wspolpracy-i-samoksztalcenia-nauczycieli-bibliotekarzy-majowy-tydzien-bibliotek\/#breadcrumblist"},"author":{"@id":"https:\/\/filiawieruszow.bpsieradz.pl\/index.php\/author\/admin\/#author"},"creator":{"@id":"https:\/\/filiawieruszow.bpsieradz.pl\/index.php\/author\/admin\/#author"},"image":{"@type":"ImageObject","url":"https:\/\/filiawieruszow.bpsieradz.pl\/wp-content\/uploads\/2023\/06\/346030769_1196186961070600_6338201204914498300_n.jpg","@id":"https:\/\/filiawieruszow.bpsieradz.pl\/index.php\/2023\/06\/01\/spotkanie-sieci-wspolpracy-i-samoksztalcenia-nauczycieli-bibliotekarzy-majowy-tydzien-bibliotek\/#mainImage","width":2000,"height":1124,"caption":"Spotkanie sieci wsp\u00f3\u0142pracy i samokszta\u0142cenia nauczycieli bibliotekarzy"},"primaryImageOfPage":{"@id":"https:\/\/filiawieruszow.bpsieradz.pl\/index.php\/2023\/06\/01\/spotkanie-sieci-wspolpracy-i-samoksztalcenia-nauczycieli-bibliotekarzy-majowy-tydzien-bibliotek\/#mainImage"},"datePublished":"2023-06-01T13:04:06+00:00","dateModified":"2025-11-18T09:22:04+00:00"},{"@type":"WebSite","@id":"https:\/\/filiawieruszow.bpsieradz.pl\/#website","url":"https:\/\/filiawieruszow.bpsieradz.pl\/","name":"Biblioteka Pedagogiczna w Sieradzu Filia w Wieruszowie","inLanguage":"pl-PL","publisher":{"@id":"https:\/\/filiawieruszow.bpsieradz.pl\/#organization"}}]},"og:locale":"pl_PL","og:site_name":"Biblioteka Pedagogiczna w Sieradzu Filia w Wieruszowie -","og:type":"article","og:title":"Spotkanie sieci wsp\u00f3\u0142pracy i samokszta\u0142cenia nauczycieli bibliotekarzy","og:description":"Majowy TYDZIE\u0143 BIBLIOTEK to czas na umocnienie roli bibliotek w \u017cyciu spo\u0142ecznym i kulturalnym podtrzymanie presti\u017cu w \u015brodowisku, wzajemna wsp\u00f3\u0142praca, kreowanie wydarze\u0144 edukacyjnych i kulturalnych. W ramach tej akcji do siedziby biblioteki zapraszamy nauczycieli bibliotekarzy szkolnych z sieci wsp\u00f3\u0142pracy i samokszta\u0142cenia dzia\u0142aj\u0105cej pod nazw\u0105: Motywowanie ucznia do czytania z wykorzystaniem jego potencja\u0142u. Tym razem nasze","og:url":"https:\/\/filiawieruszow.bpsieradz.pl\/index.php\/2023\/06\/01\/spotkanie-sieci-wspolpracy-i-samoksztalcenia-nauczycieli-bibliotekarzy-majowy-tydzien-bibliotek\/","og:image":"https:\/\/filiawieruszow.bpsieradz.pl\/wp-content\/uploads\/2025\/02\/CRE_lodzkie.jpg","og:image:secure_url":"https:\/\/filiawieruszow.bpsieradz.pl\/wp-content\/uploads\/2025\/02\/CRE_lodzkie.jpg","article:published_time":"2023-06-01T13:04:06+00:00","article:modified_time":"2025-11-18T09:22:04+00:00","twitter:card":"summary_large_image","twitter:title":"Spotkanie sieci wsp\u00f3\u0142pracy i samokszta\u0142cenia nauczycieli bibliotekarzy","twitter:description":"Majowy TYDZIE\u0143 BIBLIOTEK to czas na umocnienie roli bibliotek w \u017cyciu spo\u0142ecznym i kulturalnym podtrzymanie presti\u017cu w \u015brodowisku, wzajemna wsp\u00f3\u0142praca, kreowanie wydarze\u0144 edukacyjnych i kulturalnych. W ramach tej akcji do siedziby biblioteki zapraszamy nauczycieli bibliotekarzy szkolnych z sieci wsp\u00f3\u0142pracy i samokszta\u0142cenia dzia\u0142aj\u0105cej pod nazw\u0105: Motywowanie ucznia do czytania z wykorzystaniem jego potencja\u0142u. Tym razem nasze","twitter:image":"https:\/\/filiawieruszow.bpsieradz.pl\/wp-content\/uploads\/2025\/02\/CRE_lodzkie.jpg"},"aioseo_meta_data":{"post_id":"3688","title":"#post_title","description":null,"keywords":null,"keyphrases":{"focus":{"keyphrase":"","score":0,"analysis":{"keyphraseInTitle":{"score":0,"maxScore":9,"error":1}}},"additional":[]},"primary_term":null,"canonical_url":null,"og_title":null,"og_description":null,"og_object_type":"default","og_image_type":"default","og_image_url":null,"og_image_width":null,"og_image_height":null,"og_image_custom_url":null,"og_image_custom_fields":null,"og_video":"","og_custom_url":null,"og_article_section":null,"og_article_tags":null,"twitter_use_og":false,"twitter_card":"default","twitter_image_type":"default","twitter_image_url":null,"twitter_image_custom_url":null,"twitter_image_custom_fields":null,"twitter_title":null,"twitter_description":null,"schema":{"blockGraphs":[],"customGraphs":[],"default":{"data":{"Article":[],"Course":[],"Dataset":[],"FAQPage":[],"Movie":[],"Person":[],"Product":[],"ProductReview":[],"Car":[],"Recipe":[],"Service":[],"SoftwareApplication":[],"WebPage":[]},"graphName":"BlogPosting","isEnabled":true},"graphs":[]},"schema_type":"default","schema_type_options":null,"pillar_content":false,"robots_default":true,"robots_noindex":false,"robots_noarchive":false,"robots_nosnippet":false,"robots_nofollow":false,"robots_noimageindex":false,"robots_noodp":false,"robots_notranslate":false,"robots_max_snippet":"-1","robots_max_videopreview":"-1","robots_max_imagepreview":"large","priority":null,"frequency":"default","local_seo":null,"breadcrumb_settings":null,"limit_modified_date":false,"ai":{"faqs":[],"keyPoints":[],"titles":[],"descriptions":[],"socialPosts":{"email":[],"linkedin":[],"twitter":[],"facebook":[],"instagram":[]}},"created":"2025-11-14 10:13:01","updated":"2025-11-18 09:24:34","seo_analyzer_scan_date":null},"aioseo_breadcrumb":"<div class=\"aioseo-breadcrumbs\"><span class=\"aioseo-breadcrumb\">\n\t\t\t<a href=\"https:\/\/filiawieruszow.bpsieradz.pl\" title=\"Home\">Home<\/a>\n\t\t<\/span><span class=\"aioseo-breadcrumb-separator\">&raquo;<\/span><span class=\"aioseo-breadcrumb\">\n\t\t\t<a href=\"https:\/\/filiawieruszow.bpsieradz.pl\/index.php\/category\/aktualnosci\/\" title=\"Aktualno\u015bci\">Aktualno\u015bci<\/a>\n\t\t<\/span><span class=\"aioseo-breadcrumb-separator\">&raquo;<\/span><span class=\"aioseo-breadcrumb\">\n\t\t\tSpotkanie sieci wsp\u00f3\u0142pracy i samokszta\u0142cenia nauczycieli bibliotekarzy\n\t\t<\/span><\/div>","aioseo_breadcrumb_json":[{"label":"Home","link":"https:\/\/filiawieruszow.bpsieradz.pl"},{"label":"Aktualno\u015bci","link":"https:\/\/filiawieruszow.bpsieradz.pl\/index.php\/category\/aktualnosci\/"},{"label":"Spotkanie sieci wsp\u00f3\u0142pracy i samokszta\u0142cenia nauczycieli bibliotekarzy","link":"https:\/\/filiawieruszow.bpsieradz.pl\/index.php\/2023\/06\/01\/spotkanie-sieci-wspolpracy-i-samoksztalcenia-nauczycieli-bibliotekarzy-majowy-tydzien-bibliotek\/"}],"rttpg_featured_image_url":{"full":["https:\/\/filiawieruszow.bpsieradz.pl\/wp-content\/uploads\/2023\/06\/346030769_1196186961070600_6338201204914498300_n.jpg",2000,1124,false],"landscape":["https:\/\/filiawieruszow.bpsieradz.pl\/wp-content\/uploads\/2023\/06\/346030769_1196186961070600_6338201204914498300_n.jpg",2000,1124,false],"portraits":["https:\/\/filiawieruszow.bpsieradz.pl\/wp-content\/uploads\/2023\/06\/346030769_1196186961070600_6338201204914498300_n.jpg",2000,1124,false],"thumbnail":["https:\/\/filiawieruszow.bpsieradz.pl\/wp-content\/uploads\/2023\/06\/346030769_1196186961070600_6338201204914498300_n-150x150.jpg",150,150,true],"medium":["https:\/\/filiawieruszow.bpsieradz.pl\/wp-content\/uploads\/2023\/06\/346030769_1196186961070600_6338201204914498300_n-300x169.jpg",300,169,true],"large":["https:\/\/filiawieruszow.bpsieradz.pl\/wp-content\/uploads\/2023\/06\/346030769_1196186961070600_6338201204914498300_n-1024x575.jpg",800,449,true],"1536x1536":["https:\/\/filiawieruszow.bpsieradz.pl\/wp-content\/uploads\/2023\/06\/346030769_1196186961070600_6338201204914498300_n-1536x863.jpg",1536,863,true],"2048x2048":["https:\/\/filiawieruszow.bpsieradz.pl\/wp-content\/uploads\/2023\/06\/346030769_1196186961070600_6338201204914498300_n.jpg",2000,1124,false],"onepress-blog-small":["https:\/\/filiawieruszow.bpsieradz.pl\/wp-content\/uploads\/2023\/06\/346030769_1196186961070600_6338201204914498300_n-300x150.jpg",300,150,true],"onepress-small":["https:\/\/filiawieruszow.bpsieradz.pl\/wp-content\/uploads\/2023\/06\/346030769_1196186961070600_6338201204914498300_n-480x300.jpg",480,300,true],"onepress-medium":["https:\/\/filiawieruszow.bpsieradz.pl\/wp-content\/uploads\/2023\/06\/346030769_1196186961070600_6338201204914498300_n-640x400.jpg",640,400,true]},"rttpg_author":{"display_name":"admin","author_link":"https:\/\/filiawieruszow.bpsieradz.pl\/index.php\/author\/admin\/"},"rttpg_comment":0,"rttpg_category":"<a href=\"https:\/\/filiawieruszow.bpsieradz.pl\/index.php\/category\/aktualnosci\/\" rel=\"category tag\">Aktualno\u015bci<\/a>","rttpg_excerpt":"Majowy TYDZIE\u0143 BIBLIOTEK to czas na umocnienie roli bibliotek w \u017cyciu spo\u0142ecznym i kulturalnym podtrzymanie presti\u017cu w \u015brodowisku, wzajemna wsp\u00f3\u0142praca, kreowanie wydarze\u0144 edukacyjnych i kulturalnych. W ramach tej akcji do ...","_links":{"self":[{"href":"https:\/\/filiawieruszow.bpsieradz.pl\/index.php\/wp-json\/wp\/v2\/posts\/3688","targetHints":{"allow":["GET"]}}],"collection":[{"href":"https:\/\/filiawieruszow.bpsieradz.pl\/index.php\/wp-json\/wp\/v2\/posts"}],"about":[{"href":"https:\/\/filiawieruszow.bpsieradz.pl\/index.php\/wp-json\/wp\/v2\/types\/post"}],"author":[{"embeddable":true,"href":"https:\/\/filiawieruszow.bpsieradz.pl\/index.php\/wp-json\/wp\/v2\/users\/1"}],"replies":[{"embeddable":true,"href":"https:\/\/filiawieruszow.bpsieradz.pl\/index.php\/wp-json\/wp\/v2\/comments?post=3688"}],"version-history":[{"count":1,"href":"https:\/\/filiawieruszow.bpsieradz.pl\/index.php\/wp-json\/wp\/v2\/posts\/3688\/revisions"}],"predecessor-version":[{"id":3946,"href":"https:\/\/filiawieruszow.bpsieradz.pl\/index.php\/wp-json\/wp\/v2\/posts\/3688\/revisions\/3946"}],"wp:featuredmedia":[{"embeddable":true,"href":"https:\/\/filiawieruszow.bpsieradz.pl\/index.php\/wp-json\/wp\/v2\/media\/3686"}],"wp:attachment":[{"href":"https:\/\/filiawieruszow.bpsieradz.pl\/index.php\/wp-json\/wp\/v2\/media?parent=3688"}],"wp:term":[{"taxonomy":"category","embeddable":true,"href":"https:\/\/filiawieruszow.bpsieradz.pl\/index.php\/wp-json\/wp\/v2\/categories?post=3688"},{"taxonomy":"post_tag","embeddable":true,"href":"https:\/\/filiawieruszow.bpsieradz.pl\/index.php\/wp-json\/wp\/v2\/tags?post=3688"}],"curies":[{"name":"wp","href":"https:\/\/api.w.org\/{rel}","templated":true}]}}