{"id":3685,"date":"2023-05-19T08:43:27","date_gmt":"2023-05-19T08:43:27","guid":{"rendered":"http:\/\/wieruszowfilia.bpsieradz.pl\/index.php\/2023\/05\/19\/apetyt-na-zdrowie\/"},"modified":"2025-11-18T09:34:23","modified_gmt":"2025-11-18T09:34:23","slug":"apetyt-na-zdrowie","status":"publish","type":"post","link":"https:\/\/filiawieruszow.bpsieradz.pl\/index.php\/2023\/05\/19\/apetyt-na-zdrowie\/","title":{"rendered":"Apetyt na zdrowie"},"content":{"rendered":"\n<p class=\"has-text-align-left has-black-color has-text-color has-link-color wp-elements-d7fced50bd560e872def8505e7a28d9c wp-block-paragraph\"><span style=\"font-size: 12pt;\"><span style=\"color: #000000;\"><span style=\"font-size: 12pt;\">Apetyt na zdrowie &#8211; ilustracja do ksi\u0105\u017cki o zdrowym od\u017cywianiu to temat wystawy pokonkursowej, na kt\u00f3rej zaprezentowano prace 5-6 latk\u00f3w, laureat\u00f3w z przedszkoli gminy Wierusz\u00f3w. <\/span><\/span>Na wystawie otwartej w dniach Tygodnia Bibliotek (8-15 maja 2023 r.) zaprezentowano prace plastyczne przekazane do II etapu konkursowego. Wystawa ma na celu uwra\u017cliwia\u0107 dzieci na potrzeb\u0119 znajomo\u015bci zdrowych produkt\u00f3w, rozwijanie zdrowych nawyk\u00f3w i zachowa\u0144 \u017cywieniowych od najm\u0142odszych lat. <\/span><\/p>\n\n\n\n<p class=\"has-black-color has-text-color has-link-color wp-elements-649e3b0172d2f3474ce4258c96af3937 wp-block-paragraph\"><span style=\"font-size: 12pt;\">Dwuetapowy konkurs inspirowa\u0142y autorskie wiersze bibliotekarza o owocach i warzywach, a wy\u0142oniona najlepsza praca plastyczna pos\u0142u\u017cy do przygotowania ok\u0142adki do wierszy i promowania tematu w ramach realizacji oferty biblioteki. Wr\u0119czenie nagr\u00f3d konkursowych b\u0119dzie trwa\u0142o przez ca\u0142y maj, przybyli po odbi\u00f3r nagr\u00f3d ksi\u0105\u017ckowych i dyplom\u00f3w laureaci w towarzystwie swoich r\u00f3wie\u015bnik\u00f3w z grup przedszkolnych zapoznaj\u0105 si\u0119 z wystaw\u0105 pokonkursow\u0105 i wezm\u0105 udzia\u0142 w teatrzyku Kamishibai: O panach Palcach oraz Groszek. <br>Serdecznie dzi\u0119kujemy wszystkim dzieciom bior\u0105cym udzia\u0142 w konkursie, a opiekunom za zaanga\u017cowanie i wsp\u00f3\u0142prac\u0119.\u00a0<\/span><span style=\"font-size: 12pt;\"><\/span><\/p>\n\n\n\nngg_shortcode_0_placeholder\n","protected":false},"excerpt":{"rendered":"<p>Apetyt na zdrowie &#8211; ilustracja do ksi\u0105\u017cki o zdrowym od\u017cywianiu to temat wystawy pokonkursowej, na kt\u00f3rej zaprezentowano prace 5-6 latk\u00f3w, laureat\u00f3w z przedszkoli gminy Wierusz\u00f3w. Na wystawie otwartej w dniach &#8230;<\/p>\n","protected":false},"author":1,"featured_media":3684,"comment_status":"closed","ping_status":"open","sticky":true,"template":"","format":"standard","meta":{"om_disable_all_campaigns":false,"ngg_post_thumbnail":0,"footnotes":""},"categories":[3],"tags":[],"class_list":["post-3685","post","type-post","status-publish","format-standard","has-post-thumbnail","hentry","category-aktualnosci"],"aioseo_notices":[],"aioseo_head":"\n\t\t<!-- All in One SEO 4.9.10 - aioseo.com -->\n\t<meta name=\"description\" content=\"Apetyt na zdrowie - ilustracja do ksi\u0105\u017cki o zdrowym od\u017cywianiu to temat wystawy pokonkursowej, na kt\u00f3rej zaprezentowano prace 5-6 latk\u00f3w, laureat\u00f3w z przedszkoli gminy Wierusz\u00f3w. Na wystawie otwartej w dniach Tygodnia Bibliotek (8-15 maja 2023 r.) zaprezentowano prace plastyczne przekazane do II etapu konkursowego. Wystawa ma na celu uwra\u017cliwia\u0107 dzieci na potrzeb\u0119 znajomo\u015bci zdrowych produkt\u00f3w,\" \/>\n\t<meta name=\"robots\" content=\"max-image-preview:large\" \/>\n\t<meta name=\"author\" content=\"admin\"\/>\n\t<link rel=\"canonical\" href=\"https:\/\/filiawieruszow.bpsieradz.pl\/index.php\/2023\/05\/19\/apetyt-na-zdrowie\/\" \/>\n\t<meta name=\"generator\" content=\"All in One SEO (AIOSEO) 4.9.10\" \/>\n\t\t<meta property=\"og:locale\" content=\"pl_PL\" \/>\n\t\t<meta property=\"og:site_name\" content=\"Biblioteka Pedagogiczna w Sieradzu Filia w Wieruszowie -\" \/>\n\t\t<meta property=\"og:type\" content=\"article\" \/>\n\t\t<meta property=\"og:title\" content=\"Apetyt na zdrowie\" \/>\n\t\t<meta property=\"og:description\" content=\"Apetyt na zdrowie - ilustracja do ksi\u0105\u017cki o zdrowym od\u017cywianiu to temat wystawy pokonkursowej, na kt\u00f3rej zaprezentowano prace 5-6 latk\u00f3w, laureat\u00f3w z przedszkoli gminy Wierusz\u00f3w. Na wystawie otwartej w dniach Tygodnia Bibliotek (8-15 maja 2023 r.) zaprezentowano prace plastyczne przekazane do II etapu konkursowego. Wystawa ma na celu uwra\u017cliwia\u0107 dzieci na potrzeb\u0119 znajomo\u015bci zdrowych produkt\u00f3w,\" \/>\n\t\t<meta property=\"og:url\" content=\"https:\/\/filiawieruszow.bpsieradz.pl\/index.php\/2023\/05\/19\/apetyt-na-zdrowie\/\" \/>\n\t\t<meta property=\"og:image\" content=\"https:\/\/filiawieruszow.bpsieradz.pl\/wp-content\/uploads\/2025\/02\/CRE_lodzkie.jpg\" \/>\n\t\t<meta property=\"og:image:secure_url\" content=\"https:\/\/filiawieruszow.bpsieradz.pl\/wp-content\/uploads\/2025\/02\/CRE_lodzkie.jpg\" \/>\n\t\t<meta property=\"article:published_time\" content=\"2023-05-19T08:43:27+00:00\" \/>\n\t\t<meta property=\"article:modified_time\" content=\"2025-11-18T09:34:23+00:00\" \/>\n\t\t<meta name=\"twitter:card\" content=\"summary_large_image\" \/>\n\t\t<meta name=\"twitter:title\" content=\"Apetyt na zdrowie\" \/>\n\t\t<meta name=\"twitter:description\" content=\"Apetyt na zdrowie - ilustracja do ksi\u0105\u017cki o zdrowym od\u017cywianiu to temat wystawy pokonkursowej, na kt\u00f3rej zaprezentowano prace 5-6 latk\u00f3w, laureat\u00f3w z przedszkoli gminy Wierusz\u00f3w. Na wystawie otwartej w dniach Tygodnia Bibliotek (8-15 maja 2023 r.) zaprezentowano prace plastyczne przekazane do II etapu konkursowego. Wystawa ma na celu uwra\u017cliwia\u0107 dzieci na potrzeb\u0119 znajomo\u015bci zdrowych produkt\u00f3w,\" \/>\n\t\t<meta name=\"twitter:image\" content=\"https:\/\/filiawieruszow.bpsieradz.pl\/wp-content\/uploads\/2025\/02\/CRE_lodzkie.jpg\" \/>\n\t\t<script type=\"application\/ld+json\" class=\"aioseo-schema\">\n\t\t\t{\"@context\":\"https:\\\/\\\/schema.org\",\"@graph\":[{\"@type\":\"BlogPosting\",\"@id\":\"https:\\\/\\\/filiawieruszow.bpsieradz.pl\\\/index.php\\\/2023\\\/05\\\/19\\\/apetyt-na-zdrowie\\\/#blogposting\",\"name\":\"Apetyt na zdrowie\",\"headline\":\"Apetyt na zdrowie\",\"author\":{\"@id\":\"https:\\\/\\\/filiawieruszow.bpsieradz.pl\\\/index.php\\\/author\\\/admin\\\/#author\"},\"publisher\":{\"@id\":\"https:\\\/\\\/filiawieruszow.bpsieradz.pl\\\/#organization\"},\"image\":{\"@type\":\"ImageObject\",\"url\":\"https:\\\/\\\/filiawieruszow.bpsieradz.pl\\\/wp-content\\\/uploads\\\/2023\\\/05\\\/sf_6-rotated.jpg\",\"width\":563,\"height\":750,\"caption\":\"Apetyt na zdrowie\"},\"datePublished\":\"2023-05-19T08:43:27+00:00\",\"dateModified\":\"2025-11-18T09:34:23+00:00\",\"inLanguage\":\"pl-PL\",\"mainEntityOfPage\":{\"@id\":\"https:\\\/\\\/filiawieruszow.bpsieradz.pl\\\/index.php\\\/2023\\\/05\\\/19\\\/apetyt-na-zdrowie\\\/#webpage\"},\"isPartOf\":{\"@id\":\"https:\\\/\\\/filiawieruszow.bpsieradz.pl\\\/index.php\\\/2023\\\/05\\\/19\\\/apetyt-na-zdrowie\\\/#webpage\"},\"articleSection\":\"Aktualno\\u015bci\"},{\"@type\":\"BreadcrumbList\",\"@id\":\"https:\\\/\\\/filiawieruszow.bpsieradz.pl\\\/index.php\\\/2023\\\/05\\\/19\\\/apetyt-na-zdrowie\\\/#breadcrumblist\",\"itemListElement\":[{\"@type\":\"ListItem\",\"@id\":\"https:\\\/\\\/filiawieruszow.bpsieradz.pl#listItem\",\"position\":1,\"name\":\"Home\",\"item\":\"https:\\\/\\\/filiawieruszow.bpsieradz.pl\",\"nextItem\":{\"@type\":\"ListItem\",\"@id\":\"https:\\\/\\\/filiawieruszow.bpsieradz.pl\\\/index.php\\\/category\\\/aktualnosci\\\/#listItem\",\"name\":\"Aktualno\\u015bci\"}},{\"@type\":\"ListItem\",\"@id\":\"https:\\\/\\\/filiawieruszow.bpsieradz.pl\\\/index.php\\\/category\\\/aktualnosci\\\/#listItem\",\"position\":2,\"name\":\"Aktualno\\u015bci\",\"item\":\"https:\\\/\\\/filiawieruszow.bpsieradz.pl\\\/index.php\\\/category\\\/aktualnosci\\\/\",\"nextItem\":{\"@type\":\"ListItem\",\"@id\":\"https:\\\/\\\/filiawieruszow.bpsieradz.pl\\\/index.php\\\/2023\\\/05\\\/19\\\/apetyt-na-zdrowie\\\/#listItem\",\"name\":\"Apetyt na zdrowie\"},\"previousItem\":{\"@type\":\"ListItem\",\"@id\":\"https:\\\/\\\/filiawieruszow.bpsieradz.pl#listItem\",\"name\":\"Home\"}},{\"@type\":\"ListItem\",\"@id\":\"https:\\\/\\\/filiawieruszow.bpsieradz.pl\\\/index.php\\\/2023\\\/05\\\/19\\\/apetyt-na-zdrowie\\\/#listItem\",\"position\":3,\"name\":\"Apetyt na zdrowie\",\"previousItem\":{\"@type\":\"ListItem\",\"@id\":\"https:\\\/\\\/filiawieruszow.bpsieradz.pl\\\/index.php\\\/category\\\/aktualnosci\\\/#listItem\",\"name\":\"Aktualno\\u015bci\"}}]},{\"@type\":\"Organization\",\"@id\":\"https:\\\/\\\/filiawieruszow.bpsieradz.pl\\\/#organization\",\"name\":\"Biblioteka Pedagogiczna w Sieradzu Filia w Wieruszowie\",\"url\":\"https:\\\/\\\/filiawieruszow.bpsieradz.pl\\\/\",\"logo\":{\"@type\":\"ImageObject\",\"url\":\"https:\\\/\\\/filiawieruszow.bpsieradz.pl\\\/wp-content\\\/uploads\\\/2025\\\/02\\\/CRE_lodzkie.jpg\",\"@id\":\"https:\\\/\\\/filiawieruszow.bpsieradz.pl\\\/index.php\\\/2023\\\/05\\\/19\\\/apetyt-na-zdrowie\\\/#organizationLogo\",\"width\":323,\"height\":50},\"image\":{\"@id\":\"https:\\\/\\\/filiawieruszow.bpsieradz.pl\\\/index.php\\\/2023\\\/05\\\/19\\\/apetyt-na-zdrowie\\\/#organizationLogo\"}},{\"@type\":\"Person\",\"@id\":\"https:\\\/\\\/filiawieruszow.bpsieradz.pl\\\/index.php\\\/author\\\/admin\\\/#author\",\"url\":\"https:\\\/\\\/filiawieruszow.bpsieradz.pl\\\/index.php\\\/author\\\/admin\\\/\",\"name\":\"admin\",\"image\":{\"@type\":\"ImageObject\",\"@id\":\"https:\\\/\\\/filiawieruszow.bpsieradz.pl\\\/index.php\\\/2023\\\/05\\\/19\\\/apetyt-na-zdrowie\\\/#authorImage\",\"url\":\"https:\\\/\\\/secure.gravatar.com\\\/avatar\\\/7c9baecea61c950fa0ace417ade1d91ec20251533a476dc4eb52114bf5576b3a?s=96&d=mm&r=g\",\"width\":96,\"height\":96,\"caption\":\"admin\"}},{\"@type\":\"WebPage\",\"@id\":\"https:\\\/\\\/filiawieruszow.bpsieradz.pl\\\/index.php\\\/2023\\\/05\\\/19\\\/apetyt-na-zdrowie\\\/#webpage\",\"url\":\"https:\\\/\\\/filiawieruszow.bpsieradz.pl\\\/index.php\\\/2023\\\/05\\\/19\\\/apetyt-na-zdrowie\\\/\",\"name\":\"Apetyt na zdrowie\",\"description\":\"Apetyt na zdrowie - ilustracja do ksi\\u0105\\u017cki o zdrowym od\\u017cywianiu to temat wystawy pokonkursowej, na kt\\u00f3rej zaprezentowano prace 5-6 latk\\u00f3w, laureat\\u00f3w z przedszkoli gminy Wierusz\\u00f3w. Na wystawie otwartej w dniach Tygodnia Bibliotek (8-15 maja 2023 r.) zaprezentowano prace plastyczne przekazane do II etapu konkursowego. Wystawa ma na celu uwra\\u017cliwia\\u0107 dzieci na potrzeb\\u0119 znajomo\\u015bci zdrowych produkt\\u00f3w,\",\"inLanguage\":\"pl-PL\",\"isPartOf\":{\"@id\":\"https:\\\/\\\/filiawieruszow.bpsieradz.pl\\\/#website\"},\"breadcrumb\":{\"@id\":\"https:\\\/\\\/filiawieruszow.bpsieradz.pl\\\/index.php\\\/2023\\\/05\\\/19\\\/apetyt-na-zdrowie\\\/#breadcrumblist\"},\"author\":{\"@id\":\"https:\\\/\\\/filiawieruszow.bpsieradz.pl\\\/index.php\\\/author\\\/admin\\\/#author\"},\"creator\":{\"@id\":\"https:\\\/\\\/filiawieruszow.bpsieradz.pl\\\/index.php\\\/author\\\/admin\\\/#author\"},\"image\":{\"@type\":\"ImageObject\",\"url\":\"https:\\\/\\\/filiawieruszow.bpsieradz.pl\\\/wp-content\\\/uploads\\\/2023\\\/05\\\/sf_6-rotated.jpg\",\"@id\":\"https:\\\/\\\/filiawieruszow.bpsieradz.pl\\\/index.php\\\/2023\\\/05\\\/19\\\/apetyt-na-zdrowie\\\/#mainImage\",\"width\":563,\"height\":750,\"caption\":\"Apetyt na zdrowie\"},\"primaryImageOfPage\":{\"@id\":\"https:\\\/\\\/filiawieruszow.bpsieradz.pl\\\/index.php\\\/2023\\\/05\\\/19\\\/apetyt-na-zdrowie\\\/#mainImage\"},\"datePublished\":\"2023-05-19T08:43:27+00:00\",\"dateModified\":\"2025-11-18T09:34:23+00:00\"},{\"@type\":\"WebSite\",\"@id\":\"https:\\\/\\\/filiawieruszow.bpsieradz.pl\\\/#website\",\"url\":\"https:\\\/\\\/filiawieruszow.bpsieradz.pl\\\/\",\"name\":\"Biblioteka Pedagogiczna w Sieradzu Filia w Wieruszowie\",\"inLanguage\":\"pl-PL\",\"publisher\":{\"@id\":\"https:\\\/\\\/filiawieruszow.bpsieradz.pl\\\/#organization\"}}]}\n\t\t<\/script>\n\t\t<!-- All in One SEO -->\n\n","aioseo_head_json":{"title":"Apetyt na zdrowie","description":"Apetyt na zdrowie - ilustracja do ksi\u0105\u017cki o zdrowym od\u017cywianiu to temat wystawy pokonkursowej, na kt\u00f3rej zaprezentowano prace 5-6 latk\u00f3w, laureat\u00f3w z przedszkoli gminy Wierusz\u00f3w. Na wystawie otwartej w dniach Tygodnia Bibliotek (8-15 maja 2023 r.) zaprezentowano prace plastyczne przekazane do II etapu konkursowego. Wystawa ma na celu uwra\u017cliwia\u0107 dzieci na potrzeb\u0119 znajomo\u015bci zdrowych produkt\u00f3w,","canonical_url":"https:\/\/filiawieruszow.bpsieradz.pl\/index.php\/2023\/05\/19\/apetyt-na-zdrowie\/","robots":"max-image-preview:large","keywords":"","webmasterTools":{"miscellaneous":""},"schema":{"@context":"https:\/\/schema.org","@graph":[{"@type":"BlogPosting","@id":"https:\/\/filiawieruszow.bpsieradz.pl\/index.php\/2023\/05\/19\/apetyt-na-zdrowie\/#blogposting","name":"Apetyt na zdrowie","headline":"Apetyt na zdrowie","author":{"@id":"https:\/\/filiawieruszow.bpsieradz.pl\/index.php\/author\/admin\/#author"},"publisher":{"@id":"https:\/\/filiawieruszow.bpsieradz.pl\/#organization"},"image":{"@type":"ImageObject","url":"https:\/\/filiawieruszow.bpsieradz.pl\/wp-content\/uploads\/2023\/05\/sf_6-rotated.jpg","width":563,"height":750,"caption":"Apetyt na zdrowie"},"datePublished":"2023-05-19T08:43:27+00:00","dateModified":"2025-11-18T09:34:23+00:00","inLanguage":"pl-PL","mainEntityOfPage":{"@id":"https:\/\/filiawieruszow.bpsieradz.pl\/index.php\/2023\/05\/19\/apetyt-na-zdrowie\/#webpage"},"isPartOf":{"@id":"https:\/\/filiawieruszow.bpsieradz.pl\/index.php\/2023\/05\/19\/apetyt-na-zdrowie\/#webpage"},"articleSection":"Aktualno\u015bci"},{"@type":"BreadcrumbList","@id":"https:\/\/filiawieruszow.bpsieradz.pl\/index.php\/2023\/05\/19\/apetyt-na-zdrowie\/#breadcrumblist","itemListElement":[{"@type":"ListItem","@id":"https:\/\/filiawieruszow.bpsieradz.pl#listItem","position":1,"name":"Home","item":"https:\/\/filiawieruszow.bpsieradz.pl","nextItem":{"@type":"ListItem","@id":"https:\/\/filiawieruszow.bpsieradz.pl\/index.php\/category\/aktualnosci\/#listItem","name":"Aktualno\u015bci"}},{"@type":"ListItem","@id":"https:\/\/filiawieruszow.bpsieradz.pl\/index.php\/category\/aktualnosci\/#listItem","position":2,"name":"Aktualno\u015bci","item":"https:\/\/filiawieruszow.bpsieradz.pl\/index.php\/category\/aktualnosci\/","nextItem":{"@type":"ListItem","@id":"https:\/\/filiawieruszow.bpsieradz.pl\/index.php\/2023\/05\/19\/apetyt-na-zdrowie\/#listItem","name":"Apetyt na zdrowie"},"previousItem":{"@type":"ListItem","@id":"https:\/\/filiawieruszow.bpsieradz.pl#listItem","name":"Home"}},{"@type":"ListItem","@id":"https:\/\/filiawieruszow.bpsieradz.pl\/index.php\/2023\/05\/19\/apetyt-na-zdrowie\/#listItem","position":3,"name":"Apetyt na zdrowie","previousItem":{"@type":"ListItem","@id":"https:\/\/filiawieruszow.bpsieradz.pl\/index.php\/category\/aktualnosci\/#listItem","name":"Aktualno\u015bci"}}]},{"@type":"Organization","@id":"https:\/\/filiawieruszow.bpsieradz.pl\/#organization","name":"Biblioteka Pedagogiczna w Sieradzu Filia w Wieruszowie","url":"https:\/\/filiawieruszow.bpsieradz.pl\/","logo":{"@type":"ImageObject","url":"https:\/\/filiawieruszow.bpsieradz.pl\/wp-content\/uploads\/2025\/02\/CRE_lodzkie.jpg","@id":"https:\/\/filiawieruszow.bpsieradz.pl\/index.php\/2023\/05\/19\/apetyt-na-zdrowie\/#organizationLogo","width":323,"height":50},"image":{"@id":"https:\/\/filiawieruszow.bpsieradz.pl\/index.php\/2023\/05\/19\/apetyt-na-zdrowie\/#organizationLogo"}},{"@type":"Person","@id":"https:\/\/filiawieruszow.bpsieradz.pl\/index.php\/author\/admin\/#author","url":"https:\/\/filiawieruszow.bpsieradz.pl\/index.php\/author\/admin\/","name":"admin","image":{"@type":"ImageObject","@id":"https:\/\/filiawieruszow.bpsieradz.pl\/index.php\/2023\/05\/19\/apetyt-na-zdrowie\/#authorImage","url":"https:\/\/secure.gravatar.com\/avatar\/7c9baecea61c950fa0ace417ade1d91ec20251533a476dc4eb52114bf5576b3a?s=96&d=mm&r=g","width":96,"height":96,"caption":"admin"}},{"@type":"WebPage","@id":"https:\/\/filiawieruszow.bpsieradz.pl\/index.php\/2023\/05\/19\/apetyt-na-zdrowie\/#webpage","url":"https:\/\/filiawieruszow.bpsieradz.pl\/index.php\/2023\/05\/19\/apetyt-na-zdrowie\/","name":"Apetyt na zdrowie","description":"Apetyt na zdrowie - ilustracja do ksi\u0105\u017cki o zdrowym od\u017cywianiu to temat wystawy pokonkursowej, na kt\u00f3rej zaprezentowano prace 5-6 latk\u00f3w, laureat\u00f3w z przedszkoli gminy Wierusz\u00f3w. Na wystawie otwartej w dniach Tygodnia Bibliotek (8-15 maja 2023 r.) zaprezentowano prace plastyczne przekazane do II etapu konkursowego. Wystawa ma na celu uwra\u017cliwia\u0107 dzieci na potrzeb\u0119 znajomo\u015bci zdrowych produkt\u00f3w,","inLanguage":"pl-PL","isPartOf":{"@id":"https:\/\/filiawieruszow.bpsieradz.pl\/#website"},"breadcrumb":{"@id":"https:\/\/filiawieruszow.bpsieradz.pl\/index.php\/2023\/05\/19\/apetyt-na-zdrowie\/#breadcrumblist"},"author":{"@id":"https:\/\/filiawieruszow.bpsieradz.pl\/index.php\/author\/admin\/#author"},"creator":{"@id":"https:\/\/filiawieruszow.bpsieradz.pl\/index.php\/author\/admin\/#author"},"image":{"@type":"ImageObject","url":"https:\/\/filiawieruszow.bpsieradz.pl\/wp-content\/uploads\/2023\/05\/sf_6-rotated.jpg","@id":"https:\/\/filiawieruszow.bpsieradz.pl\/index.php\/2023\/05\/19\/apetyt-na-zdrowie\/#mainImage","width":563,"height":750,"caption":"Apetyt na zdrowie"},"primaryImageOfPage":{"@id":"https:\/\/filiawieruszow.bpsieradz.pl\/index.php\/2023\/05\/19\/apetyt-na-zdrowie\/#mainImage"},"datePublished":"2023-05-19T08:43:27+00:00","dateModified":"2025-11-18T09:34:23+00:00"},{"@type":"WebSite","@id":"https:\/\/filiawieruszow.bpsieradz.pl\/#website","url":"https:\/\/filiawieruszow.bpsieradz.pl\/","name":"Biblioteka Pedagogiczna w Sieradzu Filia w Wieruszowie","inLanguage":"pl-PL","publisher":{"@id":"https:\/\/filiawieruszow.bpsieradz.pl\/#organization"}}]},"og:locale":"pl_PL","og:site_name":"Biblioteka Pedagogiczna w Sieradzu Filia w Wieruszowie -","og:type":"article","og:title":"Apetyt na zdrowie","og:description":"Apetyt na zdrowie - ilustracja do ksi\u0105\u017cki o zdrowym od\u017cywianiu to temat wystawy pokonkursowej, na kt\u00f3rej zaprezentowano prace 5-6 latk\u00f3w, laureat\u00f3w z przedszkoli gminy Wierusz\u00f3w. Na wystawie otwartej w dniach Tygodnia Bibliotek (8-15 maja 2023 r.) zaprezentowano prace plastyczne przekazane do II etapu konkursowego. Wystawa ma na celu uwra\u017cliwia\u0107 dzieci na potrzeb\u0119 znajomo\u015bci zdrowych produkt\u00f3w,","og:url":"https:\/\/filiawieruszow.bpsieradz.pl\/index.php\/2023\/05\/19\/apetyt-na-zdrowie\/","og:image":"https:\/\/filiawieruszow.bpsieradz.pl\/wp-content\/uploads\/2025\/02\/CRE_lodzkie.jpg","og:image:secure_url":"https:\/\/filiawieruszow.bpsieradz.pl\/wp-content\/uploads\/2025\/02\/CRE_lodzkie.jpg","article:published_time":"2023-05-19T08:43:27+00:00","article:modified_time":"2025-11-18T09:34:23+00:00","twitter:card":"summary_large_image","twitter:title":"Apetyt na zdrowie","twitter:description":"Apetyt na zdrowie - ilustracja do ksi\u0105\u017cki o zdrowym od\u017cywianiu to temat wystawy pokonkursowej, na kt\u00f3rej zaprezentowano prace 5-6 latk\u00f3w, laureat\u00f3w z przedszkoli gminy Wierusz\u00f3w. Na wystawie otwartej w dniach Tygodnia Bibliotek (8-15 maja 2023 r.) zaprezentowano prace plastyczne przekazane do II etapu konkursowego. Wystawa ma na celu uwra\u017cliwia\u0107 dzieci na potrzeb\u0119 znajomo\u015bci zdrowych produkt\u00f3w,","twitter:image":"https:\/\/filiawieruszow.bpsieradz.pl\/wp-content\/uploads\/2025\/02\/CRE_lodzkie.jpg"},"aioseo_meta_data":{"post_id":"3685","title":"#post_title","description":null,"keywords":null,"keyphrases":{"focus":{"keyphrase":"","score":0,"analysis":{"keyphraseInTitle":{"score":0,"maxScore":9,"error":1}}},"additional":[]},"primary_term":null,"canonical_url":null,"og_title":null,"og_description":null,"og_object_type":"default","og_image_type":"default","og_image_url":null,"og_image_width":null,"og_image_height":null,"og_image_custom_url":null,"og_image_custom_fields":null,"og_video":"","og_custom_url":null,"og_article_section":null,"og_article_tags":null,"twitter_use_og":false,"twitter_card":"default","twitter_image_type":"default","twitter_image_url":null,"twitter_image_custom_url":null,"twitter_image_custom_fields":null,"twitter_title":null,"twitter_description":null,"schema":{"blockGraphs":[],"customGraphs":[],"default":{"data":{"Article":[],"Course":[],"Dataset":[],"FAQPage":[],"Movie":[],"Person":[],"Product":[],"ProductReview":[],"Car":[],"Recipe":[],"Service":[],"SoftwareApplication":[],"WebPage":[]},"graphName":"BlogPosting","isEnabled":true},"graphs":[]},"schema_type":"default","schema_type_options":null,"pillar_content":false,"robots_default":true,"robots_noindex":false,"robots_noarchive":false,"robots_nosnippet":false,"robots_nofollow":false,"robots_noimageindex":false,"robots_noodp":false,"robots_notranslate":false,"robots_max_snippet":"-1","robots_max_videopreview":"-1","robots_max_imagepreview":"large","priority":null,"frequency":"default","local_seo":null,"breadcrumb_settings":null,"limit_modified_date":false,"ai":{"faqs":[],"keyPoints":[],"titles":[],"descriptions":[],"socialPosts":{"email":[],"linkedin":[],"twitter":[],"facebook":[],"instagram":[]}},"created":"2025-11-14 10:13:01","updated":"2025-11-18 09:42:25","seo_analyzer_scan_date":null},"aioseo_breadcrumb":"<div class=\"aioseo-breadcrumbs\"><span class=\"aioseo-breadcrumb\">\n\t\t\t<a href=\"https:\/\/filiawieruszow.bpsieradz.pl\" title=\"Home\">Home<\/a>\n\t\t<\/span><span class=\"aioseo-breadcrumb-separator\">&raquo;<\/span><span class=\"aioseo-breadcrumb\">\n\t\t\t<a href=\"https:\/\/filiawieruszow.bpsieradz.pl\/index.php\/category\/aktualnosci\/\" title=\"Aktualno\u015bci\">Aktualno\u015bci<\/a>\n\t\t<\/span><span class=\"aioseo-breadcrumb-separator\">&raquo;<\/span><span class=\"aioseo-breadcrumb\">\n\t\t\tApetyt na zdrowie\n\t\t<\/span><\/div>","aioseo_breadcrumb_json":[{"label":"Home","link":"https:\/\/filiawieruszow.bpsieradz.pl"},{"label":"Aktualno\u015bci","link":"https:\/\/filiawieruszow.bpsieradz.pl\/index.php\/category\/aktualnosci\/"},{"label":"Apetyt na zdrowie","link":"https:\/\/filiawieruszow.bpsieradz.pl\/index.php\/2023\/05\/19\/apetyt-na-zdrowie\/"}],"rttpg_featured_image_url":{"full":["https:\/\/filiawieruszow.bpsieradz.pl\/wp-content\/uploads\/2023\/05\/sf_6-rotated.jpg",563,750,false],"landscape":["https:\/\/filiawieruszow.bpsieradz.pl\/wp-content\/uploads\/2023\/05\/sf_6-rotated.jpg",563,750,false],"portraits":["https:\/\/filiawieruszow.bpsieradz.pl\/wp-content\/uploads\/2023\/05\/sf_6-rotated.jpg",563,750,false],"thumbnail":["https:\/\/filiawieruszow.bpsieradz.pl\/wp-content\/uploads\/2023\/05\/sf_6-150x150.jpg",150,150,true],"medium":["https:\/\/filiawieruszow.bpsieradz.pl\/wp-content\/uploads\/2023\/05\/sf_6-225x300.jpg",225,300,true],"large":["https:\/\/filiawieruszow.bpsieradz.pl\/wp-content\/uploads\/2023\/05\/sf_6-rotated.jpg",563,750,false],"1536x1536":["https:\/\/filiawieruszow.bpsieradz.pl\/wp-content\/uploads\/2023\/05\/sf_6-rotated.jpg",563,750,false],"2048x2048":["https:\/\/filiawieruszow.bpsieradz.pl\/wp-content\/uploads\/2023\/05\/sf_6-rotated.jpg",563,750,false],"onepress-blog-small":["https:\/\/filiawieruszow.bpsieradz.pl\/wp-content\/uploads\/2023\/05\/sf_6-300x150.jpg",300,150,true],"onepress-small":["https:\/\/filiawieruszow.bpsieradz.pl\/wp-content\/uploads\/2023\/05\/sf_6-480x300.jpg",480,300,true],"onepress-medium":["https:\/\/filiawieruszow.bpsieradz.pl\/wp-content\/uploads\/2023\/05\/sf_6-563x400.jpg",563,400,true]},"rttpg_author":{"display_name":"admin","author_link":"https:\/\/filiawieruszow.bpsieradz.pl\/index.php\/author\/admin\/"},"rttpg_comment":0,"rttpg_category":"<a href=\"https:\/\/filiawieruszow.bpsieradz.pl\/index.php\/category\/aktualnosci\/\" rel=\"category tag\">Aktualno\u015bci<\/a>","rttpg_excerpt":"Apetyt na zdrowie &#8211; ilustracja do ksi\u0105\u017cki o zdrowym od\u017cywianiu to temat wystawy pokonkursowej, na kt\u00f3rej zaprezentowano prace 5-6 latk\u00f3w, laureat\u00f3w z przedszkoli gminy Wierusz\u00f3w. Na wystawie otwartej w dniach ...","_links":{"self":[{"href":"https:\/\/filiawieruszow.bpsieradz.pl\/index.php\/wp-json\/wp\/v2\/posts\/3685","targetHints":{"allow":["GET"]}}],"collection":[{"href":"https:\/\/filiawieruszow.bpsieradz.pl\/index.php\/wp-json\/wp\/v2\/posts"}],"about":[{"href":"https:\/\/filiawieruszow.bpsieradz.pl\/index.php\/wp-json\/wp\/v2\/types\/post"}],"author":[{"embeddable":true,"href":"https:\/\/filiawieruszow.bpsieradz.pl\/index.php\/wp-json\/wp\/v2\/users\/1"}],"replies":[{"embeddable":true,"href":"https:\/\/filiawieruszow.bpsieradz.pl\/index.php\/wp-json\/wp\/v2\/comments?post=3685"}],"version-history":[{"count":2,"href":"https:\/\/filiawieruszow.bpsieradz.pl\/index.php\/wp-json\/wp\/v2\/posts\/3685\/revisions"}],"predecessor-version":[{"id":3984,"href":"https:\/\/filiawieruszow.bpsieradz.pl\/index.php\/wp-json\/wp\/v2\/posts\/3685\/revisions\/3984"}],"wp:featuredmedia":[{"embeddable":true,"href":"https:\/\/filiawieruszow.bpsieradz.pl\/index.php\/wp-json\/wp\/v2\/media\/3684"}],"wp:attachment":[{"href":"https:\/\/filiawieruszow.bpsieradz.pl\/index.php\/wp-json\/wp\/v2\/media?parent=3685"}],"wp:term":[{"taxonomy":"category","embeddable":true,"href":"https:\/\/filiawieruszow.bpsieradz.pl\/index.php\/wp-json\/wp\/v2\/categories?post=3685"},{"taxonomy":"post_tag","embeddable":true,"href":"https:\/\/filiawieruszow.bpsieradz.pl\/index.php\/wp-json\/wp\/v2\/tags?post=3685"}],"curies":[{"name":"wp","href":"https:\/\/api.w.org\/{rel}","templated":true}]}}