{"id":3681,"date":"2023-04-24T11:16:38","date_gmt":"2023-04-24T11:16:38","guid":{"rendered":"http:\/\/wieruszowfilia.bpsieradz.pl\/index.php\/2023\/04\/24\/swiatowy-dzien-ksiazki-i-praw-autorskich\/"},"modified":"2025-11-18T09:40:18","modified_gmt":"2025-11-18T09:40:18","slug":"swiatowy-dzien-ksiazki-i-praw-autorskich","status":"publish","type":"post","link":"https:\/\/filiawieruszow.bpsieradz.pl\/index.php\/2023\/04\/24\/swiatowy-dzien-ksiazki-i-praw-autorskich\/","title":{"rendered":"\u015awiatowy Dzie\u0144 Ksi\u0105\u017cki i Praw Autorskich"},"content":{"rendered":"\n<p class=\"has-text-align-left has-black-color has-text-color has-link-color wp-elements-7a2a4d308d0872155f4450be12fcd86b wp-block-paragraph\"><span style=\"font-size: 12pt;\">\u015awiatowy Dzie\u0144 Ksi\u0105\u017cki i Praw Autorskich obchodzony jest 23 kwietnia. Data jest nieprzypadkowa, bo wtedy zmarli wybitni pisarze Miguel de Cervantes, William Szekspir oraz Inca Garcilaso de la Vega. Celem \u015bwi\u0119ta jest promocja czytelnictwa, edytorstwa oraz ochrona w\u0142asno\u015bci intelektualnej przez prawo autorskie. Marzec i kwiecie\u0144, to miesi\u0105ce, w kt\u00f3rych obchodzone s\u0105 cztery \u015bwi\u0119ta nawi\u0105zuj\u0105ce do ksi\u0105\u017cek i ich tw\u00f3rc\u00f3w: &#8211; 3 marca \u2013 Mi\u0119dzynarodowy Dzie\u0144 Pisarzy, &#8211; 21 marca \u2013 \u015awiatowy Dzie\u0144 Poezji, &#8211; 2 kwietnia \u2013 Mi\u0119dzynarodowy Dzie\u0144 Ksi\u0105\u017cki dla Dzieci, &#8211; 23 kwietnia \u2013 \u015awiatowy Dzie\u0144 Ksi\u0105\u017cki i Praw Autorskich. <\/span><\/p>\n\n\n\n<p class=\"has-black-color has-text-color has-link-color wp-elements-ec1bc7dd1d2f3d0321f09b0acc26e156 wp-block-paragraph\"><span style=\"font-size: 12pt;\">Bibliotek\u0119 w tym czasie odwiedzaj\u0105 dzieci, by ju\u017c od najm\u0142odszych lat poznawa\u0107 warto\u015bci p\u0142yn\u0105ce z ksi\u0105\u017cek, ich przeznaczenie, a tak\u017ce uczy\u0107 si\u0119 szacunku do s\u0142owa pisanego i ich tw\u00f3rc\u00f3w. Z okazji \u015awiatowego Dnia Ksi\u0105\u017cki i Praw Autorskich odwiedzi\u0142a nas grupa \u201eKr\u00f3liczki\u201d z Przedszkola Nr 1 im. Krzysztofa Bezena w Wieruszowie. Cho\u0107 najm\u0142odsi, to ju\u017c stali bywalcy poznali kolejne ksi\u0105\u017ckowe \u015bwi\u0119to, us\u0142yszeli, \u017ce nie mo\u017cna sobie przypisywa\u0107 s\u0142\u00f3w i w\u0142asno\u015bci innego cz\u0142owieka, podzielili si\u0119 wiedz\u0105 o us\u0142yszanej miesi\u0105c wcze\u015bniej bajce \u201eO wilku i siedmiu ko\u017al\u0105tkach\u201d, odpowiadali na pytania i brali czynny udzia\u0142 w zabawach ruchowych. Warto m\u00f3wi\u0107 o ksi\u0105\u017ckach i wiedz\u0105 si\u0119 dzieli\u0107 z najm\u0142odszymi, bo to procentuje w ich dalszym \u017cyciu. Prawo autorskie Ja jestem tw\u00f3rc\u0105, ja decyduj\u0119, co tam s\u0142owami sobie wymaluj\u0119, prawo autorskie mnie tak ochrania, \u017ce wszystkie moje s\u0105 te pisania, mog\u0119 Ci ch\u0119tnie po\u017cyczy\u0107 wierszyk, lecz Ty nie b\u0119dziesz do niego pierwszy, przeczytasz g\u0142o\u015bno tytu\u0142 i tre\u015b\u0107 oraz autora \u2013 to jego cz\u0119\u015b\u0107, pami\u0119taj zawsze, gdy co\u015b cytujesz, m\u00f3w g\u0142o\u015bno o tym, z kogo kopiujesz.<\/span><\/p>\n\n\n\nngg_shortcode_0_placeholder\n","protected":false},"excerpt":{"rendered":"<p>\u015awiatowy Dzie\u0144 Ksi\u0105\u017cki i Praw Autorskich obchodzony jest 23 kwietnia. Data jest nieprzypadkowa, bo wtedy zmarli wybitni pisarze Miguel de Cervantes, William Szekspir oraz Inca Garcilaso de la Vega. Celem &#8230;<\/p>\n","protected":false},"author":1,"featured_media":3673,"comment_status":"closed","ping_status":"open","sticky":true,"template":"","format":"standard","meta":{"om_disable_all_campaigns":false,"ngg_post_thumbnail":0,"footnotes":""},"categories":[3],"tags":[],"class_list":["post-3681","post","type-post","status-publish","format-standard","has-post-thumbnail","hentry","category-aktualnosci"],"aioseo_notices":[],"aioseo_head":"\n\t\t<!-- All in One SEO 4.9.10 - aioseo.com -->\n\t<meta name=\"description\" content=\"\u015awiatowy Dzie\u0144 Ksi\u0105\u017cki i Praw Autorskich obchodzony jest 23 kwietnia. Data jest nieprzypadkowa, bo wtedy zmarli wybitni pisarze Miguel de Cervantes, William Szekspir oraz Inca Garcilaso de la Vega. Celem \u015bwi\u0119ta jest promocja czytelnictwa, edytorstwa oraz ochrona w\u0142asno\u015bci intelektualnej przez prawo autorskie. Marzec i kwiecie\u0144, to miesi\u0105ce, w kt\u00f3rych obchodzone s\u0105 cztery \u015bwi\u0119ta nawi\u0105zuj\u0105ce do\" \/>\n\t<meta name=\"robots\" content=\"max-image-preview:large\" \/>\n\t<meta name=\"author\" content=\"admin\"\/>\n\t<link rel=\"canonical\" href=\"https:\/\/filiawieruszow.bpsieradz.pl\/index.php\/2023\/04\/24\/swiatowy-dzien-ksiazki-i-praw-autorskich\/\" \/>\n\t<meta name=\"generator\" content=\"All in One SEO (AIOSEO) 4.9.10\" \/>\n\t\t<meta property=\"og:locale\" content=\"pl_PL\" \/>\n\t\t<meta property=\"og:site_name\" content=\"Biblioteka Pedagogiczna w Sieradzu Filia w Wieruszowie -\" \/>\n\t\t<meta property=\"og:type\" content=\"article\" \/>\n\t\t<meta property=\"og:title\" content=\"\u015awiatowy Dzie\u0144 Ksi\u0105\u017cki i Praw Autorskich\" \/>\n\t\t<meta property=\"og:description\" content=\"\u015awiatowy Dzie\u0144 Ksi\u0105\u017cki i Praw Autorskich obchodzony jest 23 kwietnia. Data jest nieprzypadkowa, bo wtedy zmarli wybitni pisarze Miguel de Cervantes, William Szekspir oraz Inca Garcilaso de la Vega. Celem \u015bwi\u0119ta jest promocja czytelnictwa, edytorstwa oraz ochrona w\u0142asno\u015bci intelektualnej przez prawo autorskie. Marzec i kwiecie\u0144, to miesi\u0105ce, w kt\u00f3rych obchodzone s\u0105 cztery \u015bwi\u0119ta nawi\u0105zuj\u0105ce do\" \/>\n\t\t<meta property=\"og:url\" content=\"https:\/\/filiawieruszow.bpsieradz.pl\/index.php\/2023\/04\/24\/swiatowy-dzien-ksiazki-i-praw-autorskich\/\" \/>\n\t\t<meta property=\"og:image\" content=\"https:\/\/filiawieruszow.bpsieradz.pl\/wp-content\/uploads\/2025\/02\/CRE_lodzkie.jpg\" \/>\n\t\t<meta property=\"og:image:secure_url\" content=\"https:\/\/filiawieruszow.bpsieradz.pl\/wp-content\/uploads\/2025\/02\/CRE_lodzkie.jpg\" \/>\n\t\t<meta property=\"article:published_time\" content=\"2023-04-24T11:16:38+00:00\" \/>\n\t\t<meta property=\"article:modified_time\" content=\"2025-11-18T09:40:18+00:00\" \/>\n\t\t<meta name=\"twitter:card\" content=\"summary_large_image\" \/>\n\t\t<meta name=\"twitter:title\" content=\"\u015awiatowy Dzie\u0144 Ksi\u0105\u017cki i Praw Autorskich\" \/>\n\t\t<meta name=\"twitter:description\" content=\"\u015awiatowy Dzie\u0144 Ksi\u0105\u017cki i Praw Autorskich obchodzony jest 23 kwietnia. Data jest nieprzypadkowa, bo wtedy zmarli wybitni pisarze Miguel de Cervantes, William Szekspir oraz Inca Garcilaso de la Vega. Celem \u015bwi\u0119ta jest promocja czytelnictwa, edytorstwa oraz ochrona w\u0142asno\u015bci intelektualnej przez prawo autorskie. Marzec i kwiecie\u0144, to miesi\u0105ce, w kt\u00f3rych obchodzone s\u0105 cztery \u015bwi\u0119ta nawi\u0105zuj\u0105ce do\" \/>\n\t\t<meta name=\"twitter:image\" content=\"https:\/\/filiawieruszow.bpsieradz.pl\/wp-content\/uploads\/2025\/02\/CRE_lodzkie.jpg\" \/>\n\t\t<script type=\"application\/ld+json\" class=\"aioseo-schema\">\n\t\t\t{\"@context\":\"https:\\\/\\\/schema.org\",\"@graph\":[{\"@type\":\"BlogPosting\",\"@id\":\"https:\\\/\\\/filiawieruszow.bpsieradz.pl\\\/index.php\\\/2023\\\/04\\\/24\\\/swiatowy-dzien-ksiazki-i-praw-autorskich\\\/#blogposting\",\"name\":\"\\u015awiatowy Dzie\\u0144 Ksi\\u0105\\u017cki i Praw Autorskich\",\"headline\":\"\\u015awiatowy Dzie\\u0144 Ksi\\u0105\\u017cki i Praw Autorskich\",\"author\":{\"@id\":\"https:\\\/\\\/filiawieruszow.bpsieradz.pl\\\/index.php\\\/author\\\/admin\\\/#author\"},\"publisher\":{\"@id\":\"https:\\\/\\\/filiawieruszow.bpsieradz.pl\\\/#organization\"},\"image\":{\"@type\":\"ImageObject\",\"url\":\"https:\\\/\\\/filiawieruszow.bpsieradz.pl\\\/wp-content\\\/uploads\\\/2023\\\/04\\\/dzien_ksiazki_04.jpg\",\"width\":2048,\"height\":921,\"caption\":\"\\u015awiatowy Dzie\\u0144 Ksi\\u0105\\u017cki i Praw Autorskich\"},\"datePublished\":\"2023-04-24T11:16:38+00:00\",\"dateModified\":\"2025-11-18T09:40:18+00:00\",\"inLanguage\":\"pl-PL\",\"mainEntityOfPage\":{\"@id\":\"https:\\\/\\\/filiawieruszow.bpsieradz.pl\\\/index.php\\\/2023\\\/04\\\/24\\\/swiatowy-dzien-ksiazki-i-praw-autorskich\\\/#webpage\"},\"isPartOf\":{\"@id\":\"https:\\\/\\\/filiawieruszow.bpsieradz.pl\\\/index.php\\\/2023\\\/04\\\/24\\\/swiatowy-dzien-ksiazki-i-praw-autorskich\\\/#webpage\"},\"articleSection\":\"Aktualno\\u015bci\"},{\"@type\":\"BreadcrumbList\",\"@id\":\"https:\\\/\\\/filiawieruszow.bpsieradz.pl\\\/index.php\\\/2023\\\/04\\\/24\\\/swiatowy-dzien-ksiazki-i-praw-autorskich\\\/#breadcrumblist\",\"itemListElement\":[{\"@type\":\"ListItem\",\"@id\":\"https:\\\/\\\/filiawieruszow.bpsieradz.pl#listItem\",\"position\":1,\"name\":\"Home\",\"item\":\"https:\\\/\\\/filiawieruszow.bpsieradz.pl\",\"nextItem\":{\"@type\":\"ListItem\",\"@id\":\"https:\\\/\\\/filiawieruszow.bpsieradz.pl\\\/index.php\\\/category\\\/aktualnosci\\\/#listItem\",\"name\":\"Aktualno\\u015bci\"}},{\"@type\":\"ListItem\",\"@id\":\"https:\\\/\\\/filiawieruszow.bpsieradz.pl\\\/index.php\\\/category\\\/aktualnosci\\\/#listItem\",\"position\":2,\"name\":\"Aktualno\\u015bci\",\"item\":\"https:\\\/\\\/filiawieruszow.bpsieradz.pl\\\/index.php\\\/category\\\/aktualnosci\\\/\",\"nextItem\":{\"@type\":\"ListItem\",\"@id\":\"https:\\\/\\\/filiawieruszow.bpsieradz.pl\\\/index.php\\\/2023\\\/04\\\/24\\\/swiatowy-dzien-ksiazki-i-praw-autorskich\\\/#listItem\",\"name\":\"\\u015awiatowy Dzie\\u0144 Ksi\\u0105\\u017cki i Praw Autorskich\"},\"previousItem\":{\"@type\":\"ListItem\",\"@id\":\"https:\\\/\\\/filiawieruszow.bpsieradz.pl#listItem\",\"name\":\"Home\"}},{\"@type\":\"ListItem\",\"@id\":\"https:\\\/\\\/filiawieruszow.bpsieradz.pl\\\/index.php\\\/2023\\\/04\\\/24\\\/swiatowy-dzien-ksiazki-i-praw-autorskich\\\/#listItem\",\"position\":3,\"name\":\"\\u015awiatowy Dzie\\u0144 Ksi\\u0105\\u017cki i Praw Autorskich\",\"previousItem\":{\"@type\":\"ListItem\",\"@id\":\"https:\\\/\\\/filiawieruszow.bpsieradz.pl\\\/index.php\\\/category\\\/aktualnosci\\\/#listItem\",\"name\":\"Aktualno\\u015bci\"}}]},{\"@type\":\"Organization\",\"@id\":\"https:\\\/\\\/filiawieruszow.bpsieradz.pl\\\/#organization\",\"name\":\"Biblioteka Pedagogiczna w Sieradzu Filia w Wieruszowie\",\"url\":\"https:\\\/\\\/filiawieruszow.bpsieradz.pl\\\/\",\"logo\":{\"@type\":\"ImageObject\",\"url\":\"https:\\\/\\\/filiawieruszow.bpsieradz.pl\\\/wp-content\\\/uploads\\\/2025\\\/02\\\/CRE_lodzkie.jpg\",\"@id\":\"https:\\\/\\\/filiawieruszow.bpsieradz.pl\\\/index.php\\\/2023\\\/04\\\/24\\\/swiatowy-dzien-ksiazki-i-praw-autorskich\\\/#organizationLogo\",\"width\":323,\"height\":50},\"image\":{\"@id\":\"https:\\\/\\\/filiawieruszow.bpsieradz.pl\\\/index.php\\\/2023\\\/04\\\/24\\\/swiatowy-dzien-ksiazki-i-praw-autorskich\\\/#organizationLogo\"}},{\"@type\":\"Person\",\"@id\":\"https:\\\/\\\/filiawieruszow.bpsieradz.pl\\\/index.php\\\/author\\\/admin\\\/#author\",\"url\":\"https:\\\/\\\/filiawieruszow.bpsieradz.pl\\\/index.php\\\/author\\\/admin\\\/\",\"name\":\"admin\",\"image\":{\"@type\":\"ImageObject\",\"@id\":\"https:\\\/\\\/filiawieruszow.bpsieradz.pl\\\/index.php\\\/2023\\\/04\\\/24\\\/swiatowy-dzien-ksiazki-i-praw-autorskich\\\/#authorImage\",\"url\":\"https:\\\/\\\/secure.gravatar.com\\\/avatar\\\/7c9baecea61c950fa0ace417ade1d91ec20251533a476dc4eb52114bf5576b3a?s=96&d=mm&r=g\",\"width\":96,\"height\":96,\"caption\":\"admin\"}},{\"@type\":\"WebPage\",\"@id\":\"https:\\\/\\\/filiawieruszow.bpsieradz.pl\\\/index.php\\\/2023\\\/04\\\/24\\\/swiatowy-dzien-ksiazki-i-praw-autorskich\\\/#webpage\",\"url\":\"https:\\\/\\\/filiawieruszow.bpsieradz.pl\\\/index.php\\\/2023\\\/04\\\/24\\\/swiatowy-dzien-ksiazki-i-praw-autorskich\\\/\",\"name\":\"\\u015awiatowy Dzie\\u0144 Ksi\\u0105\\u017cki i Praw Autorskich\",\"description\":\"\\u015awiatowy Dzie\\u0144 Ksi\\u0105\\u017cki i Praw Autorskich obchodzony jest 23 kwietnia. Data jest nieprzypadkowa, bo wtedy zmarli wybitni pisarze Miguel de Cervantes, William Szekspir oraz Inca Garcilaso de la Vega. Celem \\u015bwi\\u0119ta jest promocja czytelnictwa, edytorstwa oraz ochrona w\\u0142asno\\u015bci intelektualnej przez prawo autorskie. Marzec i kwiecie\\u0144, to miesi\\u0105ce, w kt\\u00f3rych obchodzone s\\u0105 cztery \\u015bwi\\u0119ta nawi\\u0105zuj\\u0105ce do\",\"inLanguage\":\"pl-PL\",\"isPartOf\":{\"@id\":\"https:\\\/\\\/filiawieruszow.bpsieradz.pl\\\/#website\"},\"breadcrumb\":{\"@id\":\"https:\\\/\\\/filiawieruszow.bpsieradz.pl\\\/index.php\\\/2023\\\/04\\\/24\\\/swiatowy-dzien-ksiazki-i-praw-autorskich\\\/#breadcrumblist\"},\"author\":{\"@id\":\"https:\\\/\\\/filiawieruszow.bpsieradz.pl\\\/index.php\\\/author\\\/admin\\\/#author\"},\"creator\":{\"@id\":\"https:\\\/\\\/filiawieruszow.bpsieradz.pl\\\/index.php\\\/author\\\/admin\\\/#author\"},\"image\":{\"@type\":\"ImageObject\",\"url\":\"https:\\\/\\\/filiawieruszow.bpsieradz.pl\\\/wp-content\\\/uploads\\\/2023\\\/04\\\/dzien_ksiazki_04.jpg\",\"@id\":\"https:\\\/\\\/filiawieruszow.bpsieradz.pl\\\/index.php\\\/2023\\\/04\\\/24\\\/swiatowy-dzien-ksiazki-i-praw-autorskich\\\/#mainImage\",\"width\":2048,\"height\":921,\"caption\":\"\\u015awiatowy Dzie\\u0144 Ksi\\u0105\\u017cki i Praw Autorskich\"},\"primaryImageOfPage\":{\"@id\":\"https:\\\/\\\/filiawieruszow.bpsieradz.pl\\\/index.php\\\/2023\\\/04\\\/24\\\/swiatowy-dzien-ksiazki-i-praw-autorskich\\\/#mainImage\"},\"datePublished\":\"2023-04-24T11:16:38+00:00\",\"dateModified\":\"2025-11-18T09:40:18+00:00\"},{\"@type\":\"WebSite\",\"@id\":\"https:\\\/\\\/filiawieruszow.bpsieradz.pl\\\/#website\",\"url\":\"https:\\\/\\\/filiawieruszow.bpsieradz.pl\\\/\",\"name\":\"Biblioteka Pedagogiczna w Sieradzu Filia w Wieruszowie\",\"inLanguage\":\"pl-PL\",\"publisher\":{\"@id\":\"https:\\\/\\\/filiawieruszow.bpsieradz.pl\\\/#organization\"}}]}\n\t\t<\/script>\n\t\t<!-- All in One SEO -->\n\n","aioseo_head_json":{"title":"\u015awiatowy Dzie\u0144 Ksi\u0105\u017cki i Praw Autorskich","description":"\u015awiatowy Dzie\u0144 Ksi\u0105\u017cki i Praw Autorskich obchodzony jest 23 kwietnia. Data jest nieprzypadkowa, bo wtedy zmarli wybitni pisarze Miguel de Cervantes, William Szekspir oraz Inca Garcilaso de la Vega. Celem \u015bwi\u0119ta jest promocja czytelnictwa, edytorstwa oraz ochrona w\u0142asno\u015bci intelektualnej przez prawo autorskie. Marzec i kwiecie\u0144, to miesi\u0105ce, w kt\u00f3rych obchodzone s\u0105 cztery \u015bwi\u0119ta nawi\u0105zuj\u0105ce do","canonical_url":"https:\/\/filiawieruszow.bpsieradz.pl\/index.php\/2023\/04\/24\/swiatowy-dzien-ksiazki-i-praw-autorskich\/","robots":"max-image-preview:large","keywords":"","webmasterTools":{"miscellaneous":""},"schema":{"@context":"https:\/\/schema.org","@graph":[{"@type":"BlogPosting","@id":"https:\/\/filiawieruszow.bpsieradz.pl\/index.php\/2023\/04\/24\/swiatowy-dzien-ksiazki-i-praw-autorskich\/#blogposting","name":"\u015awiatowy Dzie\u0144 Ksi\u0105\u017cki i Praw Autorskich","headline":"\u015awiatowy Dzie\u0144 Ksi\u0105\u017cki i Praw Autorskich","author":{"@id":"https:\/\/filiawieruszow.bpsieradz.pl\/index.php\/author\/admin\/#author"},"publisher":{"@id":"https:\/\/filiawieruszow.bpsieradz.pl\/#organization"},"image":{"@type":"ImageObject","url":"https:\/\/filiawieruszow.bpsieradz.pl\/wp-content\/uploads\/2023\/04\/dzien_ksiazki_04.jpg","width":2048,"height":921,"caption":"\u015awiatowy Dzie\u0144 Ksi\u0105\u017cki i Praw Autorskich"},"datePublished":"2023-04-24T11:16:38+00:00","dateModified":"2025-11-18T09:40:18+00:00","inLanguage":"pl-PL","mainEntityOfPage":{"@id":"https:\/\/filiawieruszow.bpsieradz.pl\/index.php\/2023\/04\/24\/swiatowy-dzien-ksiazki-i-praw-autorskich\/#webpage"},"isPartOf":{"@id":"https:\/\/filiawieruszow.bpsieradz.pl\/index.php\/2023\/04\/24\/swiatowy-dzien-ksiazki-i-praw-autorskich\/#webpage"},"articleSection":"Aktualno\u015bci"},{"@type":"BreadcrumbList","@id":"https:\/\/filiawieruszow.bpsieradz.pl\/index.php\/2023\/04\/24\/swiatowy-dzien-ksiazki-i-praw-autorskich\/#breadcrumblist","itemListElement":[{"@type":"ListItem","@id":"https:\/\/filiawieruszow.bpsieradz.pl#listItem","position":1,"name":"Home","item":"https:\/\/filiawieruszow.bpsieradz.pl","nextItem":{"@type":"ListItem","@id":"https:\/\/filiawieruszow.bpsieradz.pl\/index.php\/category\/aktualnosci\/#listItem","name":"Aktualno\u015bci"}},{"@type":"ListItem","@id":"https:\/\/filiawieruszow.bpsieradz.pl\/index.php\/category\/aktualnosci\/#listItem","position":2,"name":"Aktualno\u015bci","item":"https:\/\/filiawieruszow.bpsieradz.pl\/index.php\/category\/aktualnosci\/","nextItem":{"@type":"ListItem","@id":"https:\/\/filiawieruszow.bpsieradz.pl\/index.php\/2023\/04\/24\/swiatowy-dzien-ksiazki-i-praw-autorskich\/#listItem","name":"\u015awiatowy Dzie\u0144 Ksi\u0105\u017cki i Praw Autorskich"},"previousItem":{"@type":"ListItem","@id":"https:\/\/filiawieruszow.bpsieradz.pl#listItem","name":"Home"}},{"@type":"ListItem","@id":"https:\/\/filiawieruszow.bpsieradz.pl\/index.php\/2023\/04\/24\/swiatowy-dzien-ksiazki-i-praw-autorskich\/#listItem","position":3,"name":"\u015awiatowy Dzie\u0144 Ksi\u0105\u017cki i Praw Autorskich","previousItem":{"@type":"ListItem","@id":"https:\/\/filiawieruszow.bpsieradz.pl\/index.php\/category\/aktualnosci\/#listItem","name":"Aktualno\u015bci"}}]},{"@type":"Organization","@id":"https:\/\/filiawieruszow.bpsieradz.pl\/#organization","name":"Biblioteka Pedagogiczna w Sieradzu Filia w Wieruszowie","url":"https:\/\/filiawieruszow.bpsieradz.pl\/","logo":{"@type":"ImageObject","url":"https:\/\/filiawieruszow.bpsieradz.pl\/wp-content\/uploads\/2025\/02\/CRE_lodzkie.jpg","@id":"https:\/\/filiawieruszow.bpsieradz.pl\/index.php\/2023\/04\/24\/swiatowy-dzien-ksiazki-i-praw-autorskich\/#organizationLogo","width":323,"height":50},"image":{"@id":"https:\/\/filiawieruszow.bpsieradz.pl\/index.php\/2023\/04\/24\/swiatowy-dzien-ksiazki-i-praw-autorskich\/#organizationLogo"}},{"@type":"Person","@id":"https:\/\/filiawieruszow.bpsieradz.pl\/index.php\/author\/admin\/#author","url":"https:\/\/filiawieruszow.bpsieradz.pl\/index.php\/author\/admin\/","name":"admin","image":{"@type":"ImageObject","@id":"https:\/\/filiawieruszow.bpsieradz.pl\/index.php\/2023\/04\/24\/swiatowy-dzien-ksiazki-i-praw-autorskich\/#authorImage","url":"https:\/\/secure.gravatar.com\/avatar\/7c9baecea61c950fa0ace417ade1d91ec20251533a476dc4eb52114bf5576b3a?s=96&d=mm&r=g","width":96,"height":96,"caption":"admin"}},{"@type":"WebPage","@id":"https:\/\/filiawieruszow.bpsieradz.pl\/index.php\/2023\/04\/24\/swiatowy-dzien-ksiazki-i-praw-autorskich\/#webpage","url":"https:\/\/filiawieruszow.bpsieradz.pl\/index.php\/2023\/04\/24\/swiatowy-dzien-ksiazki-i-praw-autorskich\/","name":"\u015awiatowy Dzie\u0144 Ksi\u0105\u017cki i Praw Autorskich","description":"\u015awiatowy Dzie\u0144 Ksi\u0105\u017cki i Praw Autorskich obchodzony jest 23 kwietnia. Data jest nieprzypadkowa, bo wtedy zmarli wybitni pisarze Miguel de Cervantes, William Szekspir oraz Inca Garcilaso de la Vega. Celem \u015bwi\u0119ta jest promocja czytelnictwa, edytorstwa oraz ochrona w\u0142asno\u015bci intelektualnej przez prawo autorskie. Marzec i kwiecie\u0144, to miesi\u0105ce, w kt\u00f3rych obchodzone s\u0105 cztery \u015bwi\u0119ta nawi\u0105zuj\u0105ce do","inLanguage":"pl-PL","isPartOf":{"@id":"https:\/\/filiawieruszow.bpsieradz.pl\/#website"},"breadcrumb":{"@id":"https:\/\/filiawieruszow.bpsieradz.pl\/index.php\/2023\/04\/24\/swiatowy-dzien-ksiazki-i-praw-autorskich\/#breadcrumblist"},"author":{"@id":"https:\/\/filiawieruszow.bpsieradz.pl\/index.php\/author\/admin\/#author"},"creator":{"@id":"https:\/\/filiawieruszow.bpsieradz.pl\/index.php\/author\/admin\/#author"},"image":{"@type":"ImageObject","url":"https:\/\/filiawieruszow.bpsieradz.pl\/wp-content\/uploads\/2023\/04\/dzien_ksiazki_04.jpg","@id":"https:\/\/filiawieruszow.bpsieradz.pl\/index.php\/2023\/04\/24\/swiatowy-dzien-ksiazki-i-praw-autorskich\/#mainImage","width":2048,"height":921,"caption":"\u015awiatowy Dzie\u0144 Ksi\u0105\u017cki i Praw Autorskich"},"primaryImageOfPage":{"@id":"https:\/\/filiawieruszow.bpsieradz.pl\/index.php\/2023\/04\/24\/swiatowy-dzien-ksiazki-i-praw-autorskich\/#mainImage"},"datePublished":"2023-04-24T11:16:38+00:00","dateModified":"2025-11-18T09:40:18+00:00"},{"@type":"WebSite","@id":"https:\/\/filiawieruszow.bpsieradz.pl\/#website","url":"https:\/\/filiawieruszow.bpsieradz.pl\/","name":"Biblioteka Pedagogiczna w Sieradzu Filia w Wieruszowie","inLanguage":"pl-PL","publisher":{"@id":"https:\/\/filiawieruszow.bpsieradz.pl\/#organization"}}]},"og:locale":"pl_PL","og:site_name":"Biblioteka Pedagogiczna w Sieradzu Filia w Wieruszowie -","og:type":"article","og:title":"\u015awiatowy Dzie\u0144 Ksi\u0105\u017cki i Praw Autorskich","og:description":"\u015awiatowy Dzie\u0144 Ksi\u0105\u017cki i Praw Autorskich obchodzony jest 23 kwietnia. Data jest nieprzypadkowa, bo wtedy zmarli wybitni pisarze Miguel de Cervantes, William Szekspir oraz Inca Garcilaso de la Vega. Celem \u015bwi\u0119ta jest promocja czytelnictwa, edytorstwa oraz ochrona w\u0142asno\u015bci intelektualnej przez prawo autorskie. Marzec i kwiecie\u0144, to miesi\u0105ce, w kt\u00f3rych obchodzone s\u0105 cztery \u015bwi\u0119ta nawi\u0105zuj\u0105ce do","og:url":"https:\/\/filiawieruszow.bpsieradz.pl\/index.php\/2023\/04\/24\/swiatowy-dzien-ksiazki-i-praw-autorskich\/","og:image":"https:\/\/filiawieruszow.bpsieradz.pl\/wp-content\/uploads\/2025\/02\/CRE_lodzkie.jpg","og:image:secure_url":"https:\/\/filiawieruszow.bpsieradz.pl\/wp-content\/uploads\/2025\/02\/CRE_lodzkie.jpg","article:published_time":"2023-04-24T11:16:38+00:00","article:modified_time":"2025-11-18T09:40:18+00:00","twitter:card":"summary_large_image","twitter:title":"\u015awiatowy Dzie\u0144 Ksi\u0105\u017cki i Praw Autorskich","twitter:description":"\u015awiatowy Dzie\u0144 Ksi\u0105\u017cki i Praw Autorskich obchodzony jest 23 kwietnia. Data jest nieprzypadkowa, bo wtedy zmarli wybitni pisarze Miguel de Cervantes, William Szekspir oraz Inca Garcilaso de la Vega. Celem \u015bwi\u0119ta jest promocja czytelnictwa, edytorstwa oraz ochrona w\u0142asno\u015bci intelektualnej przez prawo autorskie. Marzec i kwiecie\u0144, to miesi\u0105ce, w kt\u00f3rych obchodzone s\u0105 cztery \u015bwi\u0119ta nawi\u0105zuj\u0105ce do","twitter:image":"https:\/\/filiawieruszow.bpsieradz.pl\/wp-content\/uploads\/2025\/02\/CRE_lodzkie.jpg"},"aioseo_meta_data":{"post_id":"3681","title":"#post_title","description":null,"keywords":null,"keyphrases":{"focus":{"keyphrase":"","score":0,"analysis":{"keyphraseInTitle":{"score":0,"maxScore":9,"error":1}}},"additional":[]},"primary_term":null,"canonical_url":null,"og_title":null,"og_description":null,"og_object_type":"default","og_image_type":"default","og_image_url":null,"og_image_width":null,"og_image_height":null,"og_image_custom_url":null,"og_image_custom_fields":null,"og_video":"","og_custom_url":null,"og_article_section":null,"og_article_tags":null,"twitter_use_og":false,"twitter_card":"default","twitter_image_type":"default","twitter_image_url":null,"twitter_image_custom_url":null,"twitter_image_custom_fields":null,"twitter_title":null,"twitter_description":null,"schema":{"blockGraphs":[],"customGraphs":[],"default":{"data":{"Article":[],"Course":[],"Dataset":[],"FAQPage":[],"Movie":[],"Person":[],"Product":[],"ProductReview":[],"Car":[],"Recipe":[],"Service":[],"SoftwareApplication":[],"WebPage":[]},"graphName":"BlogPosting","isEnabled":true},"graphs":[]},"schema_type":"default","schema_type_options":null,"pillar_content":false,"robots_default":true,"robots_noindex":false,"robots_noarchive":false,"robots_nosnippet":false,"robots_nofollow":false,"robots_noimageindex":false,"robots_noodp":false,"robots_notranslate":false,"robots_max_snippet":"-1","robots_max_videopreview":"-1","robots_max_imagepreview":"large","priority":null,"frequency":"default","local_seo":null,"breadcrumb_settings":null,"limit_modified_date":false,"ai":{"faqs":[],"keyPoints":[],"titles":[],"descriptions":[],"socialPosts":{"email":[],"linkedin":[],"twitter":[],"facebook":[],"instagram":[]}},"created":"2025-11-14 10:13:01","updated":"2025-11-18 09:42:25","seo_analyzer_scan_date":null},"aioseo_breadcrumb":"<div class=\"aioseo-breadcrumbs\"><span class=\"aioseo-breadcrumb\">\n\t\t\t<a href=\"https:\/\/filiawieruszow.bpsieradz.pl\" title=\"Home\">Home<\/a>\n\t\t<\/span><span class=\"aioseo-breadcrumb-separator\">&raquo;<\/span><span class=\"aioseo-breadcrumb\">\n\t\t\t<a href=\"https:\/\/filiawieruszow.bpsieradz.pl\/index.php\/category\/aktualnosci\/\" title=\"Aktualno\u015bci\">Aktualno\u015bci<\/a>\n\t\t<\/span><span class=\"aioseo-breadcrumb-separator\">&raquo;<\/span><span class=\"aioseo-breadcrumb\">\n\t\t\t\u015awiatowy Dzie\u0144 Ksi\u0105\u017cki i Praw Autorskich\n\t\t<\/span><\/div>","aioseo_breadcrumb_json":[{"label":"Home","link":"https:\/\/filiawieruszow.bpsieradz.pl"},{"label":"Aktualno\u015bci","link":"https:\/\/filiawieruszow.bpsieradz.pl\/index.php\/category\/aktualnosci\/"},{"label":"\u015awiatowy Dzie\u0144 Ksi\u0105\u017cki i Praw Autorskich","link":"https:\/\/filiawieruszow.bpsieradz.pl\/index.php\/2023\/04\/24\/swiatowy-dzien-ksiazki-i-praw-autorskich\/"}],"rttpg_featured_image_url":{"full":["https:\/\/filiawieruszow.bpsieradz.pl\/wp-content\/uploads\/2023\/04\/dzien_ksiazki_04.jpg",2048,921,false],"landscape":["https:\/\/filiawieruszow.bpsieradz.pl\/wp-content\/uploads\/2023\/04\/dzien_ksiazki_04.jpg",2048,921,false],"portraits":["https:\/\/filiawieruszow.bpsieradz.pl\/wp-content\/uploads\/2023\/04\/dzien_ksiazki_04.jpg",2048,921,false],"thumbnail":["https:\/\/filiawieruszow.bpsieradz.pl\/wp-content\/uploads\/2023\/04\/dzien_ksiazki_04-150x150.jpg",150,150,true],"medium":["https:\/\/filiawieruszow.bpsieradz.pl\/wp-content\/uploads\/2023\/04\/dzien_ksiazki_04-300x135.jpg",300,135,true],"large":["https:\/\/filiawieruszow.bpsieradz.pl\/wp-content\/uploads\/2023\/04\/dzien_ksiazki_04-1024x461.jpg",800,360,true],"1536x1536":["https:\/\/filiawieruszow.bpsieradz.pl\/wp-content\/uploads\/2023\/04\/dzien_ksiazki_04-1536x691.jpg",1536,691,true],"2048x2048":["https:\/\/filiawieruszow.bpsieradz.pl\/wp-content\/uploads\/2023\/04\/dzien_ksiazki_04.jpg",2048,921,false],"onepress-blog-small":["https:\/\/filiawieruszow.bpsieradz.pl\/wp-content\/uploads\/2023\/04\/dzien_ksiazki_04-300x150.jpg",300,150,true],"onepress-small":["https:\/\/filiawieruszow.bpsieradz.pl\/wp-content\/uploads\/2023\/04\/dzien_ksiazki_04-480x300.jpg",480,300,true],"onepress-medium":["https:\/\/filiawieruszow.bpsieradz.pl\/wp-content\/uploads\/2023\/04\/dzien_ksiazki_04-640x400.jpg",640,400,true]},"rttpg_author":{"display_name":"admin","author_link":"https:\/\/filiawieruszow.bpsieradz.pl\/index.php\/author\/admin\/"},"rttpg_comment":0,"rttpg_category":"<a href=\"https:\/\/filiawieruszow.bpsieradz.pl\/index.php\/category\/aktualnosci\/\" rel=\"category tag\">Aktualno\u015bci<\/a>","rttpg_excerpt":"\u015awiatowy Dzie\u0144 Ksi\u0105\u017cki i Praw Autorskich obchodzony jest 23 kwietnia. Data jest nieprzypadkowa, bo wtedy zmarli wybitni pisarze Miguel de Cervantes, William Szekspir oraz Inca Garcilaso de la Vega. Celem ...","_links":{"self":[{"href":"https:\/\/filiawieruszow.bpsieradz.pl\/index.php\/wp-json\/wp\/v2\/posts\/3681","targetHints":{"allow":["GET"]}}],"collection":[{"href":"https:\/\/filiawieruszow.bpsieradz.pl\/index.php\/wp-json\/wp\/v2\/posts"}],"about":[{"href":"https:\/\/filiawieruszow.bpsieradz.pl\/index.php\/wp-json\/wp\/v2\/types\/post"}],"author":[{"embeddable":true,"href":"https:\/\/filiawieruszow.bpsieradz.pl\/index.php\/wp-json\/wp\/v2\/users\/1"}],"replies":[{"embeddable":true,"href":"https:\/\/filiawieruszow.bpsieradz.pl\/index.php\/wp-json\/wp\/v2\/comments?post=3681"}],"version-history":[{"count":1,"href":"https:\/\/filiawieruszow.bpsieradz.pl\/index.php\/wp-json\/wp\/v2\/posts\/3681\/revisions"}],"predecessor-version":[{"id":3997,"href":"https:\/\/filiawieruszow.bpsieradz.pl\/index.php\/wp-json\/wp\/v2\/posts\/3681\/revisions\/3997"}],"wp:featuredmedia":[{"embeddable":true,"href":"https:\/\/filiawieruszow.bpsieradz.pl\/index.php\/wp-json\/wp\/v2\/media\/3673"}],"wp:attachment":[{"href":"https:\/\/filiawieruszow.bpsieradz.pl\/index.php\/wp-json\/wp\/v2\/media?parent=3681"}],"wp:term":[{"taxonomy":"category","embeddable":true,"href":"https:\/\/filiawieruszow.bpsieradz.pl\/index.php\/wp-json\/wp\/v2\/categories?post=3681"},{"taxonomy":"post_tag","embeddable":true,"href":"https:\/\/filiawieruszow.bpsieradz.pl\/index.php\/wp-json\/wp\/v2\/tags?post=3681"}],"curies":[{"name":"wp","href":"https:\/\/api.w.org\/{rel}","templated":true}]}}