{"id":3667,"date":"2023-02-13T09:15:07","date_gmt":"2023-02-13T09:15:07","guid":{"rendered":"http:\/\/wieruszowfilia.bpsieradz.pl\/index.php\/2023\/02\/13\/ferie-z-biblioteka-2023\/"},"modified":"2025-11-18T09:45:49","modified_gmt":"2025-11-18T09:45:49","slug":"ferie-z-biblioteka-2023","status":"publish","type":"post","link":"https:\/\/filiawieruszow.bpsieradz.pl\/index.php\/2023\/02\/13\/ferie-z-biblioteka-2023\/","title":{"rendered":"Ferie z bibliotek\u0105 2023"},"content":{"rendered":"\n<p class=\"has-text-align-left wp-block-paragraph\"><span style=\"font-size: 12pt;\">Czas, kt\u00f3ry dzieci sp\u0119dza\u0142y w przedszkolu w okresie ferii, by\u0142 doskona\u0142\u0105 okazj\u0105 do spotkania z teatrzykiem Kamishibai i ba\u015bniami Hansa Christiana Andersena.<br>Z oferty naszej plac\u00f3wki skorzysta\u0142y: Przedszkole \u201eZielony Listek \u2013 dzieci mia\u0142y okazje porozmawia\u0107 o warto\u015bciach, jakie niesie ze sob\u0105 ba\u015b\u0144 \u201eKr\u00f3lowa \u015bniegu\u201d H. Ch. Andersena; Przedszkole Nr 1 im. Krzysztofa Bezena w Wieruszowie oraz Przedszkole Nr 2 w Wieruszowie \u2013 tutaj kr\u00f3lowa\u0142 teatrzyk Kamishibai i \u201ePani Zamie\u0107\u201d.<br>W zaj\u0119ciach wzi\u0119\u0142o udzia\u0142 82 dw\u00f3ch przedszkolak\u00f3w, kt\u00f3rzy aktywnie brali udzia\u0142 w rozmowie.<\/span><\/p>\n\n\n\nngg_shortcode_0_placeholder\n","protected":false},"excerpt":{"rendered":"<p>Czas, kt\u00f3ry dzieci sp\u0119dza\u0142y w przedszkolu w okresie ferii, by\u0142 doskona\u0142\u0105 okazj\u0105 do spotkania z teatrzykiem Kamishibai i ba\u015bniami Hansa Christiana Andersena.Z oferty naszej plac\u00f3wki skorzysta\u0142y: Przedszkole \u201eZielony Listek \u2013 &#8230;<\/p>\n","protected":false},"author":1,"featured_media":3661,"comment_status":"closed","ping_status":"open","sticky":true,"template":"","format":"standard","meta":{"om_disable_all_campaigns":false,"ngg_post_thumbnail":0,"footnotes":""},"categories":[3],"tags":[],"class_list":["post-3667","post","type-post","status-publish","format-standard","has-post-thumbnail","hentry","category-aktualnosci"],"aioseo_notices":[],"aioseo_head":"\n\t\t<!-- All in One SEO 4.9.10 - aioseo.com -->\n\t<meta name=\"description\" content=\"Czas, kt\u00f3ry dzieci sp\u0119dza\u0142y w przedszkolu w okresie ferii, by\u0142 doskona\u0142\u0105 okazj\u0105 do spotkania z teatrzykiem Kamishibai i ba\u015bniami Hansa Christiana Andersena.Z oferty naszej plac\u00f3wki skorzysta\u0142y: Przedszkole \u201eZielony Listek \u2013 dzieci mia\u0142y okazje porozmawia\u0107 o warto\u015bciach, jakie niesie ze sob\u0105 ba\u015b\u0144 \u201eKr\u00f3lowa \u015bniegu\u201d H. Ch. Andersena; Przedszkole Nr 1 im. Krzysztofa Bezena w Wieruszowie oraz\" \/>\n\t<meta name=\"robots\" content=\"max-image-preview:large\" \/>\n\t<meta name=\"author\" content=\"admin\"\/>\n\t<link rel=\"canonical\" href=\"https:\/\/filiawieruszow.bpsieradz.pl\/index.php\/2023\/02\/13\/ferie-z-biblioteka-2023\/\" \/>\n\t<meta name=\"generator\" content=\"All in One SEO (AIOSEO) 4.9.10\" \/>\n\t\t<meta property=\"og:locale\" content=\"pl_PL\" \/>\n\t\t<meta property=\"og:site_name\" content=\"Biblioteka Pedagogiczna w Sieradzu Filia w Wieruszowie -\" \/>\n\t\t<meta property=\"og:type\" content=\"article\" \/>\n\t\t<meta property=\"og:title\" content=\"Ferie z bibliotek\u0105 2023\" \/>\n\t\t<meta property=\"og:description\" content=\"Czas, kt\u00f3ry dzieci sp\u0119dza\u0142y w przedszkolu w okresie ferii, by\u0142 doskona\u0142\u0105 okazj\u0105 do spotkania z teatrzykiem Kamishibai i ba\u015bniami Hansa Christiana Andersena.Z oferty naszej plac\u00f3wki skorzysta\u0142y: Przedszkole \u201eZielony Listek \u2013 dzieci mia\u0142y okazje porozmawia\u0107 o warto\u015bciach, jakie niesie ze sob\u0105 ba\u015b\u0144 \u201eKr\u00f3lowa \u015bniegu\u201d H. Ch. Andersena; Przedszkole Nr 1 im. Krzysztofa Bezena w Wieruszowie oraz\" \/>\n\t\t<meta property=\"og:url\" content=\"https:\/\/filiawieruszow.bpsieradz.pl\/index.php\/2023\/02\/13\/ferie-z-biblioteka-2023\/\" \/>\n\t\t<meta property=\"og:image\" content=\"https:\/\/filiawieruszow.bpsieradz.pl\/wp-content\/uploads\/2025\/02\/CRE_lodzkie.jpg\" \/>\n\t\t<meta property=\"og:image:secure_url\" content=\"https:\/\/filiawieruszow.bpsieradz.pl\/wp-content\/uploads\/2025\/02\/CRE_lodzkie.jpg\" \/>\n\t\t<meta property=\"article:published_time\" content=\"2023-02-13T09:15:07+00:00\" \/>\n\t\t<meta property=\"article:modified_time\" content=\"2025-11-18T09:45:49+00:00\" \/>\n\t\t<meta name=\"twitter:card\" content=\"summary_large_image\" \/>\n\t\t<meta name=\"twitter:title\" content=\"Ferie z bibliotek\u0105 2023\" \/>\n\t\t<meta name=\"twitter:description\" content=\"Czas, kt\u00f3ry dzieci sp\u0119dza\u0142y w przedszkolu w okresie ferii, by\u0142 doskona\u0142\u0105 okazj\u0105 do spotkania z teatrzykiem Kamishibai i ba\u015bniami Hansa Christiana Andersena.Z oferty naszej plac\u00f3wki skorzysta\u0142y: Przedszkole \u201eZielony Listek \u2013 dzieci mia\u0142y okazje porozmawia\u0107 o warto\u015bciach, jakie niesie ze sob\u0105 ba\u015b\u0144 \u201eKr\u00f3lowa \u015bniegu\u201d H. Ch. Andersena; Przedszkole Nr 1 im. Krzysztofa Bezena w Wieruszowie oraz\" \/>\n\t\t<meta name=\"twitter:image\" content=\"https:\/\/filiawieruszow.bpsieradz.pl\/wp-content\/uploads\/2025\/02\/CRE_lodzkie.jpg\" \/>\n\t\t<script type=\"application\/ld+json\" class=\"aioseo-schema\">\n\t\t\t{\"@context\":\"https:\\\/\\\/schema.org\",\"@graph\":[{\"@type\":\"BlogPosting\",\"@id\":\"https:\\\/\\\/filiawieruszow.bpsieradz.pl\\\/index.php\\\/2023\\\/02\\\/13\\\/ferie-z-biblioteka-2023\\\/#blogposting\",\"name\":\"Ferie z bibliotek\\u0105 2023\",\"headline\":\"Ferie z bibliotek\\u0105 2023\",\"author\":{\"@id\":\"https:\\\/\\\/filiawieruszow.bpsieradz.pl\\\/index.php\\\/author\\\/admin\\\/#author\"},\"publisher\":{\"@id\":\"https:\\\/\\\/filiawieruszow.bpsieradz.pl\\\/#organization\"},\"image\":{\"@type\":\"ImageObject\",\"url\":\"https:\\\/\\\/filiawieruszow.bpsieradz.pl\\\/wp-content\\\/uploads\\\/2023\\\/02\\\/ferie_1.jpg\",\"width\":2048,\"height\":1536,\"caption\":\"Ferie z bibliotek\\u0105 2023\"},\"datePublished\":\"2023-02-13T09:15:07+00:00\",\"dateModified\":\"2025-11-18T09:45:49+00:00\",\"inLanguage\":\"pl-PL\",\"mainEntityOfPage\":{\"@id\":\"https:\\\/\\\/filiawieruszow.bpsieradz.pl\\\/index.php\\\/2023\\\/02\\\/13\\\/ferie-z-biblioteka-2023\\\/#webpage\"},\"isPartOf\":{\"@id\":\"https:\\\/\\\/filiawieruszow.bpsieradz.pl\\\/index.php\\\/2023\\\/02\\\/13\\\/ferie-z-biblioteka-2023\\\/#webpage\"},\"articleSection\":\"Aktualno\\u015bci\"},{\"@type\":\"BreadcrumbList\",\"@id\":\"https:\\\/\\\/filiawieruszow.bpsieradz.pl\\\/index.php\\\/2023\\\/02\\\/13\\\/ferie-z-biblioteka-2023\\\/#breadcrumblist\",\"itemListElement\":[{\"@type\":\"ListItem\",\"@id\":\"https:\\\/\\\/filiawieruszow.bpsieradz.pl#listItem\",\"position\":1,\"name\":\"Home\",\"item\":\"https:\\\/\\\/filiawieruszow.bpsieradz.pl\",\"nextItem\":{\"@type\":\"ListItem\",\"@id\":\"https:\\\/\\\/filiawieruszow.bpsieradz.pl\\\/index.php\\\/category\\\/aktualnosci\\\/#listItem\",\"name\":\"Aktualno\\u015bci\"}},{\"@type\":\"ListItem\",\"@id\":\"https:\\\/\\\/filiawieruszow.bpsieradz.pl\\\/index.php\\\/category\\\/aktualnosci\\\/#listItem\",\"position\":2,\"name\":\"Aktualno\\u015bci\",\"item\":\"https:\\\/\\\/filiawieruszow.bpsieradz.pl\\\/index.php\\\/category\\\/aktualnosci\\\/\",\"nextItem\":{\"@type\":\"ListItem\",\"@id\":\"https:\\\/\\\/filiawieruszow.bpsieradz.pl\\\/index.php\\\/2023\\\/02\\\/13\\\/ferie-z-biblioteka-2023\\\/#listItem\",\"name\":\"Ferie z bibliotek\\u0105 2023\"},\"previousItem\":{\"@type\":\"ListItem\",\"@id\":\"https:\\\/\\\/filiawieruszow.bpsieradz.pl#listItem\",\"name\":\"Home\"}},{\"@type\":\"ListItem\",\"@id\":\"https:\\\/\\\/filiawieruszow.bpsieradz.pl\\\/index.php\\\/2023\\\/02\\\/13\\\/ferie-z-biblioteka-2023\\\/#listItem\",\"position\":3,\"name\":\"Ferie z bibliotek\\u0105 2023\",\"previousItem\":{\"@type\":\"ListItem\",\"@id\":\"https:\\\/\\\/filiawieruszow.bpsieradz.pl\\\/index.php\\\/category\\\/aktualnosci\\\/#listItem\",\"name\":\"Aktualno\\u015bci\"}}]},{\"@type\":\"Organization\",\"@id\":\"https:\\\/\\\/filiawieruszow.bpsieradz.pl\\\/#organization\",\"name\":\"Biblioteka Pedagogiczna w Sieradzu Filia w Wieruszowie\",\"url\":\"https:\\\/\\\/filiawieruszow.bpsieradz.pl\\\/\",\"logo\":{\"@type\":\"ImageObject\",\"url\":\"https:\\\/\\\/filiawieruszow.bpsieradz.pl\\\/wp-content\\\/uploads\\\/2025\\\/02\\\/CRE_lodzkie.jpg\",\"@id\":\"https:\\\/\\\/filiawieruszow.bpsieradz.pl\\\/index.php\\\/2023\\\/02\\\/13\\\/ferie-z-biblioteka-2023\\\/#organizationLogo\",\"width\":323,\"height\":50},\"image\":{\"@id\":\"https:\\\/\\\/filiawieruszow.bpsieradz.pl\\\/index.php\\\/2023\\\/02\\\/13\\\/ferie-z-biblioteka-2023\\\/#organizationLogo\"}},{\"@type\":\"Person\",\"@id\":\"https:\\\/\\\/filiawieruszow.bpsieradz.pl\\\/index.php\\\/author\\\/admin\\\/#author\",\"url\":\"https:\\\/\\\/filiawieruszow.bpsieradz.pl\\\/index.php\\\/author\\\/admin\\\/\",\"name\":\"admin\",\"image\":{\"@type\":\"ImageObject\",\"@id\":\"https:\\\/\\\/filiawieruszow.bpsieradz.pl\\\/index.php\\\/2023\\\/02\\\/13\\\/ferie-z-biblioteka-2023\\\/#authorImage\",\"url\":\"https:\\\/\\\/secure.gravatar.com\\\/avatar\\\/7c9baecea61c950fa0ace417ade1d91ec20251533a476dc4eb52114bf5576b3a?s=96&d=mm&r=g\",\"width\":96,\"height\":96,\"caption\":\"admin\"}},{\"@type\":\"WebPage\",\"@id\":\"https:\\\/\\\/filiawieruszow.bpsieradz.pl\\\/index.php\\\/2023\\\/02\\\/13\\\/ferie-z-biblioteka-2023\\\/#webpage\",\"url\":\"https:\\\/\\\/filiawieruszow.bpsieradz.pl\\\/index.php\\\/2023\\\/02\\\/13\\\/ferie-z-biblioteka-2023\\\/\",\"name\":\"Ferie z bibliotek\\u0105 2023\",\"description\":\"Czas, kt\\u00f3ry dzieci sp\\u0119dza\\u0142y w przedszkolu w okresie ferii, by\\u0142 doskona\\u0142\\u0105 okazj\\u0105 do spotkania z teatrzykiem Kamishibai i ba\\u015bniami Hansa Christiana Andersena.Z oferty naszej plac\\u00f3wki skorzysta\\u0142y: Przedszkole \\u201eZielony Listek \\u2013 dzieci mia\\u0142y okazje porozmawia\\u0107 o warto\\u015bciach, jakie niesie ze sob\\u0105 ba\\u015b\\u0144 \\u201eKr\\u00f3lowa \\u015bniegu\\u201d H. Ch. Andersena; Przedszkole Nr 1 im. Krzysztofa Bezena w Wieruszowie oraz\",\"inLanguage\":\"pl-PL\",\"isPartOf\":{\"@id\":\"https:\\\/\\\/filiawieruszow.bpsieradz.pl\\\/#website\"},\"breadcrumb\":{\"@id\":\"https:\\\/\\\/filiawieruszow.bpsieradz.pl\\\/index.php\\\/2023\\\/02\\\/13\\\/ferie-z-biblioteka-2023\\\/#breadcrumblist\"},\"author\":{\"@id\":\"https:\\\/\\\/filiawieruszow.bpsieradz.pl\\\/index.php\\\/author\\\/admin\\\/#author\"},\"creator\":{\"@id\":\"https:\\\/\\\/filiawieruszow.bpsieradz.pl\\\/index.php\\\/author\\\/admin\\\/#author\"},\"image\":{\"@type\":\"ImageObject\",\"url\":\"https:\\\/\\\/filiawieruszow.bpsieradz.pl\\\/wp-content\\\/uploads\\\/2023\\\/02\\\/ferie_1.jpg\",\"@id\":\"https:\\\/\\\/filiawieruszow.bpsieradz.pl\\\/index.php\\\/2023\\\/02\\\/13\\\/ferie-z-biblioteka-2023\\\/#mainImage\",\"width\":2048,\"height\":1536,\"caption\":\"Ferie z bibliotek\\u0105 2023\"},\"primaryImageOfPage\":{\"@id\":\"https:\\\/\\\/filiawieruszow.bpsieradz.pl\\\/index.php\\\/2023\\\/02\\\/13\\\/ferie-z-biblioteka-2023\\\/#mainImage\"},\"datePublished\":\"2023-02-13T09:15:07+00:00\",\"dateModified\":\"2025-11-18T09:45:49+00:00\"},{\"@type\":\"WebSite\",\"@id\":\"https:\\\/\\\/filiawieruszow.bpsieradz.pl\\\/#website\",\"url\":\"https:\\\/\\\/filiawieruszow.bpsieradz.pl\\\/\",\"name\":\"Biblioteka Pedagogiczna w Sieradzu Filia w Wieruszowie\",\"inLanguage\":\"pl-PL\",\"publisher\":{\"@id\":\"https:\\\/\\\/filiawieruszow.bpsieradz.pl\\\/#organization\"}}]}\n\t\t<\/script>\n\t\t<!-- All in One SEO -->\n\n","aioseo_head_json":{"title":"Ferie z bibliotek\u0105 2023","description":"Czas, kt\u00f3ry dzieci sp\u0119dza\u0142y w przedszkolu w okresie ferii, by\u0142 doskona\u0142\u0105 okazj\u0105 do spotkania z teatrzykiem Kamishibai i ba\u015bniami Hansa Christiana Andersena.Z oferty naszej plac\u00f3wki skorzysta\u0142y: Przedszkole \u201eZielony Listek \u2013 dzieci mia\u0142y okazje porozmawia\u0107 o warto\u015bciach, jakie niesie ze sob\u0105 ba\u015b\u0144 \u201eKr\u00f3lowa \u015bniegu\u201d H. Ch. Andersena; Przedszkole Nr 1 im. Krzysztofa Bezena w Wieruszowie oraz","canonical_url":"https:\/\/filiawieruszow.bpsieradz.pl\/index.php\/2023\/02\/13\/ferie-z-biblioteka-2023\/","robots":"max-image-preview:large","keywords":"","webmasterTools":{"miscellaneous":""},"schema":{"@context":"https:\/\/schema.org","@graph":[{"@type":"BlogPosting","@id":"https:\/\/filiawieruszow.bpsieradz.pl\/index.php\/2023\/02\/13\/ferie-z-biblioteka-2023\/#blogposting","name":"Ferie z bibliotek\u0105 2023","headline":"Ferie z bibliotek\u0105 2023","author":{"@id":"https:\/\/filiawieruszow.bpsieradz.pl\/index.php\/author\/admin\/#author"},"publisher":{"@id":"https:\/\/filiawieruszow.bpsieradz.pl\/#organization"},"image":{"@type":"ImageObject","url":"https:\/\/filiawieruszow.bpsieradz.pl\/wp-content\/uploads\/2023\/02\/ferie_1.jpg","width":2048,"height":1536,"caption":"Ferie z bibliotek\u0105 2023"},"datePublished":"2023-02-13T09:15:07+00:00","dateModified":"2025-11-18T09:45:49+00:00","inLanguage":"pl-PL","mainEntityOfPage":{"@id":"https:\/\/filiawieruszow.bpsieradz.pl\/index.php\/2023\/02\/13\/ferie-z-biblioteka-2023\/#webpage"},"isPartOf":{"@id":"https:\/\/filiawieruszow.bpsieradz.pl\/index.php\/2023\/02\/13\/ferie-z-biblioteka-2023\/#webpage"},"articleSection":"Aktualno\u015bci"},{"@type":"BreadcrumbList","@id":"https:\/\/filiawieruszow.bpsieradz.pl\/index.php\/2023\/02\/13\/ferie-z-biblioteka-2023\/#breadcrumblist","itemListElement":[{"@type":"ListItem","@id":"https:\/\/filiawieruszow.bpsieradz.pl#listItem","position":1,"name":"Home","item":"https:\/\/filiawieruszow.bpsieradz.pl","nextItem":{"@type":"ListItem","@id":"https:\/\/filiawieruszow.bpsieradz.pl\/index.php\/category\/aktualnosci\/#listItem","name":"Aktualno\u015bci"}},{"@type":"ListItem","@id":"https:\/\/filiawieruszow.bpsieradz.pl\/index.php\/category\/aktualnosci\/#listItem","position":2,"name":"Aktualno\u015bci","item":"https:\/\/filiawieruszow.bpsieradz.pl\/index.php\/category\/aktualnosci\/","nextItem":{"@type":"ListItem","@id":"https:\/\/filiawieruszow.bpsieradz.pl\/index.php\/2023\/02\/13\/ferie-z-biblioteka-2023\/#listItem","name":"Ferie z bibliotek\u0105 2023"},"previousItem":{"@type":"ListItem","@id":"https:\/\/filiawieruszow.bpsieradz.pl#listItem","name":"Home"}},{"@type":"ListItem","@id":"https:\/\/filiawieruszow.bpsieradz.pl\/index.php\/2023\/02\/13\/ferie-z-biblioteka-2023\/#listItem","position":3,"name":"Ferie z bibliotek\u0105 2023","previousItem":{"@type":"ListItem","@id":"https:\/\/filiawieruszow.bpsieradz.pl\/index.php\/category\/aktualnosci\/#listItem","name":"Aktualno\u015bci"}}]},{"@type":"Organization","@id":"https:\/\/filiawieruszow.bpsieradz.pl\/#organization","name":"Biblioteka Pedagogiczna w Sieradzu Filia w Wieruszowie","url":"https:\/\/filiawieruszow.bpsieradz.pl\/","logo":{"@type":"ImageObject","url":"https:\/\/filiawieruszow.bpsieradz.pl\/wp-content\/uploads\/2025\/02\/CRE_lodzkie.jpg","@id":"https:\/\/filiawieruszow.bpsieradz.pl\/index.php\/2023\/02\/13\/ferie-z-biblioteka-2023\/#organizationLogo","width":323,"height":50},"image":{"@id":"https:\/\/filiawieruszow.bpsieradz.pl\/index.php\/2023\/02\/13\/ferie-z-biblioteka-2023\/#organizationLogo"}},{"@type":"Person","@id":"https:\/\/filiawieruszow.bpsieradz.pl\/index.php\/author\/admin\/#author","url":"https:\/\/filiawieruszow.bpsieradz.pl\/index.php\/author\/admin\/","name":"admin","image":{"@type":"ImageObject","@id":"https:\/\/filiawieruszow.bpsieradz.pl\/index.php\/2023\/02\/13\/ferie-z-biblioteka-2023\/#authorImage","url":"https:\/\/secure.gravatar.com\/avatar\/7c9baecea61c950fa0ace417ade1d91ec20251533a476dc4eb52114bf5576b3a?s=96&d=mm&r=g","width":96,"height":96,"caption":"admin"}},{"@type":"WebPage","@id":"https:\/\/filiawieruszow.bpsieradz.pl\/index.php\/2023\/02\/13\/ferie-z-biblioteka-2023\/#webpage","url":"https:\/\/filiawieruszow.bpsieradz.pl\/index.php\/2023\/02\/13\/ferie-z-biblioteka-2023\/","name":"Ferie z bibliotek\u0105 2023","description":"Czas, kt\u00f3ry dzieci sp\u0119dza\u0142y w przedszkolu w okresie ferii, by\u0142 doskona\u0142\u0105 okazj\u0105 do spotkania z teatrzykiem Kamishibai i ba\u015bniami Hansa Christiana Andersena.Z oferty naszej plac\u00f3wki skorzysta\u0142y: Przedszkole \u201eZielony Listek \u2013 dzieci mia\u0142y okazje porozmawia\u0107 o warto\u015bciach, jakie niesie ze sob\u0105 ba\u015b\u0144 \u201eKr\u00f3lowa \u015bniegu\u201d H. Ch. Andersena; Przedszkole Nr 1 im. Krzysztofa Bezena w Wieruszowie oraz","inLanguage":"pl-PL","isPartOf":{"@id":"https:\/\/filiawieruszow.bpsieradz.pl\/#website"},"breadcrumb":{"@id":"https:\/\/filiawieruszow.bpsieradz.pl\/index.php\/2023\/02\/13\/ferie-z-biblioteka-2023\/#breadcrumblist"},"author":{"@id":"https:\/\/filiawieruszow.bpsieradz.pl\/index.php\/author\/admin\/#author"},"creator":{"@id":"https:\/\/filiawieruszow.bpsieradz.pl\/index.php\/author\/admin\/#author"},"image":{"@type":"ImageObject","url":"https:\/\/filiawieruszow.bpsieradz.pl\/wp-content\/uploads\/2023\/02\/ferie_1.jpg","@id":"https:\/\/filiawieruszow.bpsieradz.pl\/index.php\/2023\/02\/13\/ferie-z-biblioteka-2023\/#mainImage","width":2048,"height":1536,"caption":"Ferie z bibliotek\u0105 2023"},"primaryImageOfPage":{"@id":"https:\/\/filiawieruszow.bpsieradz.pl\/index.php\/2023\/02\/13\/ferie-z-biblioteka-2023\/#mainImage"},"datePublished":"2023-02-13T09:15:07+00:00","dateModified":"2025-11-18T09:45:49+00:00"},{"@type":"WebSite","@id":"https:\/\/filiawieruszow.bpsieradz.pl\/#website","url":"https:\/\/filiawieruszow.bpsieradz.pl\/","name":"Biblioteka Pedagogiczna w Sieradzu Filia w Wieruszowie","inLanguage":"pl-PL","publisher":{"@id":"https:\/\/filiawieruszow.bpsieradz.pl\/#organization"}}]},"og:locale":"pl_PL","og:site_name":"Biblioteka Pedagogiczna w Sieradzu Filia w Wieruszowie -","og:type":"article","og:title":"Ferie z bibliotek\u0105 2023","og:description":"Czas, kt\u00f3ry dzieci sp\u0119dza\u0142y w przedszkolu w okresie ferii, by\u0142 doskona\u0142\u0105 okazj\u0105 do spotkania z teatrzykiem Kamishibai i ba\u015bniami Hansa Christiana Andersena.Z oferty naszej plac\u00f3wki skorzysta\u0142y: Przedszkole \u201eZielony Listek \u2013 dzieci mia\u0142y okazje porozmawia\u0107 o warto\u015bciach, jakie niesie ze sob\u0105 ba\u015b\u0144 \u201eKr\u00f3lowa \u015bniegu\u201d H. Ch. Andersena; Przedszkole Nr 1 im. Krzysztofa Bezena w Wieruszowie oraz","og:url":"https:\/\/filiawieruszow.bpsieradz.pl\/index.php\/2023\/02\/13\/ferie-z-biblioteka-2023\/","og:image":"https:\/\/filiawieruszow.bpsieradz.pl\/wp-content\/uploads\/2025\/02\/CRE_lodzkie.jpg","og:image:secure_url":"https:\/\/filiawieruszow.bpsieradz.pl\/wp-content\/uploads\/2025\/02\/CRE_lodzkie.jpg","article:published_time":"2023-02-13T09:15:07+00:00","article:modified_time":"2025-11-18T09:45:49+00:00","twitter:card":"summary_large_image","twitter:title":"Ferie z bibliotek\u0105 2023","twitter:description":"Czas, kt\u00f3ry dzieci sp\u0119dza\u0142y w przedszkolu w okresie ferii, by\u0142 doskona\u0142\u0105 okazj\u0105 do spotkania z teatrzykiem Kamishibai i ba\u015bniami Hansa Christiana Andersena.Z oferty naszej plac\u00f3wki skorzysta\u0142y: Przedszkole \u201eZielony Listek \u2013 dzieci mia\u0142y okazje porozmawia\u0107 o warto\u015bciach, jakie niesie ze sob\u0105 ba\u015b\u0144 \u201eKr\u00f3lowa \u015bniegu\u201d H. Ch. Andersena; Przedszkole Nr 1 im. Krzysztofa Bezena w Wieruszowie oraz","twitter:image":"https:\/\/filiawieruszow.bpsieradz.pl\/wp-content\/uploads\/2025\/02\/CRE_lodzkie.jpg"},"aioseo_meta_data":{"post_id":"3667","title":"#post_title","description":null,"keywords":null,"keyphrases":{"focus":{"keyphrase":"","score":0,"analysis":{"keyphraseInTitle":{"score":0,"maxScore":9,"error":1}}},"additional":[]},"primary_term":null,"canonical_url":null,"og_title":null,"og_description":null,"og_object_type":"default","og_image_type":"default","og_image_url":null,"og_image_width":null,"og_image_height":null,"og_image_custom_url":null,"og_image_custom_fields":null,"og_video":"","og_custom_url":null,"og_article_section":null,"og_article_tags":null,"twitter_use_og":false,"twitter_card":"default","twitter_image_type":"default","twitter_image_url":null,"twitter_image_custom_url":null,"twitter_image_custom_fields":null,"twitter_title":null,"twitter_description":null,"schema":{"blockGraphs":[],"customGraphs":[],"default":{"data":{"Article":[],"Course":[],"Dataset":[],"FAQPage":[],"Movie":[],"Person":[],"Product":[],"ProductReview":[],"Car":[],"Recipe":[],"Service":[],"SoftwareApplication":[],"WebPage":[]},"graphName":"BlogPosting","isEnabled":true},"graphs":[]},"schema_type":"default","schema_type_options":null,"pillar_content":false,"robots_default":true,"robots_noindex":false,"robots_noarchive":false,"robots_nosnippet":false,"robots_nofollow":false,"robots_noimageindex":false,"robots_noodp":false,"robots_notranslate":false,"robots_max_snippet":"-1","robots_max_videopreview":"-1","robots_max_imagepreview":"large","priority":null,"frequency":"default","local_seo":null,"breadcrumb_settings":null,"limit_modified_date":false,"ai":{"faqs":[],"keyPoints":[],"titles":[],"descriptions":[],"socialPosts":{"email":[],"linkedin":[],"twitter":[],"facebook":[],"instagram":[]}},"created":"2025-11-14 10:12:08","updated":"2025-11-18 09:59:59","seo_analyzer_scan_date":null},"aioseo_breadcrumb":"<div class=\"aioseo-breadcrumbs\"><span class=\"aioseo-breadcrumb\">\n\t\t\t<a href=\"https:\/\/filiawieruszow.bpsieradz.pl\" title=\"Home\">Home<\/a>\n\t\t<\/span><span class=\"aioseo-breadcrumb-separator\">&raquo;<\/span><span class=\"aioseo-breadcrumb\">\n\t\t\t<a href=\"https:\/\/filiawieruszow.bpsieradz.pl\/index.php\/category\/aktualnosci\/\" title=\"Aktualno\u015bci\">Aktualno\u015bci<\/a>\n\t\t<\/span><span class=\"aioseo-breadcrumb-separator\">&raquo;<\/span><span class=\"aioseo-breadcrumb\">\n\t\t\tFerie z bibliotek\u0105 2023\n\t\t<\/span><\/div>","aioseo_breadcrumb_json":[{"label":"Home","link":"https:\/\/filiawieruszow.bpsieradz.pl"},{"label":"Aktualno\u015bci","link":"https:\/\/filiawieruszow.bpsieradz.pl\/index.php\/category\/aktualnosci\/"},{"label":"Ferie z bibliotek\u0105 2023","link":"https:\/\/filiawieruszow.bpsieradz.pl\/index.php\/2023\/02\/13\/ferie-z-biblioteka-2023\/"}],"rttpg_featured_image_url":{"full":["https:\/\/filiawieruszow.bpsieradz.pl\/wp-content\/uploads\/2023\/02\/ferie_1.jpg",2048,1536,false],"landscape":["https:\/\/filiawieruszow.bpsieradz.pl\/wp-content\/uploads\/2023\/02\/ferie_1.jpg",2048,1536,false],"portraits":["https:\/\/filiawieruszow.bpsieradz.pl\/wp-content\/uploads\/2023\/02\/ferie_1.jpg",2048,1536,false],"thumbnail":["https:\/\/filiawieruszow.bpsieradz.pl\/wp-content\/uploads\/2023\/02\/ferie_1-150x150.jpg",150,150,true],"medium":["https:\/\/filiawieruszow.bpsieradz.pl\/wp-content\/uploads\/2023\/02\/ferie_1-300x225.jpg",300,225,true],"large":["https:\/\/filiawieruszow.bpsieradz.pl\/wp-content\/uploads\/2023\/02\/ferie_1-1024x768.jpg",800,600,true],"1536x1536":["https:\/\/filiawieruszow.bpsieradz.pl\/wp-content\/uploads\/2023\/02\/ferie_1-1536x1152.jpg",1536,1152,true],"2048x2048":["https:\/\/filiawieruszow.bpsieradz.pl\/wp-content\/uploads\/2023\/02\/ferie_1.jpg",2048,1536,false],"onepress-blog-small":["https:\/\/filiawieruszow.bpsieradz.pl\/wp-content\/uploads\/2023\/02\/ferie_1-300x150.jpg",300,150,true],"onepress-small":["https:\/\/filiawieruszow.bpsieradz.pl\/wp-content\/uploads\/2023\/02\/ferie_1-480x300.jpg",480,300,true],"onepress-medium":["https:\/\/filiawieruszow.bpsieradz.pl\/wp-content\/uploads\/2023\/02\/ferie_1-640x400.jpg",640,400,true]},"rttpg_author":{"display_name":"admin","author_link":"https:\/\/filiawieruszow.bpsieradz.pl\/index.php\/author\/admin\/"},"rttpg_comment":0,"rttpg_category":"<a href=\"https:\/\/filiawieruszow.bpsieradz.pl\/index.php\/category\/aktualnosci\/\" rel=\"category tag\">Aktualno\u015bci<\/a>","rttpg_excerpt":"Czas, kt\u00f3ry dzieci sp\u0119dza\u0142y w przedszkolu w okresie ferii, by\u0142 doskona\u0142\u0105 okazj\u0105 do spotkania z teatrzykiem Kamishibai i ba\u015bniami Hansa Christiana Andersena.Z oferty naszej plac\u00f3wki skorzysta\u0142y: Przedszkole \u201eZielony Listek \u2013 ...","_links":{"self":[{"href":"https:\/\/filiawieruszow.bpsieradz.pl\/index.php\/wp-json\/wp\/v2\/posts\/3667","targetHints":{"allow":["GET"]}}],"collection":[{"href":"https:\/\/filiawieruszow.bpsieradz.pl\/index.php\/wp-json\/wp\/v2\/posts"}],"about":[{"href":"https:\/\/filiawieruszow.bpsieradz.pl\/index.php\/wp-json\/wp\/v2\/types\/post"}],"author":[{"embeddable":true,"href":"https:\/\/filiawieruszow.bpsieradz.pl\/index.php\/wp-json\/wp\/v2\/users\/1"}],"replies":[{"embeddable":true,"href":"https:\/\/filiawieruszow.bpsieradz.pl\/index.php\/wp-json\/wp\/v2\/comments?post=3667"}],"version-history":[{"count":1,"href":"https:\/\/filiawieruszow.bpsieradz.pl\/index.php\/wp-json\/wp\/v2\/posts\/3667\/revisions"}],"predecessor-version":[{"id":4009,"href":"https:\/\/filiawieruszow.bpsieradz.pl\/index.php\/wp-json\/wp\/v2\/posts\/3667\/revisions\/4009"}],"wp:featuredmedia":[{"embeddable":true,"href":"https:\/\/filiawieruszow.bpsieradz.pl\/index.php\/wp-json\/wp\/v2\/media\/3661"}],"wp:attachment":[{"href":"https:\/\/filiawieruszow.bpsieradz.pl\/index.php\/wp-json\/wp\/v2\/media?parent=3667"}],"wp:term":[{"taxonomy":"category","embeddable":true,"href":"https:\/\/filiawieruszow.bpsieradz.pl\/index.php\/wp-json\/wp\/v2\/categories?post=3667"},{"taxonomy":"post_tag","embeddable":true,"href":"https:\/\/filiawieruszow.bpsieradz.pl\/index.php\/wp-json\/wp\/v2\/tags?post=3667"}],"curies":[{"name":"wp","href":"https:\/\/api.w.org\/{rel}","templated":true}]}}