{"id":3642,"date":"2022-10-20T06:29:10","date_gmt":"2022-10-20T06:29:10","guid":{"rendered":"http:\/\/wieruszowfilia.bpsieradz.pl\/index.php\/2022\/10\/20\/miedzynarodowego-miesiaca-bibliotek-szkolnych\/"},"modified":"2025-11-18T11:04:25","modified_gmt":"2025-11-18T11:04:25","slug":"miedzynarodowego-miesiaca-bibliotek-szkolnych","status":"publish","type":"post","link":"https:\/\/filiawieruszow.bpsieradz.pl\/index.php\/2022\/10\/20\/miedzynarodowego-miesiaca-bibliotek-szkolnych\/","title":{"rendered":"Mi\u0119dzynarodowego Miesi\u0105ca Bibliotek Szkolnych"},"content":{"rendered":"\n<p class=\"has-text-align-left wp-block-paragraph\"><span style=\"font-size: 12pt;\">Po raz pi\u0105ty w dniu 18 pa\u017adziernika 2022 r. z okazji Mi\u0119dzynarodowego Miesi\u0105ca Bibliotek Szkolnych odby\u0142a si\u0119 akcja czytelnicza, zorganizowana przez bibliotekarzy szkolnych na ulicach Wieruszowa pod has\u0142em: Czytamy dla pokoju. <br>Wydarzenie to by\u0142o \u015bwi\u0119tem bibliotek szkolnych i bibliotekarzy, mia\u0142o na celu podkre\u015bli\u0107 rol\u0119, jak\u0105 ma do spe\u0142nienie biblioteka szkolna w wychowaniu i kszta\u0142ceniu dzieci i uczni\u00f3w oraz zwr\u00f3cenie uwagi na nasze postawy w obliczu wydarze\u0144 wojennych tu\u017c za naszymi granicami i na \u015bwiecie. <\/span><\/p>\n\n\n\n<p class=\"wp-block-paragraph\"><span style=\"font-size: 12pt;\">Biblioteki szkolne to miejsca, w kt\u00f3rych bije serce szko\u0142y, przyjazne dla ka\u017cdego ucznia, gdzie ksi\u0105\u017cka odgrywa g\u0142\u00f3wn\u0105 rol\u0119, w kt\u00f3rym inicjuje si\u0119 wiele szkolnych wydarze\u0144 propaguj\u0105cych czytanie. Uczniowie ch\u0119tnie w wolnym dla siebie czasie odwiedzaj\u0105 biblioteki szkolne, a nauczyciele przedmiot\u00f3w otrzymuj\u0105 wsparcie w codziennej pracy. <br>Tegoroczny happening przygotowali nauczyciele bibliotekarze wraz z uczniami, kt\u00f3rzy ch\u0119tnie w\u0142\u0105czaj\u0105 si\u0119 w r\u00f3\u017cne inicjatywy i \u017cycie bibliotek szkolnych, by pod has\u0142ami o czytelnictwie, m\u00f3wi\u0107 o roli ksi\u0105\u017cki i potrzebie czytania na ka\u017cdym etapie \u017cycia od przedszkola po wiek doros\u0142y, a w tym roku tak\u017ce o \u201epokoju dla ludzko\u015bci\u201d. <br>Biblioteki zaprezentowa\u0142y si\u0119 jako szkolne instytucje, wsp\u00f3\u0142pracuj\u0105ce ze sob\u0105 przy przeprowadzaniu akcji maj\u0105cych na celu promocj\u0119 bibliotek i czytelnictwa. Kolorowo, rado\u015bnie, z humorem i pod has\u0142ami propaguj\u0105cymi potrzeb\u0119 czytania na ka\u017cdym etapie \u017cycia przesz\u0142o ulicami Wieruszowa 480 uczestnik\u00f3w. <br>Bibliotekarze maj\u0105 otwarte serca dla dzieci i uczni\u00f3w i im si\u0119 \u201enie odmawia\u201d, dlatego happening wsp\u00f3\u0142organizowa\u0142y: <br>Przedszkole Nr 1 im. Krzysztofa Bezena w Wieruszowie, Przedszkole nr 2 w Wieruszowie, Przedszkole Zielony Listek w Wieruszowie, Zesp\u00f3\u0142 Szkolno &#8211; Przedszkolny w Galewicach, Szko\u0142a Podstawowa nr 1 im. Janusza Korczaka w Wieruszowie, Szko\u0142a Podstawowa nr 2 im. Marsza\u0142ka J\u00f3zefa Pi\u0142sudskiego w Wieruszowie, Szko\u0142a Podstawowa nr 3 im. Jana Paw\u0142a II w Wieruszowie, Liceum Og\u00f3lnokszta\u0142c\u0105ce im. Miko\u0142aja Kopernika w Wieruszowie, Zesp\u00f3\u0142 Szk\u00f3\u0142 Ponadpodstawowych im. Stanis\u0142awa Staszica w Wieruszowie, Ochotniczy Hufiec Pracy w Wieruszowie. Nie zawiedli \u017cyczliwi bibliotekarze z Miejsko \u2013 Gminnej Biblioteki Publicznej i Powiatowej Biblioteki Publicznej oraz CREW\u0141 w Sieradzu Biblioteka Pedagogiczna w Sieradzu Filia w Wieruszowie. <br>Happening ulicami miasta zako\u0144czono w Rynku przy \u201eFlorianie\u201d gdzie do\u0142\u0105czyli do zgromadzonych Wicestarosta Wieruszowski Marek Kanicki i Burmistrz Wieruszowa \u2013Rafa\u0142 Przyby\u0142. <br>Szczeg\u00f3lne podzi\u0119kowania dla ksi\u0119dza dziekana Karola Galewskiego i Marcina Sobczaka nauczyciela muzyki ze Szko\u0142y Podstawowej Nr 2 w Wieruszowie za udostepnienie sprz\u0119tu nag\u0142a\u015bniaj\u0105cego, bez kt\u00f3rego impreza z udzia\u0142em tak wielkiej rzeszy uczestnik\u00f3w by si\u0119 nie uda\u0142a. <\/span><\/p>\n\n\n\n<p class=\"wp-block-paragraph\"><span style=\"font-size: 12pt;\">Wszystkim uczestnikom sk\u0142adamy podzi\u0119kowania za przygotowanie wydarzenia, a lokalnym mediom za relacje. <\/span><\/p>\n\n\n\n<p class=\"wp-block-paragraph\"><span style=\"font-size: 12pt;\">Moderatorzy happeningu &#8211; Biblioteka Szkolna Zespo\u0142u Szk\u00f3\u0142 Ponadpodstawowych, Biblioteka Szkolna Szko\u0142y Podstawowej nr 2 w Wieruszowie, CREW\u0141 w Sieradzu Biblioteka Pedagogiczna w Sieradzu Filia w Wieruszow<\/span>ie.<\/p>\n\n\n\nngg_shortcode_0_placeholder\n","protected":false},"excerpt":{"rendered":"<p>Po raz pi\u0105ty w dniu 18 pa\u017adziernika 2022 r. z okazji Mi\u0119dzynarodowego Miesi\u0105ca Bibliotek Szkolnych odby\u0142a si\u0119 akcja czytelnicza, zorganizowana przez bibliotekarzy szkolnych na ulicach Wieruszowa pod has\u0142em: Czytamy dla &#8230;<\/p>\n","protected":false},"author":1,"featured_media":3614,"comment_status":"closed","ping_status":"open","sticky":true,"template":"","format":"standard","meta":{"om_disable_all_campaigns":false,"ngg_post_thumbnail":0,"footnotes":""},"categories":[3],"tags":[],"class_list":["post-3642","post","type-post","status-publish","format-standard","has-post-thumbnail","hentry","category-aktualnosci"],"aioseo_notices":[],"aioseo_head":"\n\t\t<!-- All in One SEO 4.9.10 - aioseo.com -->\n\t<meta name=\"description\" content=\"Po raz pi\u0105ty w dniu 18 pa\u017adziernika 2022 r. z okazji Mi\u0119dzynarodowego Miesi\u0105ca Bibliotek Szkolnych odby\u0142a si\u0119 akcja czytelnicza, zorganizowana przez bibliotekarzy szkolnych na ulicach Wieruszowa pod has\u0142em: Czytamy dla pokoju. Wydarzenie to by\u0142o \u015bwi\u0119tem bibliotek szkolnych i bibliotekarzy, mia\u0142o na celu podkre\u015bli\u0107 rol\u0119, jak\u0105 ma do spe\u0142nienie biblioteka szkolna w wychowaniu i kszta\u0142ceniu dzieci\" \/>\n\t<meta name=\"robots\" content=\"max-image-preview:large\" \/>\n\t<meta name=\"author\" content=\"admin\"\/>\n\t<link rel=\"canonical\" href=\"https:\/\/filiawieruszow.bpsieradz.pl\/index.php\/2022\/10\/20\/miedzynarodowego-miesiaca-bibliotek-szkolnych\/\" \/>\n\t<meta name=\"generator\" content=\"All in One SEO (AIOSEO) 4.9.10\" \/>\n\t\t<meta property=\"og:locale\" content=\"pl_PL\" \/>\n\t\t<meta property=\"og:site_name\" content=\"Biblioteka Pedagogiczna w Sieradzu Filia w Wieruszowie -\" \/>\n\t\t<meta property=\"og:type\" content=\"article\" \/>\n\t\t<meta property=\"og:title\" content=\"Mi\u0119dzynarodowego Miesi\u0105ca Bibliotek Szkolnych\" \/>\n\t\t<meta property=\"og:description\" content=\"Po raz pi\u0105ty w dniu 18 pa\u017adziernika 2022 r. z okazji Mi\u0119dzynarodowego Miesi\u0105ca Bibliotek Szkolnych odby\u0142a si\u0119 akcja czytelnicza, zorganizowana przez bibliotekarzy szkolnych na ulicach Wieruszowa pod has\u0142em: Czytamy dla pokoju. Wydarzenie to by\u0142o \u015bwi\u0119tem bibliotek szkolnych i bibliotekarzy, mia\u0142o na celu podkre\u015bli\u0107 rol\u0119, jak\u0105 ma do spe\u0142nienie biblioteka szkolna w wychowaniu i kszta\u0142ceniu dzieci\" \/>\n\t\t<meta property=\"og:url\" content=\"https:\/\/filiawieruszow.bpsieradz.pl\/index.php\/2022\/10\/20\/miedzynarodowego-miesiaca-bibliotek-szkolnych\/\" \/>\n\t\t<meta property=\"og:image\" content=\"https:\/\/filiawieruszow.bpsieradz.pl\/wp-content\/uploads\/2025\/02\/CRE_lodzkie.jpg\" \/>\n\t\t<meta property=\"og:image:secure_url\" content=\"https:\/\/filiawieruszow.bpsieradz.pl\/wp-content\/uploads\/2025\/02\/CRE_lodzkie.jpg\" \/>\n\t\t<meta property=\"article:published_time\" content=\"2022-10-20T06:29:10+00:00\" \/>\n\t\t<meta property=\"article:modified_time\" content=\"2025-11-18T11:04:25+00:00\" \/>\n\t\t<meta name=\"twitter:card\" content=\"summary_large_image\" \/>\n\t\t<meta name=\"twitter:title\" content=\"Mi\u0119dzynarodowego Miesi\u0105ca Bibliotek Szkolnych\" \/>\n\t\t<meta name=\"twitter:description\" content=\"Po raz pi\u0105ty w dniu 18 pa\u017adziernika 2022 r. z okazji Mi\u0119dzynarodowego Miesi\u0105ca Bibliotek Szkolnych odby\u0142a si\u0119 akcja czytelnicza, zorganizowana przez bibliotekarzy szkolnych na ulicach Wieruszowa pod has\u0142em: Czytamy dla pokoju. Wydarzenie to by\u0142o \u015bwi\u0119tem bibliotek szkolnych i bibliotekarzy, mia\u0142o na celu podkre\u015bli\u0107 rol\u0119, jak\u0105 ma do spe\u0142nienie biblioteka szkolna w wychowaniu i kszta\u0142ceniu dzieci\" \/>\n\t\t<meta name=\"twitter:image\" content=\"https:\/\/filiawieruszow.bpsieradz.pl\/wp-content\/uploads\/2025\/02\/CRE_lodzkie.jpg\" \/>\n\t\t<script type=\"application\/ld+json\" class=\"aioseo-schema\">\n\t\t\t{\"@context\":\"https:\\\/\\\/schema.org\",\"@graph\":[{\"@type\":\"BlogPosting\",\"@id\":\"https:\\\/\\\/filiawieruszow.bpsieradz.pl\\\/index.php\\\/2022\\\/10\\\/20\\\/miedzynarodowego-miesiaca-bibliotek-szkolnych\\\/#blogposting\",\"name\":\"Mi\\u0119dzynarodowego Miesi\\u0105ca Bibliotek Szkolnych\",\"headline\":\"Mi\\u0119dzynarodowego Miesi\\u0105ca Bibliotek Szkolnych\",\"author\":{\"@id\":\"https:\\\/\\\/filiawieruszow.bpsieradz.pl\\\/index.php\\\/author\\\/admin\\\/#author\"},\"publisher\":{\"@id\":\"https:\\\/\\\/filiawieruszow.bpsieradz.pl\\\/#organization\"},\"image\":{\"@type\":\"ImageObject\",\"url\":\"https:\\\/\\\/filiawieruszow.bpsieradz.pl\\\/wp-content\\\/uploads\\\/2022\\\/10\\\/zd_01.jpg\",\"width\":750,\"height\":500,\"caption\":\"Mi\\u0119dzynarodowy Miesi\\u0105c Bibliotek Szkolnych\"},\"datePublished\":\"2022-10-20T06:29:10+00:00\",\"dateModified\":\"2025-11-18T11:04:25+00:00\",\"inLanguage\":\"pl-PL\",\"mainEntityOfPage\":{\"@id\":\"https:\\\/\\\/filiawieruszow.bpsieradz.pl\\\/index.php\\\/2022\\\/10\\\/20\\\/miedzynarodowego-miesiaca-bibliotek-szkolnych\\\/#webpage\"},\"isPartOf\":{\"@id\":\"https:\\\/\\\/filiawieruszow.bpsieradz.pl\\\/index.php\\\/2022\\\/10\\\/20\\\/miedzynarodowego-miesiaca-bibliotek-szkolnych\\\/#webpage\"},\"articleSection\":\"Aktualno\\u015bci\"},{\"@type\":\"BreadcrumbList\",\"@id\":\"https:\\\/\\\/filiawieruszow.bpsieradz.pl\\\/index.php\\\/2022\\\/10\\\/20\\\/miedzynarodowego-miesiaca-bibliotek-szkolnych\\\/#breadcrumblist\",\"itemListElement\":[{\"@type\":\"ListItem\",\"@id\":\"https:\\\/\\\/filiawieruszow.bpsieradz.pl#listItem\",\"position\":1,\"name\":\"Home\",\"item\":\"https:\\\/\\\/filiawieruszow.bpsieradz.pl\",\"nextItem\":{\"@type\":\"ListItem\",\"@id\":\"https:\\\/\\\/filiawieruszow.bpsieradz.pl\\\/index.php\\\/category\\\/aktualnosci\\\/#listItem\",\"name\":\"Aktualno\\u015bci\"}},{\"@type\":\"ListItem\",\"@id\":\"https:\\\/\\\/filiawieruszow.bpsieradz.pl\\\/index.php\\\/category\\\/aktualnosci\\\/#listItem\",\"position\":2,\"name\":\"Aktualno\\u015bci\",\"item\":\"https:\\\/\\\/filiawieruszow.bpsieradz.pl\\\/index.php\\\/category\\\/aktualnosci\\\/\",\"nextItem\":{\"@type\":\"ListItem\",\"@id\":\"https:\\\/\\\/filiawieruszow.bpsieradz.pl\\\/index.php\\\/2022\\\/10\\\/20\\\/miedzynarodowego-miesiaca-bibliotek-szkolnych\\\/#listItem\",\"name\":\"Mi\\u0119dzynarodowego Miesi\\u0105ca Bibliotek Szkolnych\"},\"previousItem\":{\"@type\":\"ListItem\",\"@id\":\"https:\\\/\\\/filiawieruszow.bpsieradz.pl#listItem\",\"name\":\"Home\"}},{\"@type\":\"ListItem\",\"@id\":\"https:\\\/\\\/filiawieruszow.bpsieradz.pl\\\/index.php\\\/2022\\\/10\\\/20\\\/miedzynarodowego-miesiaca-bibliotek-szkolnych\\\/#listItem\",\"position\":3,\"name\":\"Mi\\u0119dzynarodowego Miesi\\u0105ca Bibliotek Szkolnych\",\"previousItem\":{\"@type\":\"ListItem\",\"@id\":\"https:\\\/\\\/filiawieruszow.bpsieradz.pl\\\/index.php\\\/category\\\/aktualnosci\\\/#listItem\",\"name\":\"Aktualno\\u015bci\"}}]},{\"@type\":\"Organization\",\"@id\":\"https:\\\/\\\/filiawieruszow.bpsieradz.pl\\\/#organization\",\"name\":\"Biblioteka Pedagogiczna w Sieradzu Filia w Wieruszowie\",\"url\":\"https:\\\/\\\/filiawieruszow.bpsieradz.pl\\\/\",\"logo\":{\"@type\":\"ImageObject\",\"url\":\"https:\\\/\\\/filiawieruszow.bpsieradz.pl\\\/wp-content\\\/uploads\\\/2025\\\/02\\\/CRE_lodzkie.jpg\",\"@id\":\"https:\\\/\\\/filiawieruszow.bpsieradz.pl\\\/index.php\\\/2022\\\/10\\\/20\\\/miedzynarodowego-miesiaca-bibliotek-szkolnych\\\/#organizationLogo\",\"width\":323,\"height\":50},\"image\":{\"@id\":\"https:\\\/\\\/filiawieruszow.bpsieradz.pl\\\/index.php\\\/2022\\\/10\\\/20\\\/miedzynarodowego-miesiaca-bibliotek-szkolnych\\\/#organizationLogo\"}},{\"@type\":\"Person\",\"@id\":\"https:\\\/\\\/filiawieruszow.bpsieradz.pl\\\/index.php\\\/author\\\/admin\\\/#author\",\"url\":\"https:\\\/\\\/filiawieruszow.bpsieradz.pl\\\/index.php\\\/author\\\/admin\\\/\",\"name\":\"admin\",\"image\":{\"@type\":\"ImageObject\",\"@id\":\"https:\\\/\\\/filiawieruszow.bpsieradz.pl\\\/index.php\\\/2022\\\/10\\\/20\\\/miedzynarodowego-miesiaca-bibliotek-szkolnych\\\/#authorImage\",\"url\":\"https:\\\/\\\/secure.gravatar.com\\\/avatar\\\/7c9baecea61c950fa0ace417ade1d91ec20251533a476dc4eb52114bf5576b3a?s=96&d=mm&r=g\",\"width\":96,\"height\":96,\"caption\":\"admin\"}},{\"@type\":\"WebPage\",\"@id\":\"https:\\\/\\\/filiawieruszow.bpsieradz.pl\\\/index.php\\\/2022\\\/10\\\/20\\\/miedzynarodowego-miesiaca-bibliotek-szkolnych\\\/#webpage\",\"url\":\"https:\\\/\\\/filiawieruszow.bpsieradz.pl\\\/index.php\\\/2022\\\/10\\\/20\\\/miedzynarodowego-miesiaca-bibliotek-szkolnych\\\/\",\"name\":\"Mi\\u0119dzynarodowego Miesi\\u0105ca Bibliotek Szkolnych\",\"description\":\"Po raz pi\\u0105ty w dniu 18 pa\\u017adziernika 2022 r. z okazji Mi\\u0119dzynarodowego Miesi\\u0105ca Bibliotek Szkolnych odby\\u0142a si\\u0119 akcja czytelnicza, zorganizowana przez bibliotekarzy szkolnych na ulicach Wieruszowa pod has\\u0142em: Czytamy dla pokoju. Wydarzenie to by\\u0142o \\u015bwi\\u0119tem bibliotek szkolnych i bibliotekarzy, mia\\u0142o na celu podkre\\u015bli\\u0107 rol\\u0119, jak\\u0105 ma do spe\\u0142nienie biblioteka szkolna w wychowaniu i kszta\\u0142ceniu dzieci\",\"inLanguage\":\"pl-PL\",\"isPartOf\":{\"@id\":\"https:\\\/\\\/filiawieruszow.bpsieradz.pl\\\/#website\"},\"breadcrumb\":{\"@id\":\"https:\\\/\\\/filiawieruszow.bpsieradz.pl\\\/index.php\\\/2022\\\/10\\\/20\\\/miedzynarodowego-miesiaca-bibliotek-szkolnych\\\/#breadcrumblist\"},\"author\":{\"@id\":\"https:\\\/\\\/filiawieruszow.bpsieradz.pl\\\/index.php\\\/author\\\/admin\\\/#author\"},\"creator\":{\"@id\":\"https:\\\/\\\/filiawieruszow.bpsieradz.pl\\\/index.php\\\/author\\\/admin\\\/#author\"},\"image\":{\"@type\":\"ImageObject\",\"url\":\"https:\\\/\\\/filiawieruszow.bpsieradz.pl\\\/wp-content\\\/uploads\\\/2022\\\/10\\\/zd_01.jpg\",\"@id\":\"https:\\\/\\\/filiawieruszow.bpsieradz.pl\\\/index.php\\\/2022\\\/10\\\/20\\\/miedzynarodowego-miesiaca-bibliotek-szkolnych\\\/#mainImage\",\"width\":750,\"height\":500,\"caption\":\"Mi\\u0119dzynarodowy Miesi\\u0105c Bibliotek Szkolnych\"},\"primaryImageOfPage\":{\"@id\":\"https:\\\/\\\/filiawieruszow.bpsieradz.pl\\\/index.php\\\/2022\\\/10\\\/20\\\/miedzynarodowego-miesiaca-bibliotek-szkolnych\\\/#mainImage\"},\"datePublished\":\"2022-10-20T06:29:10+00:00\",\"dateModified\":\"2025-11-18T11:04:25+00:00\"},{\"@type\":\"WebSite\",\"@id\":\"https:\\\/\\\/filiawieruszow.bpsieradz.pl\\\/#website\",\"url\":\"https:\\\/\\\/filiawieruszow.bpsieradz.pl\\\/\",\"name\":\"Biblioteka Pedagogiczna w Sieradzu Filia w Wieruszowie\",\"inLanguage\":\"pl-PL\",\"publisher\":{\"@id\":\"https:\\\/\\\/filiawieruszow.bpsieradz.pl\\\/#organization\"}}]}\n\t\t<\/script>\n\t\t<!-- All in One SEO -->\n\n","aioseo_head_json":{"title":"Mi\u0119dzynarodowego Miesi\u0105ca Bibliotek Szkolnych","description":"Po raz pi\u0105ty w dniu 18 pa\u017adziernika 2022 r. z okazji Mi\u0119dzynarodowego Miesi\u0105ca Bibliotek Szkolnych odby\u0142a si\u0119 akcja czytelnicza, zorganizowana przez bibliotekarzy szkolnych na ulicach Wieruszowa pod has\u0142em: Czytamy dla pokoju. Wydarzenie to by\u0142o \u015bwi\u0119tem bibliotek szkolnych i bibliotekarzy, mia\u0142o na celu podkre\u015bli\u0107 rol\u0119, jak\u0105 ma do spe\u0142nienie biblioteka szkolna w wychowaniu i kszta\u0142ceniu dzieci","canonical_url":"https:\/\/filiawieruszow.bpsieradz.pl\/index.php\/2022\/10\/20\/miedzynarodowego-miesiaca-bibliotek-szkolnych\/","robots":"max-image-preview:large","keywords":"","webmasterTools":{"miscellaneous":""},"schema":{"@context":"https:\/\/schema.org","@graph":[{"@type":"BlogPosting","@id":"https:\/\/filiawieruszow.bpsieradz.pl\/index.php\/2022\/10\/20\/miedzynarodowego-miesiaca-bibliotek-szkolnych\/#blogposting","name":"Mi\u0119dzynarodowego Miesi\u0105ca Bibliotek Szkolnych","headline":"Mi\u0119dzynarodowego Miesi\u0105ca Bibliotek Szkolnych","author":{"@id":"https:\/\/filiawieruszow.bpsieradz.pl\/index.php\/author\/admin\/#author"},"publisher":{"@id":"https:\/\/filiawieruszow.bpsieradz.pl\/#organization"},"image":{"@type":"ImageObject","url":"https:\/\/filiawieruszow.bpsieradz.pl\/wp-content\/uploads\/2022\/10\/zd_01.jpg","width":750,"height":500,"caption":"Mi\u0119dzynarodowy Miesi\u0105c Bibliotek Szkolnych"},"datePublished":"2022-10-20T06:29:10+00:00","dateModified":"2025-11-18T11:04:25+00:00","inLanguage":"pl-PL","mainEntityOfPage":{"@id":"https:\/\/filiawieruszow.bpsieradz.pl\/index.php\/2022\/10\/20\/miedzynarodowego-miesiaca-bibliotek-szkolnych\/#webpage"},"isPartOf":{"@id":"https:\/\/filiawieruszow.bpsieradz.pl\/index.php\/2022\/10\/20\/miedzynarodowego-miesiaca-bibliotek-szkolnych\/#webpage"},"articleSection":"Aktualno\u015bci"},{"@type":"BreadcrumbList","@id":"https:\/\/filiawieruszow.bpsieradz.pl\/index.php\/2022\/10\/20\/miedzynarodowego-miesiaca-bibliotek-szkolnych\/#breadcrumblist","itemListElement":[{"@type":"ListItem","@id":"https:\/\/filiawieruszow.bpsieradz.pl#listItem","position":1,"name":"Home","item":"https:\/\/filiawieruszow.bpsieradz.pl","nextItem":{"@type":"ListItem","@id":"https:\/\/filiawieruszow.bpsieradz.pl\/index.php\/category\/aktualnosci\/#listItem","name":"Aktualno\u015bci"}},{"@type":"ListItem","@id":"https:\/\/filiawieruszow.bpsieradz.pl\/index.php\/category\/aktualnosci\/#listItem","position":2,"name":"Aktualno\u015bci","item":"https:\/\/filiawieruszow.bpsieradz.pl\/index.php\/category\/aktualnosci\/","nextItem":{"@type":"ListItem","@id":"https:\/\/filiawieruszow.bpsieradz.pl\/index.php\/2022\/10\/20\/miedzynarodowego-miesiaca-bibliotek-szkolnych\/#listItem","name":"Mi\u0119dzynarodowego Miesi\u0105ca Bibliotek Szkolnych"},"previousItem":{"@type":"ListItem","@id":"https:\/\/filiawieruszow.bpsieradz.pl#listItem","name":"Home"}},{"@type":"ListItem","@id":"https:\/\/filiawieruszow.bpsieradz.pl\/index.php\/2022\/10\/20\/miedzynarodowego-miesiaca-bibliotek-szkolnych\/#listItem","position":3,"name":"Mi\u0119dzynarodowego Miesi\u0105ca Bibliotek Szkolnych","previousItem":{"@type":"ListItem","@id":"https:\/\/filiawieruszow.bpsieradz.pl\/index.php\/category\/aktualnosci\/#listItem","name":"Aktualno\u015bci"}}]},{"@type":"Organization","@id":"https:\/\/filiawieruszow.bpsieradz.pl\/#organization","name":"Biblioteka Pedagogiczna w Sieradzu Filia w Wieruszowie","url":"https:\/\/filiawieruszow.bpsieradz.pl\/","logo":{"@type":"ImageObject","url":"https:\/\/filiawieruszow.bpsieradz.pl\/wp-content\/uploads\/2025\/02\/CRE_lodzkie.jpg","@id":"https:\/\/filiawieruszow.bpsieradz.pl\/index.php\/2022\/10\/20\/miedzynarodowego-miesiaca-bibliotek-szkolnych\/#organizationLogo","width":323,"height":50},"image":{"@id":"https:\/\/filiawieruszow.bpsieradz.pl\/index.php\/2022\/10\/20\/miedzynarodowego-miesiaca-bibliotek-szkolnych\/#organizationLogo"}},{"@type":"Person","@id":"https:\/\/filiawieruszow.bpsieradz.pl\/index.php\/author\/admin\/#author","url":"https:\/\/filiawieruszow.bpsieradz.pl\/index.php\/author\/admin\/","name":"admin","image":{"@type":"ImageObject","@id":"https:\/\/filiawieruszow.bpsieradz.pl\/index.php\/2022\/10\/20\/miedzynarodowego-miesiaca-bibliotek-szkolnych\/#authorImage","url":"https:\/\/secure.gravatar.com\/avatar\/7c9baecea61c950fa0ace417ade1d91ec20251533a476dc4eb52114bf5576b3a?s=96&d=mm&r=g","width":96,"height":96,"caption":"admin"}},{"@type":"WebPage","@id":"https:\/\/filiawieruszow.bpsieradz.pl\/index.php\/2022\/10\/20\/miedzynarodowego-miesiaca-bibliotek-szkolnych\/#webpage","url":"https:\/\/filiawieruszow.bpsieradz.pl\/index.php\/2022\/10\/20\/miedzynarodowego-miesiaca-bibliotek-szkolnych\/","name":"Mi\u0119dzynarodowego Miesi\u0105ca Bibliotek Szkolnych","description":"Po raz pi\u0105ty w dniu 18 pa\u017adziernika 2022 r. z okazji Mi\u0119dzynarodowego Miesi\u0105ca Bibliotek Szkolnych odby\u0142a si\u0119 akcja czytelnicza, zorganizowana przez bibliotekarzy szkolnych na ulicach Wieruszowa pod has\u0142em: Czytamy dla pokoju. Wydarzenie to by\u0142o \u015bwi\u0119tem bibliotek szkolnych i bibliotekarzy, mia\u0142o na celu podkre\u015bli\u0107 rol\u0119, jak\u0105 ma do spe\u0142nienie biblioteka szkolna w wychowaniu i kszta\u0142ceniu dzieci","inLanguage":"pl-PL","isPartOf":{"@id":"https:\/\/filiawieruszow.bpsieradz.pl\/#website"},"breadcrumb":{"@id":"https:\/\/filiawieruszow.bpsieradz.pl\/index.php\/2022\/10\/20\/miedzynarodowego-miesiaca-bibliotek-szkolnych\/#breadcrumblist"},"author":{"@id":"https:\/\/filiawieruszow.bpsieradz.pl\/index.php\/author\/admin\/#author"},"creator":{"@id":"https:\/\/filiawieruszow.bpsieradz.pl\/index.php\/author\/admin\/#author"},"image":{"@type":"ImageObject","url":"https:\/\/filiawieruszow.bpsieradz.pl\/wp-content\/uploads\/2022\/10\/zd_01.jpg","@id":"https:\/\/filiawieruszow.bpsieradz.pl\/index.php\/2022\/10\/20\/miedzynarodowego-miesiaca-bibliotek-szkolnych\/#mainImage","width":750,"height":500,"caption":"Mi\u0119dzynarodowy Miesi\u0105c Bibliotek Szkolnych"},"primaryImageOfPage":{"@id":"https:\/\/filiawieruszow.bpsieradz.pl\/index.php\/2022\/10\/20\/miedzynarodowego-miesiaca-bibliotek-szkolnych\/#mainImage"},"datePublished":"2022-10-20T06:29:10+00:00","dateModified":"2025-11-18T11:04:25+00:00"},{"@type":"WebSite","@id":"https:\/\/filiawieruszow.bpsieradz.pl\/#website","url":"https:\/\/filiawieruszow.bpsieradz.pl\/","name":"Biblioteka Pedagogiczna w Sieradzu Filia w Wieruszowie","inLanguage":"pl-PL","publisher":{"@id":"https:\/\/filiawieruszow.bpsieradz.pl\/#organization"}}]},"og:locale":"pl_PL","og:site_name":"Biblioteka Pedagogiczna w Sieradzu Filia w Wieruszowie -","og:type":"article","og:title":"Mi\u0119dzynarodowego Miesi\u0105ca Bibliotek Szkolnych","og:description":"Po raz pi\u0105ty w dniu 18 pa\u017adziernika 2022 r. z okazji Mi\u0119dzynarodowego Miesi\u0105ca Bibliotek Szkolnych odby\u0142a si\u0119 akcja czytelnicza, zorganizowana przez bibliotekarzy szkolnych na ulicach Wieruszowa pod has\u0142em: Czytamy dla pokoju. Wydarzenie to by\u0142o \u015bwi\u0119tem bibliotek szkolnych i bibliotekarzy, mia\u0142o na celu podkre\u015bli\u0107 rol\u0119, jak\u0105 ma do spe\u0142nienie biblioteka szkolna w wychowaniu i kszta\u0142ceniu dzieci","og:url":"https:\/\/filiawieruszow.bpsieradz.pl\/index.php\/2022\/10\/20\/miedzynarodowego-miesiaca-bibliotek-szkolnych\/","og:image":"https:\/\/filiawieruszow.bpsieradz.pl\/wp-content\/uploads\/2025\/02\/CRE_lodzkie.jpg","og:image:secure_url":"https:\/\/filiawieruszow.bpsieradz.pl\/wp-content\/uploads\/2025\/02\/CRE_lodzkie.jpg","article:published_time":"2022-10-20T06:29:10+00:00","article:modified_time":"2025-11-18T11:04:25+00:00","twitter:card":"summary_large_image","twitter:title":"Mi\u0119dzynarodowego Miesi\u0105ca Bibliotek Szkolnych","twitter:description":"Po raz pi\u0105ty w dniu 18 pa\u017adziernika 2022 r. z okazji Mi\u0119dzynarodowego Miesi\u0105ca Bibliotek Szkolnych odby\u0142a si\u0119 akcja czytelnicza, zorganizowana przez bibliotekarzy szkolnych na ulicach Wieruszowa pod has\u0142em: Czytamy dla pokoju. Wydarzenie to by\u0142o \u015bwi\u0119tem bibliotek szkolnych i bibliotekarzy, mia\u0142o na celu podkre\u015bli\u0107 rol\u0119, jak\u0105 ma do spe\u0142nienie biblioteka szkolna w wychowaniu i kszta\u0142ceniu dzieci","twitter:image":"https:\/\/filiawieruszow.bpsieradz.pl\/wp-content\/uploads\/2025\/02\/CRE_lodzkie.jpg"},"aioseo_meta_data":{"post_id":"3642","title":"#post_title","description":null,"keywords":null,"keyphrases":{"focus":{"keyphrase":"","score":0,"analysis":{"keyphraseInTitle":{"score":0,"maxScore":9,"error":1}}},"additional":[]},"primary_term":null,"canonical_url":null,"og_title":null,"og_description":null,"og_object_type":"default","og_image_type":"default","og_image_url":null,"og_image_width":null,"og_image_height":null,"og_image_custom_url":null,"og_image_custom_fields":null,"og_video":"","og_custom_url":null,"og_article_section":null,"og_article_tags":null,"twitter_use_og":false,"twitter_card":"default","twitter_image_type":"default","twitter_image_url":null,"twitter_image_custom_url":null,"twitter_image_custom_fields":null,"twitter_title":null,"twitter_description":null,"schema":{"blockGraphs":[],"customGraphs":[],"default":{"data":{"Article":[],"Course":[],"Dataset":[],"FAQPage":[],"Movie":[],"Person":[],"Product":[],"ProductReview":[],"Car":[],"Recipe":[],"Service":[],"SoftwareApplication":[],"WebPage":[]},"graphName":"BlogPosting","isEnabled":true},"graphs":[]},"schema_type":"default","schema_type_options":null,"pillar_content":false,"robots_default":true,"robots_noindex":false,"robots_noarchive":false,"robots_nosnippet":false,"robots_nofollow":false,"robots_noimageindex":false,"robots_noodp":false,"robots_notranslate":false,"robots_max_snippet":"-1","robots_max_videopreview":"-1","robots_max_imagepreview":"large","priority":null,"frequency":"default","local_seo":null,"breadcrumb_settings":null,"limit_modified_date":false,"ai":{"faqs":[],"keyPoints":[],"titles":[],"descriptions":[],"socialPosts":{"email":[],"linkedin":[],"twitter":[],"facebook":[],"instagram":[]}},"created":"2025-11-14 10:12:08","updated":"2025-11-18 11:06:52","seo_analyzer_scan_date":null},"aioseo_breadcrumb":"<div class=\"aioseo-breadcrumbs\"><span class=\"aioseo-breadcrumb\">\n\t\t\t<a href=\"https:\/\/filiawieruszow.bpsieradz.pl\" title=\"Home\">Home<\/a>\n\t\t<\/span><span class=\"aioseo-breadcrumb-separator\">&raquo;<\/span><span class=\"aioseo-breadcrumb\">\n\t\t\t<a href=\"https:\/\/filiawieruszow.bpsieradz.pl\/index.php\/category\/aktualnosci\/\" title=\"Aktualno\u015bci\">Aktualno\u015bci<\/a>\n\t\t<\/span><span class=\"aioseo-breadcrumb-separator\">&raquo;<\/span><span class=\"aioseo-breadcrumb\">\n\t\t\tMi\u0119dzynarodowego Miesi\u0105ca Bibliotek Szkolnych\n\t\t<\/span><\/div>","aioseo_breadcrumb_json":[{"label":"Home","link":"https:\/\/filiawieruszow.bpsieradz.pl"},{"label":"Aktualno\u015bci","link":"https:\/\/filiawieruszow.bpsieradz.pl\/index.php\/category\/aktualnosci\/"},{"label":"Mi\u0119dzynarodowego Miesi\u0105ca Bibliotek Szkolnych","link":"https:\/\/filiawieruszow.bpsieradz.pl\/index.php\/2022\/10\/20\/miedzynarodowego-miesiaca-bibliotek-szkolnych\/"}],"rttpg_featured_image_url":{"full":["https:\/\/filiawieruszow.bpsieradz.pl\/wp-content\/uploads\/2022\/10\/zd_01.jpg",750,500,false],"landscape":["https:\/\/filiawieruszow.bpsieradz.pl\/wp-content\/uploads\/2022\/10\/zd_01.jpg",750,500,false],"portraits":["https:\/\/filiawieruszow.bpsieradz.pl\/wp-content\/uploads\/2022\/10\/zd_01.jpg",750,500,false],"thumbnail":["https:\/\/filiawieruszow.bpsieradz.pl\/wp-content\/uploads\/2022\/10\/zd_01-150x150.jpg",150,150,true],"medium":["https:\/\/filiawieruszow.bpsieradz.pl\/wp-content\/uploads\/2022\/10\/zd_01-300x200.jpg",300,200,true],"large":["https:\/\/filiawieruszow.bpsieradz.pl\/wp-content\/uploads\/2022\/10\/zd_01.jpg",750,500,false],"1536x1536":["https:\/\/filiawieruszow.bpsieradz.pl\/wp-content\/uploads\/2022\/10\/zd_01.jpg",750,500,false],"2048x2048":["https:\/\/filiawieruszow.bpsieradz.pl\/wp-content\/uploads\/2022\/10\/zd_01.jpg",750,500,false],"onepress-blog-small":["https:\/\/filiawieruszow.bpsieradz.pl\/wp-content\/uploads\/2022\/10\/zd_01-300x150.jpg",300,150,true],"onepress-small":["https:\/\/filiawieruszow.bpsieradz.pl\/wp-content\/uploads\/2022\/10\/zd_01-480x300.jpg",480,300,true],"onepress-medium":["https:\/\/filiawieruszow.bpsieradz.pl\/wp-content\/uploads\/2022\/10\/zd_01-640x400.jpg",640,400,true]},"rttpg_author":{"display_name":"admin","author_link":"https:\/\/filiawieruszow.bpsieradz.pl\/index.php\/author\/admin\/"},"rttpg_comment":0,"rttpg_category":"<a href=\"https:\/\/filiawieruszow.bpsieradz.pl\/index.php\/category\/aktualnosci\/\" rel=\"category tag\">Aktualno\u015bci<\/a>","rttpg_excerpt":"Po raz pi\u0105ty w dniu 18 pa\u017adziernika 2022 r. z okazji Mi\u0119dzynarodowego Miesi\u0105ca Bibliotek Szkolnych odby\u0142a si\u0119 akcja czytelnicza, zorganizowana przez bibliotekarzy szkolnych na ulicach Wieruszowa pod has\u0142em: Czytamy dla ...","_links":{"self":[{"href":"https:\/\/filiawieruszow.bpsieradz.pl\/index.php\/wp-json\/wp\/v2\/posts\/3642","targetHints":{"allow":["GET"]}}],"collection":[{"href":"https:\/\/filiawieruszow.bpsieradz.pl\/index.php\/wp-json\/wp\/v2\/posts"}],"about":[{"href":"https:\/\/filiawieruszow.bpsieradz.pl\/index.php\/wp-json\/wp\/v2\/types\/post"}],"author":[{"embeddable":true,"href":"https:\/\/filiawieruszow.bpsieradz.pl\/index.php\/wp-json\/wp\/v2\/users\/1"}],"replies":[{"embeddable":true,"href":"https:\/\/filiawieruszow.bpsieradz.pl\/index.php\/wp-json\/wp\/v2\/comments?post=3642"}],"version-history":[{"count":1,"href":"https:\/\/filiawieruszow.bpsieradz.pl\/index.php\/wp-json\/wp\/v2\/posts\/3642\/revisions"}],"predecessor-version":[{"id":4060,"href":"https:\/\/filiawieruszow.bpsieradz.pl\/index.php\/wp-json\/wp\/v2\/posts\/3642\/revisions\/4060"}],"wp:featuredmedia":[{"embeddable":true,"href":"https:\/\/filiawieruszow.bpsieradz.pl\/index.php\/wp-json\/wp\/v2\/media\/3614"}],"wp:attachment":[{"href":"https:\/\/filiawieruszow.bpsieradz.pl\/index.php\/wp-json\/wp\/v2\/media?parent=3642"}],"wp:term":[{"taxonomy":"category","embeddable":true,"href":"https:\/\/filiawieruszow.bpsieradz.pl\/index.php\/wp-json\/wp\/v2\/categories?post=3642"},{"taxonomy":"post_tag","embeddable":true,"href":"https:\/\/filiawieruszow.bpsieradz.pl\/index.php\/wp-json\/wp\/v2\/tags?post=3642"}],"curies":[{"name":"wp","href":"https:\/\/api.w.org\/{rel}","templated":true}]}}