{"id":3419,"date":"2017-01-12T13:03:16","date_gmt":"2017-01-12T13:03:16","guid":{"rendered":"http:\/\/wieruszowfilia.bpsieradz.pl\/index.php\/2017\/01\/12\/uczymy-sie-nauczac\/"},"modified":"2017-01-12T13:03:16","modified_gmt":"2017-01-12T13:03:16","slug":"uczymy-sie-nauczac","status":"publish","type":"post","link":"https:\/\/filiawieruszow.bpsieradz.pl\/index.php\/2017\/01\/12\/uczymy-sie-nauczac\/","title":{"rendered":"Uczymy si\u0119 naucza\u0107"},"content":{"rendered":"<table style=\"width: 100%;\">\n<tbody>\n<tr>\n<td style=\"width: 25%;\">&nbsp;<span style=\"color: #993300;\"><span style=\"font-size: small;\"><em><strong><img fetchpriority=\"high\" decoding=\"async\" class=\"dropcap\" style=\"display: block; margin-left: auto; margin-right: auto;\" title=\"Uczymy si\u0119 naucza\u0107\" src=\"images\/warto_przeczytac\/uczymy_si\u0119_naucza\u0107.jpg\" alt=\"Uczymy si\u0119 naucza\u0107\" width=\"200\" height=\"289\" \/><\/strong><\/em><\/span><\/span><\/td>\n<td>\n<p style=\"text-align: center;\"><span style=\"color: #993300;\"><\/span><strong><span style=\"font-size: 12pt;\"><span style=\"color: #993300;\">\u201eUczymy si\u0119 naucza\u0107.\u201d<\/span><span style=\"color: #993300;\"><em>.<br \/><\/em><span style=\"color: #000000;\"><\/span><\/span><span style=\"color: #993300;\"><span style=\"color: #000000;\">Richard I. Arends<\/span><\/span><span style=\"color: #993300;\"><br \/><span style=\"color: #000000;\"><\/span><\/span><span style=\"color: #993300;\"><span style=\"color: #000000;\">(Warszawa: Wydawnictwa Szkolne i Pedagogiczne, 1998)<\/span><\/span><span style=\"color: #993300;\"><span style=\"color: #000000;\"><\/span> <\/span><\/span><\/strong><\/p>\n<p style=\"text-align: justify;\"><span style=\"color: #993300; font-size: 10pt;\"><span style=\"color: #000000;\"><\/span><\/span><span style=\"color: #993300; font-size: 12pt;\"><span style=\"color: #000000;\">Propozycja, kt\u00f3r\u0105 przedstawiam nie nale\u017cy na pewno do nowo\u015bci wydawniczych, ale jest niew\u0105tpliwie warta polecenia. W dobie przemian edukacyjnych, reformy i zawirowa\u0144 wok\u00f3\u0142 o\u015bwiaty ka\u017cdemu nauczycielowi przyda si\u0119 usystematyzowanie wiedzy, przypomnienie zasad post\u0119powania w szkolnym \u015brodowisku, a tak\u017ce podpowiedzi w wielu kwestiach. Sprawy codziennej pracy przedstawia autor w wielu rozdzia\u0142ach podzielonych na trzy funkcje nauczyciela: kierownicz\u0105, interakcyjn\u0105 i organizacyjn\u0105. U\u0142atwia to odbiorcy wyb\u00f3r interesuj\u0105cej tematyki, skupienie si\u0119 na potrzebnej w danym momencie wiedzy. Autor swoj\u0105 wiedz\u0105 i radami wspiera do\u015bwiadczonego nauczyciela, ale nie zapomina o tym pocz\u0105tkuj\u0105cym, bo cho\u0107 szko\u0142a nieustannie si\u0119 zmienia, to pewne sprawy pozostaj\u0105 bez zmian. Troski m\u0142odego nauczyciela, sposoby na dobry pocz\u0105tek relacji z uczniami, kontakty z innymi nauczycielami to nie jedyne omawiane elementy.<\/span><\/span><\/p>\n<\/td>\n<\/tr>\n<\/tbody>\n<\/table>\n<p style=\"text-align: justify;\"><span style=\"color: #993300; font-size: 10pt;\"><span style=\"color: #000000; font-size: 12pt;\">A co dla nauczyciela z baga\u017cem do\u015bwiadcze\u0144? Na pewno sposoby na \u0142ad w klasie, prac\u0119 z grup\u0105 integracyjn\u0105, kontrol\u0119 szkolnych post\u0119p\u00f3w uczni\u00f3w i role oceny. Pocz\u0105tek ka\u017cdego roku szkolnego to czas plan\u00f3w, konstruowania cel\u00f3w i efekt\u00f3w do osi\u0105gni\u0119cia, ale r\u00f3wnie\u017c stworzenia w klasie klimatu odpowiedniego do skutecznego przekazywania wiedzy. W tego typy przemy\u015bleniach na pewno przyda si\u0119 pomoc fachowej literatury, kr\u00f3tkich i zwi\u0119z\u0142ych om\u00f3wie\u0144 danego problemu. Cz\u0142owiek uczy si\u0119 przez ca\u0142e \u017cycie \u2013 zapraszam nauczycieli do lektury. <\/span><span style=\"color: #000000;\"><\/span> <\/span><\/p>\n<p><span style=\"color: #000000;\">&nbsp;<\/span><\/p>\n<p style=\"text-align: center; padding-left: 390px;\"><span style=\"font-size: 10pt;\">&nbsp;<span style=\"color: #000000;\">El\u017cbieta \u017b\u0142obi\u0144ska BP<\/span><\/span><br \/><span style=\"color: #000000; font-size: 10pt;\"> Filia w Wieruszowie<\/span><\/p>\n<p><span style=\"color: #000000;\">&nbsp;<\/span><\/p>\n","protected":false},"excerpt":{"rendered":"<p>&nbsp; \u201eUczymy si\u0119 naucza\u0107.\u201d.Richard I. Arends(Warszawa: Wydawnictwa Szkolne i Pedagogiczne, 1998) Propozycja, kt\u00f3r\u0105 przedstawiam nie nale\u017cy na pewno do nowo\u015bci wydawniczych, ale jest niew\u0105tpliwie warta polecenia. W dobie przemian edukacyjnych, &#8230;<\/p>\n","protected":false},"author":1,"featured_media":0,"comment_status":"open","ping_status":"open","sticky":false,"template":"","format":"standard","meta":{"om_disable_all_campaigns":false,"ngg_post_thumbnail":0,"footnotes":""},"categories":[1],"tags":[],"class_list":["post-3419","post","type-post","status-publish","format-standard","hentry","category-uncategorized"],"aioseo_notices":[],"aioseo_head":"\n\t\t<!-- All in One SEO 4.9.10 - aioseo.com -->\n\t<meta name=\"description\" content=\"\u201eUczymy si\u0119 naucza\u0107.\u201d.Richard I. Arends(Warszawa: Wydawnictwa Szkolne i Pedagogiczne, 1998) Propozycja, kt\u00f3r\u0105 przedstawiam nie nale\u017cy na pewno do nowo\u015bci wydawniczych, ale jest niew\u0105tpliwie warta polecenia. W dobie przemian edukacyjnych, reformy i zawirowa\u0144 wok\u00f3\u0142 o\u015bwiaty ka\u017cdemu nauczycielowi przyda si\u0119 usystematyzowanie wiedzy, przypomnienie zasad post\u0119powania w szkolnym \u015brodowisku, a tak\u017ce podpowiedzi w wielu kwestiach. Sprawy codziennej\" \/>\n\t<meta name=\"robots\" content=\"max-image-preview:large\" \/>\n\t<meta name=\"author\" content=\"admin\"\/>\n\t<link rel=\"canonical\" href=\"https:\/\/filiawieruszow.bpsieradz.pl\/index.php\/2017\/01\/12\/uczymy-sie-nauczac\/\" \/>\n\t<meta name=\"generator\" content=\"All in One SEO (AIOSEO) 4.9.10\" \/>\n\t\t<meta property=\"og:locale\" content=\"pl_PL\" \/>\n\t\t<meta property=\"og:site_name\" content=\"Biblioteka Pedagogiczna w Sieradzu Filia w Wieruszowie -\" \/>\n\t\t<meta property=\"og:type\" content=\"article\" \/>\n\t\t<meta property=\"og:title\" content=\"Uczymy si\u0119 naucza\u0107 - Biblioteka Pedagogiczna w Sieradzu Filia w Wieruszowie\" \/>\n\t\t<meta property=\"og:description\" content=\"\u201eUczymy si\u0119 naucza\u0107.\u201d.Richard I. Arends(Warszawa: Wydawnictwa Szkolne i Pedagogiczne, 1998) Propozycja, kt\u00f3r\u0105 przedstawiam nie nale\u017cy na pewno do nowo\u015bci wydawniczych, ale jest niew\u0105tpliwie warta polecenia. W dobie przemian edukacyjnych, reformy i zawirowa\u0144 wok\u00f3\u0142 o\u015bwiaty ka\u017cdemu nauczycielowi przyda si\u0119 usystematyzowanie wiedzy, przypomnienie zasad post\u0119powania w szkolnym \u015brodowisku, a tak\u017ce podpowiedzi w wielu kwestiach. Sprawy codziennej\" \/>\n\t\t<meta property=\"og:url\" content=\"https:\/\/filiawieruszow.bpsieradz.pl\/index.php\/2017\/01\/12\/uczymy-sie-nauczac\/\" \/>\n\t\t<meta property=\"og:image\" content=\"https:\/\/filiawieruszow.bpsieradz.pl\/wp-content\/uploads\/2025\/02\/CRE_lodzkie.jpg\" \/>\n\t\t<meta property=\"og:image:secure_url\" content=\"https:\/\/filiawieruszow.bpsieradz.pl\/wp-content\/uploads\/2025\/02\/CRE_lodzkie.jpg\" \/>\n\t\t<meta property=\"article:published_time\" content=\"2017-01-12T13:03:16+00:00\" \/>\n\t\t<meta property=\"article:modified_time\" content=\"2017-01-12T13:03:16+00:00\" \/>\n\t\t<meta name=\"twitter:card\" content=\"summary_large_image\" \/>\n\t\t<meta name=\"twitter:title\" content=\"Uczymy si\u0119 naucza\u0107 - Biblioteka Pedagogiczna w Sieradzu Filia w Wieruszowie\" \/>\n\t\t<meta name=\"twitter:description\" content=\"\u201eUczymy si\u0119 naucza\u0107.\u201d.Richard I. Arends(Warszawa: Wydawnictwa Szkolne i Pedagogiczne, 1998) Propozycja, kt\u00f3r\u0105 przedstawiam nie nale\u017cy na pewno do nowo\u015bci wydawniczych, ale jest niew\u0105tpliwie warta polecenia. W dobie przemian edukacyjnych, reformy i zawirowa\u0144 wok\u00f3\u0142 o\u015bwiaty ka\u017cdemu nauczycielowi przyda si\u0119 usystematyzowanie wiedzy, przypomnienie zasad post\u0119powania w szkolnym \u015brodowisku, a tak\u017ce podpowiedzi w wielu kwestiach. Sprawy codziennej\" \/>\n\t\t<meta name=\"twitter:image\" content=\"https:\/\/filiawieruszow.bpsieradz.pl\/wp-content\/uploads\/2025\/02\/CRE_lodzkie.jpg\" \/>\n\t\t<script type=\"application\/ld+json\" class=\"aioseo-schema\">\n\t\t\t{\"@context\":\"https:\\\/\\\/schema.org\",\"@graph\":[{\"@type\":\"BlogPosting\",\"@id\":\"https:\\\/\\\/filiawieruszow.bpsieradz.pl\\\/index.php\\\/2017\\\/01\\\/12\\\/uczymy-sie-nauczac\\\/#blogposting\",\"name\":\"Uczymy si\\u0119 naucza\\u0107 - Biblioteka Pedagogiczna w Sieradzu Filia w Wieruszowie\",\"headline\":\"Uczymy si\\u0119 naucza\\u0107\",\"author\":{\"@id\":\"https:\\\/\\\/filiawieruszow.bpsieradz.pl\\\/index.php\\\/author\\\/admin\\\/#author\"},\"publisher\":{\"@id\":\"https:\\\/\\\/filiawieruszow.bpsieradz.pl\\\/#organization\"},\"image\":{\"@type\":\"ImageObject\",\"url\":\"images\\\/warto_przeczytac\\\/uczymy_si\\u0119_naucza\\u0107.jpg\",\"@id\":\"https:\\\/\\\/filiawieruszow.bpsieradz.pl\\\/index.php\\\/2017\\\/01\\\/12\\\/uczymy-sie-nauczac\\\/#articleImage\"},\"datePublished\":\"2017-01-12T13:03:16+00:00\",\"dateModified\":\"2017-01-12T13:03:16+00:00\",\"inLanguage\":\"pl-PL\",\"mainEntityOfPage\":{\"@id\":\"https:\\\/\\\/filiawieruszow.bpsieradz.pl\\\/index.php\\\/2017\\\/01\\\/12\\\/uczymy-sie-nauczac\\\/#webpage\"},\"isPartOf\":{\"@id\":\"https:\\\/\\\/filiawieruszow.bpsieradz.pl\\\/index.php\\\/2017\\\/01\\\/12\\\/uczymy-sie-nauczac\\\/#webpage\"},\"articleSection\":\"Uncategorized\"},{\"@type\":\"BreadcrumbList\",\"@id\":\"https:\\\/\\\/filiawieruszow.bpsieradz.pl\\\/index.php\\\/2017\\\/01\\\/12\\\/uczymy-sie-nauczac\\\/#breadcrumblist\",\"itemListElement\":[{\"@type\":\"ListItem\",\"@id\":\"https:\\\/\\\/filiawieruszow.bpsieradz.pl#listItem\",\"position\":1,\"name\":\"Home\",\"item\":\"https:\\\/\\\/filiawieruszow.bpsieradz.pl\",\"nextItem\":{\"@type\":\"ListItem\",\"@id\":\"https:\\\/\\\/filiawieruszow.bpsieradz.pl\\\/index.php\\\/category\\\/uncategorized\\\/#listItem\",\"name\":\"Uncategorized\"}},{\"@type\":\"ListItem\",\"@id\":\"https:\\\/\\\/filiawieruszow.bpsieradz.pl\\\/index.php\\\/category\\\/uncategorized\\\/#listItem\",\"position\":2,\"name\":\"Uncategorized\",\"item\":\"https:\\\/\\\/filiawieruszow.bpsieradz.pl\\\/index.php\\\/category\\\/uncategorized\\\/\",\"nextItem\":{\"@type\":\"ListItem\",\"@id\":\"https:\\\/\\\/filiawieruszow.bpsieradz.pl\\\/index.php\\\/2017\\\/01\\\/12\\\/uczymy-sie-nauczac\\\/#listItem\",\"name\":\"Uczymy si\\u0119 naucza\\u0107\"},\"previousItem\":{\"@type\":\"ListItem\",\"@id\":\"https:\\\/\\\/filiawieruszow.bpsieradz.pl#listItem\",\"name\":\"Home\"}},{\"@type\":\"ListItem\",\"@id\":\"https:\\\/\\\/filiawieruszow.bpsieradz.pl\\\/index.php\\\/2017\\\/01\\\/12\\\/uczymy-sie-nauczac\\\/#listItem\",\"position\":3,\"name\":\"Uczymy si\\u0119 naucza\\u0107\",\"previousItem\":{\"@type\":\"ListItem\",\"@id\":\"https:\\\/\\\/filiawieruszow.bpsieradz.pl\\\/index.php\\\/category\\\/uncategorized\\\/#listItem\",\"name\":\"Uncategorized\"}}]},{\"@type\":\"Organization\",\"@id\":\"https:\\\/\\\/filiawieruszow.bpsieradz.pl\\\/#organization\",\"name\":\"Biblioteka Pedagogiczna w Sieradzu Filia w Wieruszowie\",\"url\":\"https:\\\/\\\/filiawieruszow.bpsieradz.pl\\\/\",\"logo\":{\"@type\":\"ImageObject\",\"url\":\"https:\\\/\\\/filiawieruszow.bpsieradz.pl\\\/wp-content\\\/uploads\\\/2025\\\/02\\\/CRE_lodzkie.jpg\",\"@id\":\"https:\\\/\\\/filiawieruszow.bpsieradz.pl\\\/index.php\\\/2017\\\/01\\\/12\\\/uczymy-sie-nauczac\\\/#organizationLogo\",\"width\":323,\"height\":50},\"image\":{\"@id\":\"https:\\\/\\\/filiawieruszow.bpsieradz.pl\\\/index.php\\\/2017\\\/01\\\/12\\\/uczymy-sie-nauczac\\\/#organizationLogo\"}},{\"@type\":\"Person\",\"@id\":\"https:\\\/\\\/filiawieruszow.bpsieradz.pl\\\/index.php\\\/author\\\/admin\\\/#author\",\"url\":\"https:\\\/\\\/filiawieruszow.bpsieradz.pl\\\/index.php\\\/author\\\/admin\\\/\",\"name\":\"admin\",\"image\":{\"@type\":\"ImageObject\",\"@id\":\"https:\\\/\\\/filiawieruszow.bpsieradz.pl\\\/index.php\\\/2017\\\/01\\\/12\\\/uczymy-sie-nauczac\\\/#authorImage\",\"url\":\"https:\\\/\\\/secure.gravatar.com\\\/avatar\\\/7c9baecea61c950fa0ace417ade1d91ec20251533a476dc4eb52114bf5576b3a?s=96&d=mm&r=g\",\"width\":96,\"height\":96,\"caption\":\"admin\"}},{\"@type\":\"WebPage\",\"@id\":\"https:\\\/\\\/filiawieruszow.bpsieradz.pl\\\/index.php\\\/2017\\\/01\\\/12\\\/uczymy-sie-nauczac\\\/#webpage\",\"url\":\"https:\\\/\\\/filiawieruszow.bpsieradz.pl\\\/index.php\\\/2017\\\/01\\\/12\\\/uczymy-sie-nauczac\\\/\",\"name\":\"Uczymy si\\u0119 naucza\\u0107 - Biblioteka Pedagogiczna w Sieradzu Filia w Wieruszowie\",\"description\":\"\\u201eUczymy si\\u0119 naucza\\u0107.\\u201d.Richard I. Arends(Warszawa: Wydawnictwa Szkolne i Pedagogiczne, 1998) Propozycja, kt\\u00f3r\\u0105 przedstawiam nie nale\\u017cy na pewno do nowo\\u015bci wydawniczych, ale jest niew\\u0105tpliwie warta polecenia. W dobie przemian edukacyjnych, reformy i zawirowa\\u0144 wok\\u00f3\\u0142 o\\u015bwiaty ka\\u017cdemu nauczycielowi przyda si\\u0119 usystematyzowanie wiedzy, przypomnienie zasad post\\u0119powania w szkolnym \\u015brodowisku, a tak\\u017ce podpowiedzi w wielu kwestiach. Sprawy codziennej\",\"inLanguage\":\"pl-PL\",\"isPartOf\":{\"@id\":\"https:\\\/\\\/filiawieruszow.bpsieradz.pl\\\/#website\"},\"breadcrumb\":{\"@id\":\"https:\\\/\\\/filiawieruszow.bpsieradz.pl\\\/index.php\\\/2017\\\/01\\\/12\\\/uczymy-sie-nauczac\\\/#breadcrumblist\"},\"author\":{\"@id\":\"https:\\\/\\\/filiawieruszow.bpsieradz.pl\\\/index.php\\\/author\\\/admin\\\/#author\"},\"creator\":{\"@id\":\"https:\\\/\\\/filiawieruszow.bpsieradz.pl\\\/index.php\\\/author\\\/admin\\\/#author\"},\"datePublished\":\"2017-01-12T13:03:16+00:00\",\"dateModified\":\"2017-01-12T13:03:16+00:00\"},{\"@type\":\"WebSite\",\"@id\":\"https:\\\/\\\/filiawieruszow.bpsieradz.pl\\\/#website\",\"url\":\"https:\\\/\\\/filiawieruszow.bpsieradz.pl\\\/\",\"name\":\"Biblioteka Pedagogiczna w Sieradzu Filia w Wieruszowie\",\"inLanguage\":\"pl-PL\",\"publisher\":{\"@id\":\"https:\\\/\\\/filiawieruszow.bpsieradz.pl\\\/#organization\"}}]}\n\t\t<\/script>\n\t\t<!-- All in One SEO -->\n\n","aioseo_head_json":{"title":"Uczymy si\u0119 naucza\u0107 - Biblioteka Pedagogiczna w Sieradzu Filia w Wieruszowie","description":"\u201eUczymy si\u0119 naucza\u0107.\u201d.Richard I. Arends(Warszawa: Wydawnictwa Szkolne i Pedagogiczne, 1998) Propozycja, kt\u00f3r\u0105 przedstawiam nie nale\u017cy na pewno do nowo\u015bci wydawniczych, ale jest niew\u0105tpliwie warta polecenia. W dobie przemian edukacyjnych, reformy i zawirowa\u0144 wok\u00f3\u0142 o\u015bwiaty ka\u017cdemu nauczycielowi przyda si\u0119 usystematyzowanie wiedzy, przypomnienie zasad post\u0119powania w szkolnym \u015brodowisku, a tak\u017ce podpowiedzi w wielu kwestiach. Sprawy codziennej","canonical_url":"https:\/\/filiawieruszow.bpsieradz.pl\/index.php\/2017\/01\/12\/uczymy-sie-nauczac\/","robots":"max-image-preview:large","keywords":"","webmasterTools":{"miscellaneous":""},"schema":{"@context":"https:\/\/schema.org","@graph":[{"@type":"BlogPosting","@id":"https:\/\/filiawieruszow.bpsieradz.pl\/index.php\/2017\/01\/12\/uczymy-sie-nauczac\/#blogposting","name":"Uczymy si\u0119 naucza\u0107 - Biblioteka Pedagogiczna w Sieradzu Filia w Wieruszowie","headline":"Uczymy si\u0119 naucza\u0107","author":{"@id":"https:\/\/filiawieruszow.bpsieradz.pl\/index.php\/author\/admin\/#author"},"publisher":{"@id":"https:\/\/filiawieruszow.bpsieradz.pl\/#organization"},"image":{"@type":"ImageObject","url":"images\/warto_przeczytac\/uczymy_si\u0119_naucza\u0107.jpg","@id":"https:\/\/filiawieruszow.bpsieradz.pl\/index.php\/2017\/01\/12\/uczymy-sie-nauczac\/#articleImage"},"datePublished":"2017-01-12T13:03:16+00:00","dateModified":"2017-01-12T13:03:16+00:00","inLanguage":"pl-PL","mainEntityOfPage":{"@id":"https:\/\/filiawieruszow.bpsieradz.pl\/index.php\/2017\/01\/12\/uczymy-sie-nauczac\/#webpage"},"isPartOf":{"@id":"https:\/\/filiawieruszow.bpsieradz.pl\/index.php\/2017\/01\/12\/uczymy-sie-nauczac\/#webpage"},"articleSection":"Uncategorized"},{"@type":"BreadcrumbList","@id":"https:\/\/filiawieruszow.bpsieradz.pl\/index.php\/2017\/01\/12\/uczymy-sie-nauczac\/#breadcrumblist","itemListElement":[{"@type":"ListItem","@id":"https:\/\/filiawieruszow.bpsieradz.pl#listItem","position":1,"name":"Home","item":"https:\/\/filiawieruszow.bpsieradz.pl","nextItem":{"@type":"ListItem","@id":"https:\/\/filiawieruszow.bpsieradz.pl\/index.php\/category\/uncategorized\/#listItem","name":"Uncategorized"}},{"@type":"ListItem","@id":"https:\/\/filiawieruszow.bpsieradz.pl\/index.php\/category\/uncategorized\/#listItem","position":2,"name":"Uncategorized","item":"https:\/\/filiawieruszow.bpsieradz.pl\/index.php\/category\/uncategorized\/","nextItem":{"@type":"ListItem","@id":"https:\/\/filiawieruszow.bpsieradz.pl\/index.php\/2017\/01\/12\/uczymy-sie-nauczac\/#listItem","name":"Uczymy si\u0119 naucza\u0107"},"previousItem":{"@type":"ListItem","@id":"https:\/\/filiawieruszow.bpsieradz.pl#listItem","name":"Home"}},{"@type":"ListItem","@id":"https:\/\/filiawieruszow.bpsieradz.pl\/index.php\/2017\/01\/12\/uczymy-sie-nauczac\/#listItem","position":3,"name":"Uczymy si\u0119 naucza\u0107","previousItem":{"@type":"ListItem","@id":"https:\/\/filiawieruszow.bpsieradz.pl\/index.php\/category\/uncategorized\/#listItem","name":"Uncategorized"}}]},{"@type":"Organization","@id":"https:\/\/filiawieruszow.bpsieradz.pl\/#organization","name":"Biblioteka Pedagogiczna w Sieradzu Filia w Wieruszowie","url":"https:\/\/filiawieruszow.bpsieradz.pl\/","logo":{"@type":"ImageObject","url":"https:\/\/filiawieruszow.bpsieradz.pl\/wp-content\/uploads\/2025\/02\/CRE_lodzkie.jpg","@id":"https:\/\/filiawieruszow.bpsieradz.pl\/index.php\/2017\/01\/12\/uczymy-sie-nauczac\/#organizationLogo","width":323,"height":50},"image":{"@id":"https:\/\/filiawieruszow.bpsieradz.pl\/index.php\/2017\/01\/12\/uczymy-sie-nauczac\/#organizationLogo"}},{"@type":"Person","@id":"https:\/\/filiawieruszow.bpsieradz.pl\/index.php\/author\/admin\/#author","url":"https:\/\/filiawieruszow.bpsieradz.pl\/index.php\/author\/admin\/","name":"admin","image":{"@type":"ImageObject","@id":"https:\/\/filiawieruszow.bpsieradz.pl\/index.php\/2017\/01\/12\/uczymy-sie-nauczac\/#authorImage","url":"https:\/\/secure.gravatar.com\/avatar\/7c9baecea61c950fa0ace417ade1d91ec20251533a476dc4eb52114bf5576b3a?s=96&d=mm&r=g","width":96,"height":96,"caption":"admin"}},{"@type":"WebPage","@id":"https:\/\/filiawieruszow.bpsieradz.pl\/index.php\/2017\/01\/12\/uczymy-sie-nauczac\/#webpage","url":"https:\/\/filiawieruszow.bpsieradz.pl\/index.php\/2017\/01\/12\/uczymy-sie-nauczac\/","name":"Uczymy si\u0119 naucza\u0107 - Biblioteka Pedagogiczna w Sieradzu Filia w Wieruszowie","description":"\u201eUczymy si\u0119 naucza\u0107.\u201d.Richard I. Arends(Warszawa: Wydawnictwa Szkolne i Pedagogiczne, 1998) Propozycja, kt\u00f3r\u0105 przedstawiam nie nale\u017cy na pewno do nowo\u015bci wydawniczych, ale jest niew\u0105tpliwie warta polecenia. W dobie przemian edukacyjnych, reformy i zawirowa\u0144 wok\u00f3\u0142 o\u015bwiaty ka\u017cdemu nauczycielowi przyda si\u0119 usystematyzowanie wiedzy, przypomnienie zasad post\u0119powania w szkolnym \u015brodowisku, a tak\u017ce podpowiedzi w wielu kwestiach. Sprawy codziennej","inLanguage":"pl-PL","isPartOf":{"@id":"https:\/\/filiawieruszow.bpsieradz.pl\/#website"},"breadcrumb":{"@id":"https:\/\/filiawieruszow.bpsieradz.pl\/index.php\/2017\/01\/12\/uczymy-sie-nauczac\/#breadcrumblist"},"author":{"@id":"https:\/\/filiawieruszow.bpsieradz.pl\/index.php\/author\/admin\/#author"},"creator":{"@id":"https:\/\/filiawieruszow.bpsieradz.pl\/index.php\/author\/admin\/#author"},"datePublished":"2017-01-12T13:03:16+00:00","dateModified":"2017-01-12T13:03:16+00:00"},{"@type":"WebSite","@id":"https:\/\/filiawieruszow.bpsieradz.pl\/#website","url":"https:\/\/filiawieruszow.bpsieradz.pl\/","name":"Biblioteka Pedagogiczna w Sieradzu Filia w Wieruszowie","inLanguage":"pl-PL","publisher":{"@id":"https:\/\/filiawieruszow.bpsieradz.pl\/#organization"}}]},"og:locale":"pl_PL","og:site_name":"Biblioteka Pedagogiczna w Sieradzu Filia w Wieruszowie -","og:type":"article","og:title":"Uczymy si\u0119 naucza\u0107 - Biblioteka Pedagogiczna w Sieradzu Filia w Wieruszowie","og:description":"\u201eUczymy si\u0119 naucza\u0107.\u201d.Richard I. Arends(Warszawa: Wydawnictwa Szkolne i Pedagogiczne, 1998) Propozycja, kt\u00f3r\u0105 przedstawiam nie nale\u017cy na pewno do nowo\u015bci wydawniczych, ale jest niew\u0105tpliwie warta polecenia. W dobie przemian edukacyjnych, reformy i zawirowa\u0144 wok\u00f3\u0142 o\u015bwiaty ka\u017cdemu nauczycielowi przyda si\u0119 usystematyzowanie wiedzy, przypomnienie zasad post\u0119powania w szkolnym \u015brodowisku, a tak\u017ce podpowiedzi w wielu kwestiach. Sprawy codziennej","og:url":"https:\/\/filiawieruszow.bpsieradz.pl\/index.php\/2017\/01\/12\/uczymy-sie-nauczac\/","og:image":"https:\/\/filiawieruszow.bpsieradz.pl\/wp-content\/uploads\/2025\/02\/CRE_lodzkie.jpg","og:image:secure_url":"https:\/\/filiawieruszow.bpsieradz.pl\/wp-content\/uploads\/2025\/02\/CRE_lodzkie.jpg","article:published_time":"2017-01-12T13:03:16+00:00","article:modified_time":"2017-01-12T13:03:16+00:00","twitter:card":"summary_large_image","twitter:title":"Uczymy si\u0119 naucza\u0107 - Biblioteka Pedagogiczna w Sieradzu Filia w Wieruszowie","twitter:description":"\u201eUczymy si\u0119 naucza\u0107.\u201d.Richard I. Arends(Warszawa: Wydawnictwa Szkolne i Pedagogiczne, 1998) Propozycja, kt\u00f3r\u0105 przedstawiam nie nale\u017cy na pewno do nowo\u015bci wydawniczych, ale jest niew\u0105tpliwie warta polecenia. W dobie przemian edukacyjnych, reformy i zawirowa\u0144 wok\u00f3\u0142 o\u015bwiaty ka\u017cdemu nauczycielowi przyda si\u0119 usystematyzowanie wiedzy, przypomnienie zasad post\u0119powania w szkolnym \u015brodowisku, a tak\u017ce podpowiedzi w wielu kwestiach. Sprawy codziennej","twitter:image":"https:\/\/filiawieruszow.bpsieradz.pl\/wp-content\/uploads\/2025\/02\/CRE_lodzkie.jpg"},"aioseo_meta_data":{"post_id":"3419","title":null,"description":null,"keywords":null,"keyphrases":null,"primary_term":null,"canonical_url":null,"og_title":null,"og_description":null,"og_object_type":"default","og_image_type":"default","og_image_url":null,"og_image_width":null,"og_image_height":null,"og_image_custom_url":null,"og_image_custom_fields":null,"og_video":null,"og_custom_url":null,"og_article_section":null,"og_article_tags":null,"twitter_use_og":false,"twitter_card":"default","twitter_image_type":"default","twitter_image_url":null,"twitter_image_custom_url":null,"twitter_image_custom_fields":null,"twitter_title":null,"twitter_description":null,"schema":{"blockGraphs":[],"customGraphs":[],"default":{"data":{"Article":[],"Course":[],"Dataset":[],"FAQPage":[],"Movie":[],"Person":[],"Product":[],"ProductReview":[],"Car":[],"Recipe":[],"Service":[],"SoftwareApplication":[],"WebPage":[]},"graphName":"","isEnabled":true},"graphs":[]},"schema_type":"default","schema_type_options":null,"pillar_content":false,"robots_default":true,"robots_noindex":false,"robots_noarchive":false,"robots_nosnippet":false,"robots_nofollow":false,"robots_noimageindex":false,"robots_noodp":false,"robots_notranslate":false,"robots_max_snippet":null,"robots_max_videopreview":null,"robots_max_imagepreview":"large","priority":null,"frequency":null,"local_seo":null,"breadcrumb_settings":null,"limit_modified_date":false,"ai":null,"created":"2025-11-14 10:00:59","updated":"2025-11-14 10:00:59","seo_analyzer_scan_date":null},"aioseo_breadcrumb":"<div class=\"aioseo-breadcrumbs\"><span class=\"aioseo-breadcrumb\">\n\t\t\t<a href=\"https:\/\/filiawieruszow.bpsieradz.pl\" title=\"Home\">Home<\/a>\n\t\t<\/span><span class=\"aioseo-breadcrumb-separator\">&raquo;<\/span><span class=\"aioseo-breadcrumb\">\n\t\t\t<a href=\"https:\/\/filiawieruszow.bpsieradz.pl\/index.php\/category\/uncategorized\/\" title=\"Uncategorized\">Uncategorized<\/a>\n\t\t<\/span><span class=\"aioseo-breadcrumb-separator\">&raquo;<\/span><span class=\"aioseo-breadcrumb\">\n\t\t\tUczymy si\u0119 naucza\u0107\n\t\t<\/span><\/div>","aioseo_breadcrumb_json":[{"label":"Home","link":"https:\/\/filiawieruszow.bpsieradz.pl"},{"label":"Uncategorized","link":"https:\/\/filiawieruszow.bpsieradz.pl\/index.php\/category\/uncategorized\/"},{"label":"Uczymy si\u0119 naucza\u0107","link":"https:\/\/filiawieruszow.bpsieradz.pl\/index.php\/2017\/01\/12\/uczymy-sie-nauczac\/"}],"rttpg_featured_image_url":null,"rttpg_author":{"display_name":"admin","author_link":"https:\/\/filiawieruszow.bpsieradz.pl\/index.php\/author\/admin\/"},"rttpg_comment":0,"rttpg_category":"<a href=\"https:\/\/filiawieruszow.bpsieradz.pl\/index.php\/category\/uncategorized\/\" rel=\"category tag\">Uncategorized<\/a>","rttpg_excerpt":"&nbsp; \u201eUczymy si\u0119 naucza\u0107.\u201d.Richard I. Arends(Warszawa: Wydawnictwa Szkolne i Pedagogiczne, 1998) Propozycja, kt\u00f3r\u0105 przedstawiam nie nale\u017cy na pewno do nowo\u015bci wydawniczych, ale jest niew\u0105tpliwie warta polecenia. W dobie przemian edukacyjnych, ...","_links":{"self":[{"href":"https:\/\/filiawieruszow.bpsieradz.pl\/index.php\/wp-json\/wp\/v2\/posts\/3419","targetHints":{"allow":["GET"]}}],"collection":[{"href":"https:\/\/filiawieruszow.bpsieradz.pl\/index.php\/wp-json\/wp\/v2\/posts"}],"about":[{"href":"https:\/\/filiawieruszow.bpsieradz.pl\/index.php\/wp-json\/wp\/v2\/types\/post"}],"author":[{"embeddable":true,"href":"https:\/\/filiawieruszow.bpsieradz.pl\/index.php\/wp-json\/wp\/v2\/users\/1"}],"replies":[{"embeddable":true,"href":"https:\/\/filiawieruszow.bpsieradz.pl\/index.php\/wp-json\/wp\/v2\/comments?post=3419"}],"version-history":[{"count":0,"href":"https:\/\/filiawieruszow.bpsieradz.pl\/index.php\/wp-json\/wp\/v2\/posts\/3419\/revisions"}],"wp:attachment":[{"href":"https:\/\/filiawieruszow.bpsieradz.pl\/index.php\/wp-json\/wp\/v2\/media?parent=3419"}],"wp:term":[{"taxonomy":"category","embeddable":true,"href":"https:\/\/filiawieruszow.bpsieradz.pl\/index.php\/wp-json\/wp\/v2\/categories?post=3419"},{"taxonomy":"post_tag","embeddable":true,"href":"https:\/\/filiawieruszow.bpsieradz.pl\/index.php\/wp-json\/wp\/v2\/tags?post=3419"}],"curies":[{"name":"wp","href":"https:\/\/api.w.org\/{rel}","templated":true}]}}